{"id":9581,"date":"2017-01-04T11:05:42","date_gmt":"2017-01-04T11:05:42","guid":{"rendered":"https:\/\/www.lab.eus\/2020an-lan-istripuan-hildako-langileak\/"},"modified":"2022-03-02T09:24:44","modified_gmt":"2022-03-02T09:24:44","slug":"2020an-lan-istripuan-hildako-langileak","status":"publish","type":"post","link":"https:\/\/www.lab.eus\/es\/2020an-lan-istripuan-hildako-langileak\/","title":{"rendered":"2020an lan istripuan hildako langileak"},"content":{"rendered":"\n<h5 class=\"has-text-align-center wp-block-heading\"><strong><strong><strong>LAN ISTRIPUAN HILDAKO LANGILEAK:<br><\/strong><a href=\"https:\/\/www.lab.eus\/2007an-lan-istripuan-hildako-langileak\/\" data-type=\"post\" data-id=\"477\">2007<\/a>&nbsp;&#8211;&nbsp;<a href=\"https:\/\/www.lab.eus\/2008an-lan-istripuan-hildako-langileak\/\" data-type=\"post\" data-id=\"476\">2008<\/a>&nbsp;&#8211;&nbsp;<a href=\"https:\/\/www.lab.eus\/2009an-lan-istripuan-hildako-langileak\/\" data-type=\"post\" data-id=\"475\">2009<\/a>&nbsp;&#8211;&nbsp;<a href=\"https:\/\/www.lab.eus\/2010an-lan-istripuan-hildako-langileak\/\" data-type=\"post\" data-id=\"474\">2010<\/a>&nbsp;&#8211;&nbsp;<a href=\"https:\/\/www.lab.eus\/2011an-lan-istripuan-hildako-langileak\/\" data-type=\"post\" data-id=\"473\">2011<\/a>&nbsp;&#8211;&nbsp;<a href=\"https:\/\/www.lab.eus\/hildakoak\/\" data-type=\"post\" data-id=\"376\">2012<\/a>&nbsp;&#8211;&nbsp;<a href=\"https:\/\/www.lab.eus\/2013an-lan-istripuan-hildako-langileak\/\" data-type=\"post\" data-id=\"1627\">2013<\/a>&nbsp;&#8211;&nbsp;<a href=\"https:\/\/www.lab.eus\/2014an-lan-istripuan-hildako-langileak\/\" data-type=\"post\" data-id=\"2975\">2014<\/a>&nbsp;&#8211;&nbsp;<a href=\"https:\/\/www.lab.eus\/2015ean-lan-istripuan-hildako-langileak\/\" data-type=\"post\" data-id=\"4115\">2015<\/a>&nbsp;&#8211;&nbsp;<a href=\"https:\/\/www.lab.eus\/2016an-lan-istripuan-hildako-langileak\/\" data-type=\"post\" data-id=\"4878\">2016<\/a>&nbsp;&#8211;&nbsp;<a href=\"https:\/\/www.lab.eus\/2017an-lan-istripuan-hildako-langileak\/\" data-type=\"post\" data-id=\"5813\">2017<\/a>&#8211; <a href=\"https:\/\/www.lab.eus\/2018an-lan-istripuan-hildako-langileak\/\" data-type=\"post\" data-id=\"7024\">2018<\/a>&nbsp;&#8211;&nbsp;<a href=\"https:\/\/www.lab.eus\/2018an-lan-istripuan-hildako-langileak-2\/\" data-type=\"post\" data-id=\"8451\">2019<\/a>&nbsp;&#8211; <a href=\"https:\/\/www.lab.eus\/2020an-lan-istripuan-hildako-langileak\/\" data-type=\"post\" data-id=\"9581\">2020<\/a><\/strong><\/strong><\/h5>\n\n\n\n<hr class=\"wp-block-separator\"\/>\n\n\n\n<h1 class=\"has-text-align-center wp-block-heading\"><strong><span class=\"has-inline-color has-vivid-red-color\">2020<\/span><\/strong><\/h1>\n\n\n\n<h5 class=\"has-text-align-center wp-block-heading\"><strong><strong>Araba<\/strong>: 19 | <strong>Bizkaia<\/strong>: 25  |\u00a0<strong>Gipuzkoa<\/strong>: 17 | <strong>Nafarroa<\/strong>: 10 | <\/strong>Iparraldea<strong>: 3 | <\/strong>Kanpoan<strong><strong>:<\/strong>\u00a04<\/strong><\/h5>\n\n\n\n<h1 class=\"has-text-align-center wp-block-heading\"><strong><strong><span class=\"has-inline-color has-vivid-red-color\">78<\/span><\/strong><\/strong><\/h1>\n\n\n\n<hr class=\"wp-block-separator\"\/>\n\n\n\n<h2 class=\"wp-block-heading\"><strong>Prekarietateak eraildako 78. langilea<\/strong><\/h2>\n\n\n\n<figure class=\"wp-block-table is-style-stripes\"><table><tbody><tr><td><strong>Data<\/strong><\/td><td><strong>Lekua<\/strong><\/td><td><strong>Langilea<\/strong><\/td><td><strong>Lantokia<\/strong><\/td><td><strong>Zergatia<\/strong><\/td><\/tr><tr><td>20\/12\/30<\/td><td>Donostia<\/td><td>48 urte<\/td><td>Eusko Jaurlaritza<\/td><td>Itota hil da<\/td><\/tr><\/tbody><\/table><\/figure>\n\n\n\n<h2 class=\"wp-block-heading\"><strong>Prekarietateak eraildako 77. langilea<\/strong><\/h2>\n\n\n\n<figure class=\"wp-block-table is-style-stripes\"><table><tbody><tr><td><strong>Data<\/strong><\/td><td><strong>Lekua<\/strong><\/td><td><strong>Langilea<\/strong><\/td><td><strong>Lantokia<\/strong><\/td><td><strong>Zergatia<\/strong><\/td><\/tr><tr><td>20\/12\/29<\/td><td>Murga<\/td><td>59 urte<\/td><td>Aianox<\/td><td>Ez traumatikoa<\/td><\/tr><\/tbody><\/table><\/figure>\n\n\n\n<h2 class=\"wp-block-heading\"><strong>Prekarietateak eraildako 76. langilea<\/strong><\/h2>\n\n\n\n<figure class=\"wp-block-table is-style-stripes\"><table><tbody><tr><td><strong>Data<\/strong><\/td><td><strong>Lekua<\/strong><\/td><td><strong>Langilea<\/strong><\/td><td><strong>Lantokia<\/strong><\/td><td><strong>Zergatia<\/strong><\/td><\/tr><tr><td>20\/12\/16<\/td><td>Orkoien<\/td><td>&#8211;<\/td><td>Truck &amp; Whell enpresako garraiolaria, Faurecia enpresan hilda<\/td><td>Ez traumatikoa<\/td><\/tr><\/tbody><\/table><\/figure>\n\n\n\n<h2 class=\"wp-block-heading\"><strong>Prekarietateak eraildako 75. langilea<\/strong><\/h2>\n\n\n\n<figure class=\"wp-block-table is-style-stripes\"><table><tbody><tr><td><strong>Data<\/strong><\/td><td><strong>Lekua<\/strong><\/td><td><strong>Langilea<\/strong><\/td><td><strong>Lantokia<\/strong><\/td><td><strong>Zergatia<\/strong><\/td><\/tr><tr><td>20\/12\/16<\/td><td>Amurrio<\/td><td>&#8211;<\/td><td>&#8211;<\/td><td>Saratxoko saihesbideko obretan, erorketa baten ondorioz<\/td><\/tr><\/tbody><\/table><\/figure>\n\n\n\n<h2 class=\"wp-block-heading\"><strong>Prekarietateak eraildako 74. langilea<\/strong><\/h2>\n\n\n\n<figure class=\"wp-block-table is-style-stripes\"><table><tbody><tr><td><strong>Data<\/strong><\/td><td><strong>Lekua<\/strong><\/td><td><strong>Langilea<\/strong><\/td><td><strong>Lantokia<\/strong><\/td><td><strong>Zergatia<\/strong><\/td><\/tr><tr><td>20\/12\/15<\/td><td>Andoain<\/td><td>&#8211;<\/td><td>Garraiolaria<\/td><td>A-15 autobidean<\/td><\/tr><\/tbody><\/table><\/figure>\n\n\n\n<h2 class=\"wp-block-heading\"><strong>Prekarietateak eraildako 73. langilea<\/strong><\/h2>\n\n\n\n<figure class=\"wp-block-table is-style-stripes\"><table><tbody><tr><td><strong>Data<\/strong><\/td><td><strong>Lekua<\/strong><\/td><td><strong>Langilea<\/strong><\/td><td><strong>Lantokia<\/strong><\/td><td><strong>Zergatia<\/strong><\/td><\/tr><tr><td>20\/12\/12<\/td><td>Hernani<\/td><td>23 urte<\/td><td>Papelera Ziku\u00f1aga<\/td><td>In-itinere. Urrian izandako istripuaren zaurien eraginez<\/td><\/tr><\/tbody><\/table><\/figure>\n\n\n\n<h2 class=\"wp-block-heading\"><strong>Prekarietateak eraildako 72. langilea<\/strong><\/h2>\n\n\n\n<figure class=\"wp-block-table is-style-stripes\"><table><tbody><tr><td><strong>Data<\/strong><\/td><td><strong>Lekua<\/strong><\/td><td><strong>Langilea<\/strong><\/td><td><strong>Lantokia<\/strong><\/td><td><strong>Zergatia<\/strong><\/td><\/tr><tr><td>20\/12\/11<\/td><td>Azpeitia<\/td><td>J.M.A., 58 urte<\/td><td>Erraztiola Serrategia S.L.<\/td><td>Makina batek harrapatuta<\/td><\/tr><\/tbody><\/table><\/figure>\n\n\n\n<h2 class=\"wp-block-heading\"><strong>Prekarietateak eraildako 71. langilea<\/strong><\/h2>\n\n\n\n<figure class=\"wp-block-table is-style-stripes\"><table><tbody><tr><td><strong>Data<\/strong><\/td><td><strong>Lekua<\/strong><\/td><td><strong>Langilea<\/strong><\/td><td><strong>Lantokia<\/strong><\/td><td><strong>Zergatia<\/strong><\/td><\/tr><tr><td>20\/12\/07<\/td><td>Muskiz<\/td><td>J.L.B.<\/td><td>Indusal<\/td><td>Ez traumatikoa<\/td><\/tr><\/tbody><\/table><\/figure>\n\n\n\n<h2 class=\"wp-block-heading\"><strong>Prekarietateak eraildako 70. langilea<\/strong><\/h2>\n\n\n\n<figure class=\"wp-block-table is-style-stripes\"><table><tbody><tr><td><strong>Data<\/strong><\/td><td><strong>Lekua<\/strong><\/td><td><strong>Langilea<\/strong><\/td><td><strong>Lantokia<\/strong><\/td><td><strong>Zergatia<\/strong><\/td><\/tr><tr><td>20\/11\/26<\/td><td>Cenicero (Errioxa)<\/td><td>54 urte<\/td><td>Transportes Hombres Barreira (Langraiz Oka)<\/td><td>AP68an izandako istripua<\/td><\/tr><\/tbody><\/table><\/figure>\n\n\n\n<h2 class=\"wp-block-heading\"><strong>Prekarietateak eraildako 69. langilea<\/strong><\/h2>\n\n\n\n<figure class=\"wp-block-table is-style-stripes\"><table><tbody><tr><td><strong>Data<\/strong><\/td><td><strong>Lekua<\/strong><\/td><td><strong>Langilea<\/strong><\/td><td><strong>Lantokia<\/strong><\/td><td><strong>Zergatia<\/strong><\/td><\/tr><tr><td>20\/11\/25<\/td><td>Gasteiz<\/td><td>&#8211;<\/td><td>Garraiolaria<\/td><td>Ez traumatikoa. Kamioian larri, ospitalean hil<\/td><\/tr><\/tbody><\/table><\/figure>\n\n\n\n<h2 class=\"wp-block-heading\"><strong>Prekarietateak eraildako 68. langilea<\/strong><\/h2>\n\n\n\n<figure class=\"wp-block-table is-style-stripes\"><table><tbody><tr><td><strong>Data<\/strong><\/td><td><strong>Lekua<\/strong><\/td><td><strong>Langilea<\/strong><\/td><td><strong>Lantokia<\/strong><\/td><td><strong>Zergatia<\/strong><\/td><\/tr><tr><td>20\/11\/24<\/td><td>Aranaratxe<\/td><td>44 urte<\/td><td>Moi Montajes El\u00e9ctricos<\/td><td>Elektrokutatuta<\/td><\/tr><\/tbody><\/table><\/figure>\n\n\n\n<h2 class=\"wp-block-heading\"><strong>Prekarietateak eraildako 67. langilea<\/strong><\/h2>\n\n\n\n<figure class=\"wp-block-table is-style-stripes\"><table><tbody><tr><td><strong>Data<\/strong><\/td><td><strong>Lekua<\/strong><\/td><td><strong>Langilea<\/strong><\/td><td><strong>Lantokia<\/strong><\/td><td><strong>Zergatia<\/strong><\/td><\/tr><tr><td>20\/11\/18<\/td><td>Araia<\/td><td>31 urte<\/td><td>Garraiolaria<\/td><td>Ez traumatikoa. Kabinan hilik.<\/td><\/tr><\/tbody><\/table><\/figure>\n\n\n\n<h2 class=\"wp-block-heading\"><strong>Prekarietateak eraildako 66. langilea<\/strong><\/h2>\n\n\n\n<figure class=\"wp-block-table is-style-stripes\"><table><tbody><tr><td><strong>Data<\/strong><\/td><td><strong>Lekua<\/strong><\/td><td><strong>Langilea<\/strong><\/td><td><strong>Lantokia<\/strong><\/td><td><strong>Zergatia<\/strong><\/td><\/tr><tr><td>20\/11\/13<\/td><td>Oion<\/td><td>62 urte<\/td><td>Kupsa<\/td><td>Azaroaren 11n izandako suteak eragindako erreduren ondorioz<\/td><\/tr><\/tbody><\/table><\/figure>\n\n\n\n<h2 class=\"wp-block-heading\"><strong>Prekarietateak eraildako 65. langilea<\/strong><\/h2>\n\n\n\n<figure class=\"wp-block-table is-style-stripes\"><table><tbody><tr><td><strong>Data<\/strong><\/td><td><strong>Lekua<\/strong><\/td><td><strong>Langilea<\/strong><\/td><td><strong>Lantokia<\/strong><\/td><td><strong>Zergatia<\/strong><\/td><\/tr><tr><td>20\/11\/09<\/td><td>Huarte<\/td><td>&#8211;<\/td><td>&#8211;<\/td><td>Ez traumatikoa, in itinere<\/td><\/tr><\/tbody><\/table><\/figure>\n\n\n\n<h2 class=\"wp-block-heading\"><strong>Prekarietateak eraildako 64. langilea<\/strong><\/h2>\n\n\n\n<figure class=\"wp-block-table is-style-stripes\"><table><tbody><tr><td><strong>Data<\/strong><\/td><td><strong>Lekua<\/strong><\/td><td><strong>Langilea<\/strong><\/td><td><strong>Lantokia<\/strong><\/td><td><strong>Zergatia<\/strong><\/td><\/tr><tr><td>20\/11\/06<\/td><td>Delika<\/td><td>M. A. V., 56 urte<\/td><td>Arzabro Txakolina<\/td><td>Astebete lehenago izandako erorketa baten ondorioz<\/td><\/tr><\/tbody><\/table><\/figure>\n\n\n\n<h2 class=\"wp-block-heading\"><strong>Prekarietateak eraildako 63. langilea<\/strong><\/h2>\n\n\n\n<figure class=\"wp-block-table is-style-stripes\"><table><tbody><tr><td><strong>Data<\/strong><\/td><td><strong>Lekua<\/strong><\/td><td><strong>Langilea<\/strong><\/td><td><strong>Lantokia<\/strong><\/td><td><strong>Zergatia<\/strong><\/td><\/tr><tr><td>20\/10\/23<\/td><td>Orio<\/td><td>&#8211;<\/td><td>Transportes INDO<\/td><td>Iktusa, gidatzen ari zela<\/td><\/tr><\/tbody><\/table><\/figure>\n\n\n\n<h2 class=\"wp-block-heading\"><strong>Prekarietateak eraildako 62. langilea<\/strong><\/h2>\n\n\n\n<figure class=\"wp-block-table is-style-stripes\"><table><tbody><tr><td><strong>Data<\/strong><\/td><td><strong>Lekua<\/strong><\/td><td><strong>Langilea<\/strong><\/td><td><strong>Lantokia<\/strong><\/td><td><strong>Zergatia<\/strong><\/td><\/tr><tr><td>20\/10\/15<\/td><td>Donostia<\/td><td>&#8211;<\/td><td>Garraiolaria<\/td><td>AP-8 autobidean, ondoezak jota<\/td><\/tr><\/tbody><\/table><\/figure>\n\n\n\n<h2 class=\"wp-block-heading\"><strong>Prekarietateak eraildako 61. langilea<\/strong><\/h2>\n\n\n\n<figure class=\"wp-block-table is-style-stripes\"><table><tbody><tr><td><strong>Data<\/strong><\/td><td><strong>Lekua<\/strong><\/td><td><strong>Langilea<\/strong><\/td><td><strong>Lantokia<\/strong><\/td><td><strong>Zergatia<\/strong><\/td><\/tr><tr><td>20\/10\/09<\/td><td>Iru\u00f1ea<\/td><td>&#8211;<\/td><td>Elkar<\/td><td>Ez traumatikoa<\/td><\/tr><\/tbody><\/table><\/figure>\n\n\n\n<h2 class=\"wp-block-heading\"><strong>Prekarietateak eraildako 60. langilea<\/strong><\/h2>\n\n\n\n<figure class=\"wp-block-table is-style-stripes\"><table><tbody><tr><td><strong>Data<\/strong><\/td><td><strong>Lekua<\/strong><\/td><td><strong>Langilea<\/strong><\/td><td><strong>Lantokia<\/strong><\/td><td><strong>Zergatia<\/strong><\/td><\/tr><tr><td>20\/10\/07<\/td><td>Lapuebla de Labarca<\/td><td>M.G. 53 urte<\/td><td>Espada Ojeda Upategia<\/td><td>Kupel batera erorita<\/td><\/tr><\/tbody><\/table><\/figure>\n\n\n\n<h2 class=\"wp-block-heading\"><strong>Prekarietateak eraildako 59. langilea<\/strong><\/h2>\n\n\n\n<figure class=\"wp-block-table is-style-stripes\"><table><tbody><tr><td><strong>Data<\/strong><\/td><td><strong>Lekua<\/strong><\/td><td><strong>Langilea<\/strong><\/td><td><strong>Lantokia<\/strong><\/td><td><strong>Zergatia<\/strong><\/td><\/tr><tr><td>20\/10\/07<\/td><td>Lapuebla de Labarca<\/td><td>D.E. 56 urte<\/td><td>Espada Ojeda Upategia<\/td><td>Biltegi batera erorita<\/td><\/tr><\/tbody><\/table><\/figure>\n\n\n\n<h2 class=\"wp-block-heading\"><strong>Prekarietateak eraildako 58. langilea<\/strong><\/h2>\n\n\n\n<figure class=\"wp-block-table is-style-stripes\"><table><tbody><tr><td><strong>Data<\/strong><\/td><td><strong>Lekua<\/strong><\/td><td><strong>Langilea<\/strong><\/td><td><strong>Lantokia<\/strong><\/td><td><strong>Zergatia<\/strong><\/td><\/tr><tr><td>20\/10\/03<\/td><td>Trapaga<\/td><td>A.H.<\/td><td>Productos Tubulares<\/td><td>Jasotako kolpe baten ondorioz<\/td><\/tr><\/tbody><\/table><\/figure>\n\n\n\n<h2 class=\"wp-block-heading\"><strong>Prekarietateak eraildako 57. langilea<\/strong><\/h2>\n\n\n\n<figure class=\"wp-block-table is-style-stripes\"><table><tbody><tr><td><strong>Data<\/strong><\/td><td><strong>Lekua<\/strong><\/td><td><strong>Langilea<\/strong><\/td><td><strong>Lantokia<\/strong><\/td><td><strong>Zergatia<\/strong><\/td><\/tr><tr><td>20\/09\/25<\/td><td>Ont\u00f3n<\/td><td>34 urte<\/td><td>Loiuko Sisteinge enpresa<\/td><td>Erreduren ondorioz<\/td><\/tr><\/tbody><\/table><\/figure>\n\n\n\n<h2 class=\"wp-block-heading\"><strong>Prekarietateak eraildako 56. langilea<\/strong><\/h2>\n\n\n\n<figure class=\"wp-block-table is-style-stripes\"><table><tbody><tr><td><strong>Data<\/strong><\/td><td><strong>Lekua<\/strong><\/td><td><strong>Langilea<\/strong><\/td><td><strong>Lantokia<\/strong><\/td><td><strong>Zergatia<\/strong><\/td><\/tr><tr><td>20\/09\/25<\/td><td>O\u00f1ati<\/td><td>49 urte<\/td><td>Irakaskuntzako langilea<\/td><td>In itinere<\/td><\/tr><\/tbody><\/table><\/figure>\n\n\n\n<h2 class=\"wp-block-heading\"><strong>Prekarietateak eraildako 55. langilea<\/strong><\/h2>\n\n\n\n<figure class=\"wp-block-table is-style-stripes\"><table><tbody><tr><td><strong>Data<\/strong><\/td><td><strong>Lekua<\/strong><\/td><td><strong>Langilea<\/strong><\/td><td><strong>Lantokia<\/strong><\/td><td><strong>Zergatia<\/strong><\/td><\/tr><tr><td>20\/09\/04<\/td><td>Trapaga<\/td><td>25 urte<\/td><td>Langoitia, Productos Tubulares azpikontratatua<\/td><td>15-20 metrotik erorita<\/td><\/tr><\/tbody><\/table><\/figure>\n\n\n\n<h2 class=\"wp-block-heading\"><strong>Prekarietateak eraildako 54. langilea<\/strong><\/h2>\n\n\n\n<figure class=\"wp-block-table is-style-stripes\"><table><tbody><tr><td><strong>Data<\/strong><\/td><td><strong>Lekua<\/strong><\/td><td><strong>Langilea<\/strong><\/td><td><strong>Lantokia<\/strong><\/td><td><strong>Zergatia<\/strong><\/td><\/tr><tr><td>20\/08\/19<\/td><td>Zaldibar<\/td><td>A.S.<\/td><td>Verter Recycling<\/td><td>Otsailaren 6tik desagertuta Verter Recycling zabortegian<\/td><\/tr><\/tbody><\/table><\/figure>\n\n\n\n<h2 class=\"wp-block-heading\"><strong>Prekarietateak eraildako 53. langilea<\/strong><\/h2>\n\n\n\n<figure class=\"wp-block-table is-style-stripes\"><table><tbody><tr><td><strong>Data<\/strong><\/td><td><strong>Lekua<\/strong><\/td><td><strong>Langilea<\/strong><\/td><td><strong>Lantokia<\/strong><\/td><td><strong>Zergatia<\/strong><\/td><\/tr><tr><td>20\/08\/17<\/td><td>Barakaldo<\/td><td>&#8211;<\/td><td>USOA<\/td><td>Ez traumatikoa&nbsp;<\/td><\/tr><\/tbody><\/table><\/figure>\n\n\n\n<h2 class=\"wp-block-heading\"><strong>Prekarietateak eraildako 52. langilea<\/strong><\/h2>\n\n\n\n<figure class=\"wp-block-table is-style-stripes\"><table><tbody><tr><td><strong>Data<\/strong><\/td><td><strong>Lekua<\/strong><\/td><td><strong>Langilea<\/strong><\/td><td><strong>Lantokia<\/strong><\/td><td><strong>Zergatia<\/strong><\/td><\/tr><tr><td>20\/08\/05<\/td><td>Erandio<\/td><td>&#8211;<\/td><td>Astilleros Murueta<\/td><td>Bihotzekoa&nbsp;<\/td><\/tr><\/tbody><\/table><\/figure>\n\n\n\n<h2 class=\"wp-block-heading\"><strong>Prekarietateak eraildako 51. langilea<\/strong><\/h2>\n\n\n\n<figure class=\"wp-block-table is-style-stripes\"><table><tbody><tr><td><strong>Data<\/strong><\/td><td><strong>Lekua<\/strong><\/td><td><strong>Langilea<\/strong><\/td><td><strong>Lantokia<\/strong><\/td><td><strong>Zergatia<\/strong><\/td><\/tr><tr><td>20\/08\/03<\/td><td>Gipuzkoa<\/td><td>28 urte<\/td><td>BS Tech Roling Mill S.L.<\/td><td>In itinere<\/td><\/tr><\/tbody><\/table><\/figure>\n\n\n\n<h2 class=\"wp-block-heading\"><strong>Prekarietateak eraildako 50. langilea<\/strong><\/h2>\n\n\n\n<figure class=\"wp-block-table is-style-stripes\"><table><tbody><tr><td><strong>Data<\/strong><\/td><td><strong>Lekua<\/strong><\/td><td><strong>Langilea<\/strong><\/td><td><strong>Lantokia<\/strong><\/td><td><strong>Zergatia<\/strong><\/td><\/tr><tr><td>20\/07\/31<\/td><td>Arbizu<\/td><td>46 urte<\/td><td>Kale garbiketa<\/td><td>Lurrean topatu, kolpe bat buruan&nbsp;<\/td><\/tr><\/tbody><\/table><\/figure>\n\n\n\n<h2 class=\"wp-block-heading\"><strong>Prekarietateak eraildako 49. langilea<\/strong><\/h2>\n\n\n\n<figure class=\"wp-block-table is-style-stripes\"><table><tbody><tr><td><strong>Data<\/strong><\/td><td><strong>Lekua<\/strong><\/td><td><strong>Langilea<\/strong><\/td><td><strong>Lantokia<\/strong><\/td><td><strong>Zergatia<\/strong><\/td><\/tr><tr><td>20\/07\/16<\/td><td>Faltzes<\/td><td>58 urte<\/td><td>&#8211;<\/td><td>Makina batek harrapatuta&nbsp;<\/td><\/tr><\/tbody><\/table><\/figure>\n\n\n\n<h2 class=\"wp-block-heading\"><strong>Prekarietateak eraildako 48. langilea<\/strong><\/h2>\n\n\n\n<figure class=\"wp-block-table is-style-stripes\"><table><tbody><tr><td><strong>Data<\/strong><\/td><td><strong>Lekua<\/strong><\/td><td><strong>Langilea<\/strong><\/td><td><strong>Lantokia<\/strong><\/td><td><strong>Zergatia<\/strong><\/td><\/tr><tr><td>20\/07\/15<\/td><td>Santurtzi<\/td><td>54 urtetako<\/td><td>Garraiolaria<\/td><td>Bihotzekoa<\/td><\/tr><\/tbody><\/table><\/figure>\n\n\n\n<h2 class=\"wp-block-heading\"><strong>Prekarietateak eraildako 47. langilea<\/strong><\/h2>\n\n\n\n<figure class=\"wp-block-table is-style-stripes\"><table><tbody><tr><td><strong>Data<\/strong><\/td><td><strong>Lekua<\/strong><\/td><td><strong>Langilea<\/strong><\/td><td><strong>Lantokia<\/strong><\/td><td><strong>Zergatia<\/strong><\/td><\/tr><tr><td>20\/07\/10<\/td><td>Baiona<\/td><td>P. M., 58 urte<\/td><td>Chronoplus garraio zerbitzua<\/td><td>Uztailaren 5eko erasoaren ondorioz<\/td><\/tr><\/tbody><\/table><\/figure>\n\n\n\n<h2 class=\"wp-block-heading\"><strong>Prekarietateak eraildako 46. langilea<\/strong><\/h2>\n\n\n\n<figure class=\"wp-block-table is-style-stripes\"><table><tbody><tr><td><strong>Data<\/strong><\/td><td><strong>Lekua<\/strong><\/td><td><strong>Langilea<\/strong><\/td><td><strong>Lantokia<\/strong><\/td><td><strong>Zergatia<\/strong><\/td><\/tr><tr><td>20\/07\/06<\/td><td>Gasteiz<\/td><td>&#8211;<\/td><td>Izobex Construcciones, Adaniak azpikontratatuta<\/td><td>Kamioi baten atoitik erorita, ekainaren 29an<\/td><\/tr><\/tbody><\/table><\/figure>\n\n\n\n<h2 class=\"wp-block-heading\"><strong>Prekarietateak eraildako 45. langilea<\/strong><\/h2>\n\n\n\n<figure class=\"wp-block-table is-style-stripes\"><table><tbody><tr><td><strong>Data<\/strong><\/td><td><strong>Lekua<\/strong><\/td><td><strong>Langilea<\/strong><\/td><td><strong>Lantokia<\/strong><\/td><td><strong>Zergatia<\/strong><\/td><\/tr><tr><td>20\/07\/03<\/td><td>Muxika<\/td><td>V.I., 50 urte<\/td><td>Forestales Ugarriza S.A.<\/td><td>Basozain lanetan<\/td><\/tr><\/tbody><\/table><\/figure>\n\n\n\n<h2 class=\"wp-block-heading\"><strong>Prekarietateak eraildako 44. langilea<\/strong><\/h2>\n\n\n\n<figure class=\"wp-block-table is-style-stripes\"><table><tbody><tr><td><strong>Data<\/strong><\/td><td><strong>Lekua<\/strong><\/td><td><strong>Langilea<\/strong><\/td><td><strong>Lantokia<\/strong><\/td><td><strong>Zergatia<\/strong><\/td><\/tr><tr><td>20\/07\/02<\/td><td>Irun<\/td><td>&#8211;<\/td><td>Autonomoa<\/td><td>Istripua, GI-636 errepidean<\/td><\/tr><\/tbody><\/table><\/figure>\n\n\n\n<h2 class=\"wp-block-heading\"><strong>Prekarietateak eraildako 43. langilea<\/strong><\/h2>\n\n\n\n<figure class=\"wp-block-table is-style-stripes\"><table><tbody><tr><td><strong>Data<\/strong><\/td><td><strong>Lekua<\/strong><\/td><td><strong>Langilea<\/strong><\/td><td><strong>Lantokia<\/strong><\/td><td><strong>Zergatia<\/strong><\/td><\/tr><tr><td>20\/06\/26<\/td><td>Santurtzi<\/td><td>63 urte<\/td><td>Portuko polizia<\/td><td>Ekainaren 21ean izan bihotzekoaren ondorioz<\/td><\/tr><\/tbody><\/table><\/figure>\n\n\n\n<h2 class=\"wp-block-heading\"><strong>Prekarietateak eraildako 42. langilea<\/strong><\/h2>\n\n\n\n<figure class=\"wp-block-table is-style-stripes\"><table><tbody><tr><td><strong>Data<\/strong><\/td><td><strong>Lekua<\/strong><\/td><td><strong>Langilea<\/strong><\/td><td><strong>Lantokia<\/strong><\/td><td><strong>Zergatia<\/strong><\/td><\/tr><tr><td>20\/06\/24<\/td><td>Irura<\/td><td>&#8211;<\/td><td>Autonomoa<\/td><td>Pintatze lanetan, 7 metrotik erorita<\/td><\/tr><\/tbody><\/table><\/figure>\n\n\n\n<h2 class=\"wp-block-heading\"><strong>Prekarietateak eraildako 41. langilea<\/strong><\/h2>\n\n\n\n<figure class=\"wp-block-table is-style-stripes\"><table><tbody><tr><td><strong>Data<\/strong><\/td><td><strong>Lekua<\/strong><\/td><td><strong>Langilea<\/strong><\/td><td><strong>Lantokia<\/strong><\/td><td><strong>Zergatia<\/strong><\/td><\/tr><tr><td>20\/06\/21<\/td><td>Ozeano Indikoa<\/td><td>27 urte<\/td><td>Bermeoko Inpesca, \u201cTxori Gorri\u201d atunontzia<\/td><td>Ekainaren 20an izan zen istripua<\/td><\/tr><\/tbody><\/table><\/figure>\n\n\n\n<h2 class=\"wp-block-heading\"><strong>Prekarietateak eraildako 40. langilea<\/strong><\/h2>\n\n\n\n<figure class=\"wp-block-table is-style-stripes\"><table><tbody><tr><td><strong>Data<\/strong><\/td><td><strong>Lekua<\/strong><\/td><td><strong>Langilea<\/strong><\/td><td><strong>Lantokia<\/strong><\/td><td><strong>Zergatia<\/strong><\/td><\/tr><tr><td>20\/06\/16<\/td><td>Gasteiz<\/td><td>M.C.L. 55 urte<\/td><td>Garraiolaria<\/td><td>Ez traumatikoa<\/td><\/tr><\/tbody><\/table><\/figure>\n\n\n\n<h2 class=\"wp-block-heading\"><strong>Prekarietateak eraildako 39. langilea<\/strong><\/h2>\n\n\n\n<figure class=\"wp-block-table is-style-stripes\"><table><tbody><tr><td><strong>Data<\/strong><\/td><td><strong>Lekua<\/strong><\/td><td><strong>Langilea<\/strong><\/td><td><strong>Lantokia<\/strong><\/td><td><strong>Zergatia<\/strong><\/td><\/tr><tr><td>20\/06\/01<\/td><td>Urizaharra<\/td><td>66 urte<\/td><td>Abeltzaina<\/td><td>Traktoreak harrapatuta<\/td><\/tr><\/tbody><\/table><\/figure>\n\n\n\n<h2 class=\"wp-block-heading\"><strong>Prekarietateak eraildako 38. langilea<\/strong><\/h2>\n\n\n\n<figure class=\"wp-block-table is-style-stripes\"><table><tbody><tr><td><strong>Data<\/strong><\/td><td><strong>Lekua<\/strong><\/td><td><strong>Langilea<\/strong><\/td><td><strong>Lantokia<\/strong><\/td><td><strong>Zergatia<\/strong><\/td><\/tr><tr><td>20\/05\/20<\/td><td>Santurtzi<\/td><td>37 urte<\/td><td>Vulcanizados Retuerto<\/td><td>Pieza handi bat gainera erorita<\/td><\/tr><\/tbody><\/table><\/figure>\n\n\n\n<h2 class=\"wp-block-heading\"><strong>Prekarietateak eraildako 37. langilea<\/strong><\/h2>\n\n\n\n<figure class=\"wp-block-table is-style-stripes\"><table><tbody><tr><td><strong>Data<\/strong><\/td><td><strong>Lekua<\/strong><\/td><td><strong>Langilea<\/strong><\/td><td><strong>Lantokia<\/strong><\/td><td><strong>Zergatia<\/strong><\/td><\/tr><tr><td>20\/05\/19<\/td><td>Beasain<\/td><td>29 urte<\/td><td>Il Circo Italiano<\/td><td>Altueratik erorita, entsegu batean<\/td><\/tr><\/tbody><\/table><\/figure>\n\n\n\n<h2 class=\"wp-block-heading\"><strong>Prekarietateak eraildako 36. langilea<\/strong><\/h2>\n\n\n\n<figure class=\"wp-block-table is-style-stripes\"><table><tbody><tr><td><strong>Data<\/strong><\/td><td><strong>Lekua<\/strong><\/td><td><strong>Langilea<\/strong><\/td><td><strong>Lantokia<\/strong><\/td><td><strong>Zergatia<\/strong><\/td><\/tr><tr><td>20\/05\/18<\/td><td>Beriain<\/td><td>54 urte<\/td><td>Log\u00edstica y Reciclajes Urradi S.L<\/td><td>Kamioiaren azpian aurkituta<\/td><\/tr><\/tbody><\/table><\/figure>\n\n\n\n<h2 class=\"wp-block-heading\"><strong>Prekarietateak eraildako 35. langilea<\/strong><\/h2>\n\n\n\n<figure class=\"wp-block-table is-style-stripes\"><table><tbody><tr><td><strong>Data<\/strong><\/td><td><strong>Lekua<\/strong><\/td><td><strong>Langilea<\/strong><\/td><td><strong>Lantokia<\/strong><\/td><td><strong>Zergatia<\/strong><\/td><\/tr><tr><td>20\/05\/05<\/td><td>Aiara<\/td><td>40 urte<\/td><td>Forestales Frias<\/td><td>Pinu bat gainean erorita<\/td><\/tr><\/tbody><\/table><\/figure>\n\n\n\n<h2 class=\"wp-block-heading\"><strong>Prekarietateak eraildako 34. langilea<\/strong><\/h2>\n\n\n\n<figure class=\"wp-block-table is-style-stripes\"><table><tbody><tr><td><strong>Data<\/strong><\/td><td><strong>Lekua<\/strong><\/td><td><strong>Langilea<\/strong><\/td><td><strong>Lantokia<\/strong><\/td><td><strong>Zergatia<\/strong><\/td><\/tr><tr><td>20\/04\/23<\/td><td>Gasteiz<\/td><td>&#8211;<\/td><td>Caser helduen egoitza<\/td><td>Koronabirus<\/td><\/tr><\/tbody><\/table><\/figure>\n\n\n\n<h2 class=\"wp-block-heading\"><strong>Prekarietateak eraildako 33. langilea<\/strong><\/h2>\n\n\n\n<figure class=\"wp-block-table is-style-stripes\"><table><tbody><tr><td><strong>Data<\/strong><\/td><td><strong>Lekua<\/strong><\/td><td><strong>Langilea<\/strong><\/td><td><strong>Lantokia<\/strong><\/td><td><strong>Zergatia<\/strong><\/td><\/tr><tr><td>20\/04\/22<\/td><td>Esc\u00f3 (Aragoi)<\/td><td>45 urteko nafarra<\/td><td>Garraioa<\/td><td>Kamioia iraulita, N-240 errepidean<\/td><\/tr><\/tbody><\/table><\/figure>\n\n\n\n<h2 class=\"wp-block-heading\"><strong>Prekarietateak eraildako 32. langilea<\/strong><\/h2>\n\n\n\n<figure class=\"wp-block-table is-style-stripes\"><table><tbody><tr><td><strong>Data<\/strong><\/td><td><strong>Lekua<\/strong><\/td><td><strong>Langilea<\/strong><\/td><td><strong>Lantokia<\/strong><\/td><td><strong>Zergatia<\/strong><\/td><\/tr><tr><td>20\/04\/19<\/td><td>Zamudio<\/td><td>&#8211;<\/td><td>Grupo Gestamp<\/td><td>Ez traumatikoa<\/td><\/tr><\/tbody><\/table><\/figure>\n\n\n\n<h2 class=\"wp-block-heading\"><strong>Prekarietateak eraildako 31. langilea<\/strong><\/h2>\n\n\n\n<figure class=\"wp-block-table is-style-stripes\"><table><tbody><tr><td><strong>Data<\/strong><\/td><td><strong>Lekua<\/strong><\/td><td><strong>Langilea<\/strong><\/td><td><strong>Lantokia<\/strong><\/td><td><strong>Zergatia<\/strong><\/td><\/tr><tr><td>20\/04\/16<\/td><td>Arrigorriaga<\/td><td>56 urte<\/td><td>Talleres Berasategui<\/td><td>&#8211;<\/td><\/tr><\/tbody><\/table><\/figure>\n\n\n\n<h2 class=\"wp-block-heading\"><strong>Prekarietateak eraildako 30. langilea<\/strong><\/h2>\n\n\n\n<figure class=\"wp-block-table is-style-stripes\"><table><tbody><tr><td><strong>Data<\/strong><\/td><td><strong>Lekua<\/strong><\/td><td><strong>Langilea<\/strong><\/td><td><strong>Lantokia<\/strong><\/td><td><strong>Zergatia<\/strong><\/td><\/tr><tr><td>20\/04\/15<\/td><td>Pasaia<\/td><td>&#8211;<\/td><td>Garraiolaria<\/td><td>Ez traumatikoa<\/td><\/tr><\/tbody><\/table><\/figure>\n\n\n\n<h2 class=\"wp-block-heading\"><strong>Prekarietateak eraildako 29. langilea<\/strong><\/h2>\n\n\n\n<figure class=\"wp-block-table is-style-stripes\"><table><tbody><tr><td><strong>Data<\/strong><\/td><td><strong>Lekua<\/strong><\/td><td><strong>Langilea<\/strong><\/td><td><strong>Lantokia<\/strong><\/td><td><strong>Zergatia<\/strong><\/td><\/tr><tr><td>20\/04\/11<\/td><td>&#8211;<\/td><td>58 urte<\/td><td>Lesakako Arcelor Mittal<\/td><td>Koronabirusa<\/td><\/tr><\/tbody><\/table><\/figure>\n\n\n\n<h2 class=\"wp-block-heading\"><strong>Prekarietateak eraildako 28. langilea<\/strong><\/h2>\n\n\n\n<figure class=\"wp-block-table is-style-stripes\"><table><tbody><tr><td><strong>Data<\/strong><\/td><td><strong>Lekua<\/strong><\/td><td><strong>Langilea<\/strong><\/td><td><strong>Lantokia<\/strong><\/td><td><strong>Zergatia<\/strong><\/td><\/tr><tr><td>20\/04\/07<\/td><td>Oragarre<\/td><td>55 urte<\/td><td>Nekazaritza<\/td><td>Traktorearekin istripua<\/td><\/tr><\/tbody><\/table><\/figure>\n\n\n\n<h2 class=\"wp-block-heading\"><strong>Prekarietateak eraildako 27. langilea<\/strong><\/h2>\n\n\n\n<figure class=\"wp-block-table is-style-stripes\"><table><tbody><tr><td><strong>Data<\/strong><\/td><td><strong>Lekua<\/strong><\/td><td><strong>Langilea<\/strong><\/td><td><strong>Lantokia<\/strong><\/td><td><strong>Zergatia<\/strong><\/td><\/tr><tr><td>20\/04\/04<\/td><td>Barakaldo<\/td><td>36 urte<\/td><td>IMQ Zorrozaurre<\/td><td>Koronabirusak eraginda<\/td><\/tr><\/tbody><\/table><\/figure>\n\n\n\n<h2 class=\"wp-block-heading\"><strong>Prekarietateak eraildako 26. langilea<\/strong><\/h2>\n\n\n\n<figure class=\"wp-block-table is-style-stripes\"><table><tbody><tr><td><strong>Data<\/strong><\/td><td><strong>Lekua<\/strong><\/td><td><strong>Langilea<\/strong><\/td><td><strong>Lantokia<\/strong><\/td><td><strong>Zergatia<\/strong><\/td><\/tr><tr><td>20\/03\/30<\/td><td>Urduliz<\/td><td>&#8211;<\/td><td>Mecaner S.A.<\/td><td>Ez traumatikoa<\/td><\/tr><\/tbody><\/table><\/figure>\n\n\n\n<h2 class=\"wp-block-heading\"><strong>Prekarietateak eraildako 25. langilea<\/strong><\/h2>\n\n\n\n<figure class=\"wp-block-table is-style-stripes\"><table><tbody><tr><td><strong>Data<\/strong><\/td><td><strong>Lekua<\/strong><\/td><td><strong>Langilea<\/strong><\/td><td><strong>Lantokia<\/strong><\/td><td><strong>Zergatia<\/strong><\/td><\/tr><tr><td>20\/03\/23<\/td><td>AP-8<\/td><td>54 urte<\/td><td>Asfaltia<\/td><td>Ez traumatikoa<\/td><\/tr><\/tbody><\/table><\/figure>\n\n\n\n<h2 class=\"wp-block-heading\"><strong>Prekarietateak eraildako 24. langilea<\/strong><\/h2>\n\n\n\n<figure class=\"wp-block-table is-style-stripes\"><table><tbody><tr><td><strong>Data<\/strong><\/td><td><strong>Lekua<\/strong><\/td><td><strong>Langilea<\/strong><\/td><td><strong>Lantokia<\/strong><\/td><td><strong>Zergatia<\/strong><\/td><\/tr><tr><td>20\/03\/18<\/td><td>Bilbo<\/td><td>52 urte<\/td><td>Galdakaoko ospitalea<\/td><td>Koronabirusak eraginda<\/td><\/tr><\/tbody><\/table><\/figure>\n\n\n\n<h2 class=\"wp-block-heading\"><strong>Prekarietateak eraildako 23. langilea<\/strong><\/h2>\n\n\n\n<figure class=\"wp-block-table is-style-stripes\"><table><tbody><tr><td><strong>Data<\/strong><\/td><td><strong>Lekua<\/strong><\/td><td><strong>Langilea<\/strong><\/td><td><strong>Lantokia<\/strong><\/td><td><strong>Zergatia<\/strong><\/td><\/tr><tr><td>20\/03\/09<\/td><td>Tolosa<\/td><td>25 urte<\/td><td>Normikro (Leioa)<\/td><td>Misioan<\/td><\/tr><\/tbody><\/table><\/figure>\n\n\n\n<h2 class=\"wp-block-heading\"><strong>Prekarietateak eraildako 22. langilea<\/strong><\/h2>\n\n\n\n<figure class=\"wp-block-table is-style-stripes\"><table><tbody><tr><td><strong>Data<\/strong><\/td><td><strong>Lekua<\/strong><\/td><td><strong>Langilea<\/strong><\/td><td><strong>Lantokia<\/strong><\/td><td><strong>Zergatia<\/strong><\/td><\/tr><tr><td>20\/03\/06<\/td><td>Legarda<\/td><td>45 urte<\/td><td>Garraiolaria<\/td><td>Auto batek harrapatuta<\/td><\/tr><\/tbody><\/table><\/figure>\n\n\n\n<h2 class=\"wp-block-heading\"><strong>Prekarietateak eraildako 21. langilea<\/strong><\/h2>\n\n\n\n<figure class=\"wp-block-table is-style-stripes\"><table><tbody><tr><td><strong>Data<\/strong><\/td><td><strong>Lekua<\/strong><\/td><td><strong>Langilea<\/strong><\/td><td><strong>Lantokia<\/strong><\/td><td><strong>Zergatia<\/strong><\/td><\/tr><tr><td>20\/03\/06<\/td><td>Azkoitia<\/td><td>&#8211;<\/td><td>Txurro-denda bat<\/td><td>Sute baten ondorioz<\/td><\/tr><\/tbody><\/table><\/figure>\n\n\n\n<h2 class=\"wp-block-heading\"><strong>Prekarietateak eraildako 20. langilea<\/strong><\/h2>\n\n\n\n<figure class=\"wp-block-table is-style-stripes\"><table><tbody><tr><td><strong>Data<\/strong><\/td><td><strong>Lekua<\/strong><\/td><td><strong>Langilea<\/strong><\/td><td><strong>Lantokia<\/strong><\/td><td><strong>Zergatia<\/strong><\/td><\/tr><tr><td>20\/03\/06<\/td><td>Azkoitia<\/td><td>&#8211;<\/td><td>Txurro-denda bat<\/td><td>Sute baten ondorioz<\/td><\/tr><\/tbody><\/table><\/figure>\n\n\n\n<h2 class=\"wp-block-heading\"><strong>Prekarietateak eraildako 19. langilea<\/strong><\/h2>\n\n\n\n<figure class=\"wp-block-table is-style-stripes\"><table><tbody><tr><td><strong>Data<\/strong><\/td><td><strong>Lekua<\/strong><\/td><td><strong>Langilea<\/strong><\/td><td><strong>Lantokia<\/strong><\/td><td><strong>Zergatia<\/strong><\/td><\/tr><tr><td>20\/03\/05<\/td><td>Bilbo<\/td><td>&#8211;<\/td><td>Autonomoa<\/td><td>Bi egun lehenago izan zuen istripua<\/td><\/tr><\/tbody><\/table><\/figure>\n\n\n\n<h2 class=\"wp-block-heading\"><strong>Prekarietateak eraildako 18. langilea<\/strong><\/h2>\n\n\n\n<figure class=\"wp-block-table is-style-stripes\"><table><tbody><tr><td><strong>Data<\/strong><\/td><td><strong>Lekua<\/strong><\/td><td><strong>Langilea<\/strong><\/td><td><strong>Lantokia<\/strong><\/td><td><strong>Zergatia<\/strong><\/td><\/tr><tr><td>20\/02\/27<\/td><td>Araba<\/td><td>48 urte<\/td><td>Bulletvan Express S.L.<\/td><td>In itinere<\/td><\/tr><\/tbody><\/table><\/figure>\n\n\n\n<h2 class=\"wp-block-heading\"><strong>Prekarietateak eraildako 17. langilea<\/strong><\/h2>\n\n\n\n<figure class=\"wp-block-table is-style-stripes\"><table><tbody><tr><td><strong>Data<\/strong><\/td><td><strong>Lekua<\/strong><\/td><td><strong>Langilea<\/strong><\/td><td><strong>Lantokia<\/strong><\/td><td><strong>Zergatia<\/strong><\/td><\/tr><tr><td>20\/02\/25<\/td><td>Murga<\/td><td>&#8211;<\/td><td>Zorrotza Gestion de Residuos<\/td><td>Altueratik erorita<\/td><\/tr><\/tbody><\/table><\/figure>\n\n\n\n<h2 class=\"wp-block-heading\"><strong>Prekarietateak eraildako 16. langilea<\/strong><\/h2>\n\n\n\n<figure class=\"wp-block-table is-style-stripes\"><table><tbody><tr><td><strong>Data<\/strong><\/td><td><strong>Lekua<\/strong><\/td><td><strong>Langilea<\/strong><\/td><td><strong>Lantokia<\/strong><\/td><td><strong>Zergatia<\/strong><\/td><\/tr><tr><td>20\/02\/20<\/td><td>Gasteiz<\/td><td>&#8211;<\/td><td>Estructuras Frutos<\/td><td>Autopsiaren zain<\/td><\/tr><\/tbody><\/table><\/figure>\n\n\n\n<h2 class=\"wp-block-heading\"><strong>Prekarietateak eraildako 15. langilea<\/strong><\/h2>\n\n\n\n<figure class=\"wp-block-table is-style-stripes\"><table><tbody><tr><td><strong>Data<\/strong><\/td><td><strong>Lekua<\/strong><\/td><td><strong>Langilea<\/strong><\/td><td><strong>Lantokia<\/strong><\/td><td><strong>Zergatia<\/strong><\/td><\/tr><tr><td>20\/02\/06<\/td><td>Zaldibar<\/td><td>J. B. 51 urte<\/td><td>Verter Recycling<\/td><td>Lur-jausi batek harrapatuta<\/td><\/tr><\/tbody><\/table><\/figure>\n\n\n\n<h2 class=\"wp-block-heading\"><strong>Prekarietateak eraildako 14. langilea<\/strong><\/h2>\n\n\n\n<figure class=\"wp-block-table is-style-stripes\"><table><tbody><tr><td><strong>Data<\/strong><\/td><td><strong>Lekua<\/strong><\/td><td><strong>Langilea<\/strong><\/td><td><strong>Lantokia<\/strong><\/td><td><strong>Zergatia<\/strong><\/td><\/tr><tr><td>20\/02\/06<\/td><td>Zaldibar<\/td><td>A. S. 62 urte<\/td><td>Verter Recycling<\/td><td>Lur-jausi batek harrapatuta<\/td><\/tr><\/tbody><\/table><\/figure>\n\n\n\n<h2 class=\"wp-block-heading\"><strong>Prekarietateak eraildako 13. langilea<\/strong><\/h2>\n\n\n\n<figure class=\"wp-block-table is-style-stripes\"><table><tbody><tr><td><strong>Data<\/strong><\/td><td><strong>Lekua<\/strong><\/td><td><strong>Langilea<\/strong><\/td><td><strong>Lantokia<\/strong><\/td><td><strong>Zergatia<\/strong><\/td><\/tr><tr><td>20\/02\/04<\/td><td>Santurtzi<\/td><td>G.N.C., 60 urte<\/td><td>Zamakola Ontziola. Kontrata: Ingetec Naval.<\/td><td>Garabiak harrapatuta<\/td><\/tr><\/tbody><\/table><\/figure>\n\n\n\n<h2 class=\"wp-block-heading\"><strong>Prekarietateak eraildako 12. langilea<\/strong><\/h2>\n\n\n\n<figure class=\"wp-block-table is-style-stripes\"><table><tbody><tr><td><strong>Data<\/strong><\/td><td><strong>Lekua<\/strong><\/td><td><strong>Langilea<\/strong><\/td><td><strong>Lantokia<\/strong><\/td><td><strong>Zergatia<\/strong><\/td><\/tr><tr><td>20\/02\/03<\/td><td>Galdakao<\/td><td>A.M.T. 40 urte<\/td><td>GHI Hornos Industriales. Tecresa azpikontrata<\/td><td>Tolba batek harrapatuta<\/td><\/tr><\/tbody><\/table><\/figure>\n\n\n\n<h2 class=\"wp-block-heading\"><strong>Prekarietateak eraildako 11. langilea<\/strong><\/h2>\n\n\n\n<figure class=\"wp-block-table is-style-stripes\"><table><tbody><tr><td><strong>Data<\/strong><\/td><td><strong>Lekua<\/strong><\/td><td><strong>Langilea<\/strong><\/td><td><strong>Lantokia<\/strong><\/td><td><strong>Zergatia<\/strong><\/td><\/tr><tr><td>20\/01\/27<\/td><td>Bilbo<\/td><td>T.A.V. 53 urte<\/td><td>Margolaria<\/td><td>In itinere<\/td><\/tr><\/tbody><\/table><\/figure>\n\n\n\n<h2 class=\"wp-block-heading\"><strong>Prekarietateak eraildako 10. langilea<\/strong><\/h2>\n\n\n\n<figure class=\"wp-block-table is-style-stripes\"><table><tbody><tr><td><strong>Data<\/strong><\/td><td><strong>Lekua<\/strong><\/td><td><strong>Langilea<\/strong><\/td><td><strong>Lantokia<\/strong><\/td><td><strong>Zergatia<\/strong><\/td><\/tr><tr><td>20\/01\/27<\/td><td>Artatza<\/td><td>F.J.S. 55 urte<\/td><td>Artatzako kanpina<\/td><td>Altueratik erorita<\/td><\/tr><\/tbody><\/table><\/figure>\n\n\n\n<h2 class=\"wp-block-heading\"><strong>Prekarietateak eraildako 9. langilea<\/strong><\/h2>\n\n\n\n<figure class=\"wp-block-table is-style-stripes\"><table><tbody><tr><td><strong>Data<\/strong><\/td><td><strong>Lekua<\/strong><\/td><td><strong>Langilea<\/strong><\/td><td><strong>Lantokia<\/strong><\/td><td><strong>Zergatia<\/strong><\/td><\/tr><tr><td>20\/01\/22<\/td><td>Sunbilla<\/td><td>A.E.H. 52 urte<\/td><td>&#8211;<\/td><td>Kamioi palak harrapatuta<\/td><\/tr><\/tbody><\/table><\/figure>\n\n\n\n<h2 class=\"wp-block-heading\"><strong>Prekarietateak eraildako 8. langilea<\/strong><\/h2>\n\n\n\n<figure class=\"wp-block-table is-style-stripes\"><table><tbody><tr><td><strong>Data<\/strong><\/td><td><strong>Lekua<\/strong><\/td><td><strong>Langilea<\/strong><\/td><td><strong>Lantokia<\/strong><\/td><td><strong>Zergatia<\/strong><\/td><\/tr><tr><td>20\/01\/22<\/td><td>Olaberria<\/td><td>J.M.A.R. 59 urte<\/td><td>Arcelor Mital kontrata;<br>Santillan enpresako langilea<\/td><td>Kamioiak harrapatuta<\/td><\/tr><\/tbody><\/table><\/figure>\n\n\n\n<h2 class=\"wp-block-heading\"><strong>Prekarietateak eraildako 7. langilea<\/strong><\/h2>\n\n\n\n<figure class=\"wp-block-table is-style-stripes\"><table><tbody><tr><td><strong>Data<\/strong><\/td><td><strong>Lekua<\/strong><\/td><td><strong>Langilea<\/strong><\/td><td><strong>Lantokia<\/strong><\/td><td><strong>Zergatia<\/strong><\/td><\/tr><tr><td>20\/01\/15<\/td><td>Bizkaia<\/td><td>63 urte<\/td><td>Confederaci\u00f3n Hidrogr\u00e1fica del Cant\u00e1brico<\/td><td>Ez traumatikoa<\/td><\/tr><\/tbody><\/table><\/figure>\n\n\n\n<h2 class=\"wp-block-heading\"><strong>Prekarietateak eraildako 6. langilea<\/strong><\/h2>\n\n\n\n<figure class=\"wp-block-table is-style-stripes\"><table><tbody><tr><td><strong>Data<\/strong><\/td><td><strong>Lekua<\/strong><\/td><td><strong>Langilea<\/strong><\/td><td><strong>Lantokia<\/strong><\/td><td><strong>Zergatia<\/strong><\/td><\/tr><tr><td>20\/01\/08<\/td><td>Lantaron<\/td><td>52 urte<\/td><td>Braseli Tubos<\/td><td>Tubo batekin kolpea jasota<\/td><\/tr><\/tbody><\/table><\/figure>\n\n\n\n<h2 class=\"wp-block-heading\"><strong>Prekarietateak eraildako 5. langilea<\/strong><\/h2>\n\n\n\n<figure class=\"wp-block-table is-style-stripes\"><table><tbody><tr><td><strong>Data<\/strong><\/td><td><strong>Lekua<\/strong><\/td><td><strong>Langilea<\/strong><\/td><td><strong>Lantokia<\/strong><\/td><td><strong>Zergatia<\/strong><\/td><\/tr><tr><td>20\/01\/08<\/td><td>Igorre<\/td><td>B.T.C. 25 urte<\/td><td>Gestamp-eko lagilea, Mercedesen lanean<\/td><td>In mision<\/td><\/tr><\/tbody><\/table><\/figure>\n\n\n\n<h2 class=\"wp-block-heading\"><strong>Prekarietateak eraildako 4. langilea<\/strong><\/h2>\n\n\n\n<figure class=\"wp-block-table is-style-stripes\"><table><tbody><tr><td><strong>Data<\/strong><\/td><td><strong>Lekua<\/strong><\/td><td><strong>Langilea<\/strong><\/td><td><strong>Lantokia<\/strong><\/td><td><strong>Zergatia<\/strong><\/td><\/tr><tr><td>20\/01\/04<\/td><td>Bilbo<\/td><td>P.G.F. 47 urte<\/td><td>El Corte Ingl\u00e9s<\/td><td>Ez traumatikoa<\/td><\/tr><\/tbody><\/table><\/figure>\n\n\n\n<h2 class=\"wp-block-heading\"><strong>Prekarietateak eraildako 3. langilea<\/strong><\/h2>\n\n\n\n<figure class=\"wp-block-table is-style-stripes\"><table><tbody><tr><td><strong>Data<\/strong><\/td><td><strong>Lekua<\/strong><\/td><td><strong>Langilea<\/strong><\/td><td><strong>Lantokia<\/strong><\/td><td><strong>Zergatia<\/strong><\/td><\/tr><tr><td>20\/01\/04<\/td><td>Bilbo<\/td><td>R.T. 38 urte<\/td><td>&#8211;<\/td><td>In itinere<\/td><\/tr><\/tbody><\/table><\/figure>\n\n\n\n<figure class=\"wp-block-table is-style-stripes\"><table><tbody><tr><td><\/td><td><\/td><td><\/td><td><\/td><td><\/td><\/tr><tr><td><\/td><td><\/td><td><\/td><td><\/td><td><\/td><\/tr><\/tbody><\/table><\/figure>\n\n\n\n<h2 class=\"wp-block-heading\"><strong>Prekarietateak eraildako 2. langilea<\/strong><\/h2>\n\n\n\n<figure class=\"wp-block-table is-style-stripes\"><table><tbody><tr><td><strong>Data<\/strong><\/td><td><strong>Lekua<\/strong><\/td><td><strong>Langilea<\/strong><\/td><td><strong>Lantokia<\/strong><\/td><td><strong>Zergatia<\/strong><\/td><\/tr><tr><td>20\/01\/02<\/td><td>Jatsu<\/td><td>38 urte<\/td><td>Nekazaritza<\/td><td>Lasto fardoa gainera erorita<\/td><\/tr><\/tbody><\/table><\/figure>\n\n\n\n<h2 class=\"wp-block-heading\"><strong>Prekarietateak eraildako 1. langilea<\/strong><\/h2>\n\n\n\n<figure class=\"wp-block-table is-style-stripes\"><table><tbody><tr><td><strong>Data<\/strong><\/td><td><strong>Lekua<\/strong><\/td><td><strong>Langilea<\/strong><\/td><td><strong>Lantokia<\/strong><\/td><td><strong>Zergatia<\/strong><\/td><\/tr><tr><td>20\/01\/02<\/td><td>Gasteiz<\/td><td>J.T.P. 55 urte<\/td><td>Arnaiz ASC 21 S.L<\/td><td>Altueratik erorita<\/td><\/tr><\/tbody><\/table><\/figure>\n\n\n\n<p><\/p>\n","protected":false},"excerpt":{"rendered":"<p>LAN ISTRIPUAN HILDAKO LANGILEAK:2007&nbsp;&#8211;&nbsp;2008&nbsp;&#8211;&nbsp;2009&nbsp;&#8211;&nbsp;2010&nbsp;&#8211;&nbsp;2011&nbsp;&#8211;&nbsp;2012&nbsp;&#8211;&nbsp;2013&nbsp;&#8211;&nbsp;2014&nbsp;&#8211;&nbsp;2015&nbsp;&#8211;&nbsp;2016&nbsp;&#8211;&nbsp;2017&#8211; 2018&nbsp;&#8211;&nbsp;2019&nbsp;&#8211; 2020 2020 Araba: 19 | Bizkaia: 25 |\u00a0Gipuzkoa: 17 | Nafarroa: 10 | Iparraldea: 3 | Kanpoan:\u00a04 78 Prekarietateak eraildako 78. langilea Data Lekua Langilea Lantokia Zergatia 20\/12\/30 Donostia 48 urte Eusko Jaurlaritza Itota hil da Prekarietateak eraildako 77. langilea Data Lekua Langilea Lantokia Zergatia 20\/12\/29 Murga 59 urte Aianox [&hellip;]<\/p>\n","protected":false},"author":1,"featured_media":0,"comment_status":"open","ping_status":"open","sticky":false,"template":"","format":"standard","meta":{"_monsterinsights_skip_tracking":false,"_monsterinsights_sitenote_active":false,"_monsterinsights_sitenote_note":"","_monsterinsights_sitenote_category":0,"footnotes":"","_links_to":"","_links_to_target":""},"categories":[1],"tags":[],"class_list":{"0":"post-9581","1":"post","2":"type-post","3":"status-publish","4":"format-standard","6":"category-uncategorized-eu"},"_links":{"self":[{"href":"https:\/\/www.lab.eus\/es\/wp-json\/wp\/v2\/posts\/9581","targetHints":{"allow":["GET"]}}],"collection":[{"href":"https:\/\/www.lab.eus\/es\/wp-json\/wp\/v2\/posts"}],"about":[{"href":"https:\/\/www.lab.eus\/es\/wp-json\/wp\/v2\/types\/post"}],"author":[{"embeddable":true,"href":"https:\/\/www.lab.eus\/es\/wp-json\/wp\/v2\/users\/1"}],"replies":[{"embeddable":true,"href":"https:\/\/www.lab.eus\/es\/wp-json\/wp\/v2\/comments?post=9581"}],"version-history":[{"count":0,"href":"https:\/\/www.lab.eus\/es\/wp-json\/wp\/v2\/posts\/9581\/revisions"}],"wp:attachment":[{"href":"https:\/\/www.lab.eus\/es\/wp-json\/wp\/v2\/media?parent=9581"}],"wp:term":[{"taxonomy":"category","embeddable":true,"href":"https:\/\/www.lab.eus\/es\/wp-json\/wp\/v2\/categories?post=9581"},{"taxonomy":"post_tag","embeddable":true,"href":"https:\/\/www.lab.eus\/es\/wp-json\/wp\/v2\/tags?post=9581"}],"curies":[{"name":"wp","href":"https:\/\/api.w.org\/{rel}","templated":true}]}}