{"id":95298,"date":"2026-09-04T11:11:53","date_gmt":"2026-09-04T11:11:53","guid":{"rendered":"https:\/\/www.lab.eus\/?p=95298"},"modified":"2026-09-04T11:11:56","modified_gmt":"2026-09-04T11:11:56","slug":"nuevo-curso-pero-el-cuento-de-siempre-en-la-ensenanza-de-nafarroa","status":"publish","type":"post","link":"https:\/\/www.lab.eus\/es\/nuevo-curso-pero-el-cuento-de-siempre-en-la-ensenanza-de-nafarroa\/","title":{"rendered":"Nuevo curso pero el cuento de siempre en la ense\u00f1anza de Nafarroa"},"content":{"rendered":"\n<p><strong>Ha comenzado el nuevo curso 2026\/2027 y las y los trabajadores de educaci\u00f3n afrontan con ilusi\u00f3n los retos que tienen por delante. Sin embargo, vuelven a ver la misma actitud por parte del Departamento de Educaci\u00f3n: hacer o\u00eddos sordos a sus reivindicaciones, falta de di\u00e1logo, soberbia y falta de transparencia.<\/strong><\/p>\n\n\n\n<p>LAB lo tiene muy claro: necesitamos medidas eficaces, m\u00e1s all\u00e1 de las palabras. Hay que reforzar la educaci\u00f3n p\u00fablica; el ciclo 0-3, en el camino de la publificaci\u00f3n, necesita el primer convenio laboral de Educaci\u00f3n Infantil de Nafarroa y en las Ikastolas hay que renovar el convenio y conseguir la equiparaci\u00f3n. Tambi\u00e9n hay que bajar las ratios en todas las etapas, mantener todas las unidades para no perder puestos de trabajo y superar todos los obst\u00e1culos contra la ense\u00f1anza y el aprendizaje en euskera (Formaci\u00f3n Profesional, Escuelas Infantiles, Ikastolas, UPNA&#8230;).<\/p>\n\n\n\n<p>El consejero Gimeno ha marcado como prioridad este a\u00f1o la bajada de ratios. Muchas veces hemos tenido que escuchar, sin avergonzarse en absoluto, un sinf\u00edn de barbaridades: que la bajada de ratios no debe ser generalizada o que la propia bajada no mejora la calidad educativa entre otras cosas.<\/p>\n\n\n\n<p>Son muchas las movilizaciones y huelgas que hemos realizado en torno a \u00e9sta y otras reivindicaciones y, como consecuencia de la presi\u00f3n sufrida, hemos conseguido que el consejero Gimeno cambie su discurso. Ya es hora de pasar de las palabras a los hechos y as\u00ed se lo exigimos. LAB lleva largos a\u00f1os reivindicando y luchando por la bajada de ratios en todas las etapas educativas como medida fundamental para mejorar la calidad educativa, hacer frente a las necesidades del alumnado y paliar la sobrecarga de trabajo del profesorado.<\/p>\n\n\n\n<p>Por tanto, sigamos moviliz\u00e1ndonos y luchando por una educaci\u00f3n de calidad. Para ello hay que superar el primer obst\u00e1culo; la incapacidad y la falta de competencia del consejero Gimeno. Nos vemos en las calles y centros escolares.<\/p>\n\n\n\n<p><strong>\u00a1Por una educaci\u00f3n y condiciones de trabajo de calidad! Gimeno kanpora!<\/strong><\/p>\n","protected":false},"excerpt":{"rendered":"<p>Ha comenzado el nuevo curso 2026\/2027 y las y los trabajadores de educaci\u00f3n afrontan con ilusi\u00f3n los retos que tienen por delante. Sin embargo, vuelven a ver la misma actitud por parte del Departamento de Educaci\u00f3n: hacer o\u00eddos sordos a sus reivindicaciones, falta de di\u00e1logo, soberbia y falta de transparencia. LAB lo tiene muy claro: [&hellip;]<\/p>\n","protected":false},"author":1191,"featured_media":95296,"comment_status":"closed","ping_status":"closed","sticky":false,"template":"","format":"standard","meta":{"_monsterinsights_skip_tracking":false,"footnotes":"","_links_to":"","_links_to_target":""},"categories":[3283],"tags":[3033,3178,3194,3915,3066,3171],"class_list":{"0":"post-95298","1":"post","2":"type-post","3":"status-publish","4":"format-standard","5":"has-post-thumbnail","7":"category-sin-categorizar","8":"tag-accion-sindical-es","9":"tag-destacado-1","10":"tag-ensenanza-es","11":"tag-ensenanza-de-nafarroa","12":"tag-federaciones-es","13":"tag-servicios-publicos-es"},"_links":{"self":[{"href":"https:\/\/www.lab.eus\/es\/wp-json\/wp\/v2\/posts\/95298","targetHints":{"allow":["GET"]}}],"collection":[{"href":"https:\/\/www.lab.eus\/es\/wp-json\/wp\/v2\/posts"}],"about":[{"href":"https:\/\/www.lab.eus\/es\/wp-json\/wp\/v2\/types\/post"}],"author":[{"embeddable":true,"href":"https:\/\/www.lab.eus\/es\/wp-json\/wp\/v2\/users\/1191"}],"replies":[{"embeddable":true,"href":"https:\/\/www.lab.eus\/es\/wp-json\/wp\/v2\/comments?post=95298"}],"version-history":[{"count":1,"href":"https:\/\/www.lab.eus\/es\/wp-json\/wp\/v2\/posts\/95298\/revisions"}],"predecessor-version":[{"id":95299,"href":"https:\/\/www.lab.eus\/es\/wp-json\/wp\/v2\/posts\/95298\/revisions\/95299"}],"wp:featuredmedia":[{"embeddable":true,"href":"https:\/\/www.lab.eus\/es\/wp-json\/wp\/v2\/media\/95296"}],"wp:attachment":[{"href":"https:\/\/www.lab.eus\/es\/wp-json\/wp\/v2\/media?parent=95298"}],"wp:term":[{"taxonomy":"category","embeddable":true,"href":"https:\/\/www.lab.eus\/es\/wp-json\/wp\/v2\/categories?post=95298"},{"taxonomy":"post_tag","embeddable":true,"href":"https:\/\/www.lab.eus\/es\/wp-json\/wp\/v2\/tags?post=95298"}],"curies":[{"name":"wp","href":"https:\/\/api.w.org\/{rel}","templated":true}]}}