{"id":95280,"date":"2026-09-04T07:53:27","date_gmt":"2026-09-04T07:53:27","guid":{"rendered":"https:\/\/www.lab.eus\/?p=95280"},"modified":"2026-09-04T07:53:30","modified_gmt":"2026-09-04T07:53:30","slug":"lab-exige-que-se-garantice-la-atencion-traumatologica-en-lizarraldea","status":"publish","type":"post","link":"https:\/\/www.lab.eus\/es\/lab-exige-que-se-garantice-la-atencion-traumatologica-en-lizarraldea\/","title":{"rendered":"LAB exige que se garantice la atenci\u00f3n traumatol\u00f3gica en Lizarraldea"},"content":{"rendered":"\n<p><strong>El sindicato LAB lleva monitorizando desde hace meses la situaci\u00f3n del servicio de Traumatolog\u00eda del \u00c1rea de Salud de Lizarra. Nos encontramos con periodos de guardias sin cubrir, aumento en las listas de espera, derivaciones a Iru\u00f1ea y una creciente inquietud entre profesionales y ciudadan\u00eda en torno a la continuidad del citado servicio. No se puede aceptar que desde el departamento de Salud y la Gerencia no se asegure a d\u00eda de hoy la cobertura necesaria de un servicio b\u00e1sico para m\u00e1s de 60.000 habitantes.<\/strong><\/p>\n\n\n\n<p>No es la primera vez que desde nuestro sindicato exigimos la continuidad y expansi\u00f3n de los distintos servicios en Lizarraldea as\u00ed como un presupuesto adecuado que asegure una \u00f3ptima atenci\u00f3n especializada. La poblaci\u00f3n y la plantilla de profesionales del \u00c1rea de Salud de Lizarra exigen algo m\u00e1s que un mero centro de consultas externas. Los continuos desplazamientos asistenciales y la centralizaci\u00f3n de servicios en la capital no es una opci\u00f3n y favorece la despoblaci\u00f3n y las inequidades.<\/p>\n\n\n\n<p>Es clara la animadversi\u00f3n manifestada entre el servicio de Traumatolog\u00eda y el departamento de Salud y, como consecuencia de ello, las constantes tensiones existentes que est\u00e1n siendo utilizadas habitualmente desde determinadas posiciones de forma partidista e interesada. Tambi\u00e9n es constatable el aumento de las listas de espera y las continuas derivaciones a centros privados. Desde LAB esperamos que la nueva jefatura del \u00c1rea de Salud de Lizarra y el departamento de Salud se comprometan en garantizar la pertinente atenci\u00f3n sanitaria y concreten en breve una soluci\u00f3n dialogada que asegure y garantice el buen funcionamiento de los servicios sanitarios p\u00fablicos. Ni la plantilla ni la poblaci\u00f3n de Lizarraldea se merece esta situaci\u00f3n.<\/p>\n","protected":false},"excerpt":{"rendered":"<p>El sindicato LAB lleva monitorizando desde hace meses la situaci\u00f3n del servicio de Traumatolog\u00eda del \u00c1rea de Salud de Lizarra. Nos encontramos con periodos de guardias sin cubrir, aumento en las listas de espera, derivaciones a Iru\u00f1ea y una creciente inquietud entre profesionales y ciudadan\u00eda en torno a la continuidad del citado servicio. No se [&hellip;]<\/p>\n","protected":false},"author":1191,"featured_media":95278,"comment_status":"closed","ping_status":"closed","sticky":false,"template":"","format":"standard","meta":{"_monsterinsights_skip_tracking":false,"footnotes":"","_links_to":"","_links_to_target":""},"categories":[18,2867,3097,6],"tags":[3033,3178,3066,3355,3100,3171],"class_list":{"0":"post-95280","1":"post","2":"type-post","3":"status-publish","4":"format-standard","5":"has-post-thumbnail","7":"category-es-accion-sindical","8":"category-federaciones","9":"category-sanidad","10":"category-es-servicios-publicos","11":"tag-accion-sindical-es","12":"tag-destacado-1","13":"tag-federaciones-es","14":"tag-osasunbidea-es","15":"tag-sanidad-es","16":"tag-servicios-publicos-es"},"_links":{"self":[{"href":"https:\/\/www.lab.eus\/es\/wp-json\/wp\/v2\/posts\/95280","targetHints":{"allow":["GET"]}}],"collection":[{"href":"https:\/\/www.lab.eus\/es\/wp-json\/wp\/v2\/posts"}],"about":[{"href":"https:\/\/www.lab.eus\/es\/wp-json\/wp\/v2\/types\/post"}],"author":[{"embeddable":true,"href":"https:\/\/www.lab.eus\/es\/wp-json\/wp\/v2\/users\/1191"}],"replies":[{"embeddable":true,"href":"https:\/\/www.lab.eus\/es\/wp-json\/wp\/v2\/comments?post=95280"}],"version-history":[{"count":1,"href":"https:\/\/www.lab.eus\/es\/wp-json\/wp\/v2\/posts\/95280\/revisions"}],"predecessor-version":[{"id":95281,"href":"https:\/\/www.lab.eus\/es\/wp-json\/wp\/v2\/posts\/95280\/revisions\/95281"}],"wp:featuredmedia":[{"embeddable":true,"href":"https:\/\/www.lab.eus\/es\/wp-json\/wp\/v2\/media\/95278"}],"wp:attachment":[{"href":"https:\/\/www.lab.eus\/es\/wp-json\/wp\/v2\/media?parent=95280"}],"wp:term":[{"taxonomy":"category","embeddable":true,"href":"https:\/\/www.lab.eus\/es\/wp-json\/wp\/v2\/categories?post=95280"},{"taxonomy":"post_tag","embeddable":true,"href":"https:\/\/www.lab.eus\/es\/wp-json\/wp\/v2\/tags?post=95280"}],"curies":[{"name":"wp","href":"https:\/\/api.w.org\/{rel}","templated":true}]}}