{"id":95273,"date":"2026-09-04T07:28:05","date_gmt":"2026-09-04T07:28:05","guid":{"rendered":"https:\/\/www.lab.eus\/?p=95273"},"modified":"2026-09-04T07:28:08","modified_gmt":"2026-09-04T07:28:08","slug":"opinion-lecciones-desde-cardiff-soberania-clase-y-cultura","status":"publish","type":"post","link":"https:\/\/www.lab.eus\/es\/opinion-lecciones-desde-cardiff-soberania-clase-y-cultura\/","title":{"rendered":"[OPINI\u00d3N]: Lecciones desde Cardiff: soberan\u00eda, clase y cultura"},"content":{"rendered":"\n<p><strong>A continuaci\u00f3n pod\u00e9is leer el art\u00edculo de opini\u00f3n de Koldo S\u00e1enz, responsable de Relaciones Internacionales de LAB.<\/strong><\/p>\n\n\n\n<p>Este 15 de agosto LAB particip\u00f3, junto con una delegaci\u00f3n escocesa, en un encuentro organizado por UNDEB, que es la red de activistas sindicales del partido independentista gal\u00e9s Plaid Cymru, desde donde desarrollan campa\u00f1as sindicales, participando activamente en campa\u00f1as a favor de la igualdad de derechos dentro del movimiento sindical y en la lucha contra el fascismo y el racismo.<\/p>\n\n\n\n<p>El encuentro celebrado en Cardiff tuvo un significado que va m\u00e1s all\u00e1 de la fotograf\u00eda de un primer encuentro internacional. Para LAB, participar en este espacio supuso constatar que, pese a las diferencias entre nuestras realidades, compartimos reflexiones de fondo; por un lado, c\u00f3mo articular soberan\u00eda, transformaci\u00f3n social y por otro, c\u00f3mo impulsar desde el sindicalismo profundas transformaciones pol\u00edticas y sociales.<\/p>\n\n\n\n<p>Plaid Cymru afronta su llegada al Gobierno de Gales en un momento muy distinto al de las grandes expectativas que acompa\u00f1aron al independentismo escoc\u00e9s en 2007 o al refer\u00e9ndum de 2014. La coyuntura actual est\u00e1 marcada por la crisis de los servicios p\u00fablicos, la reducci\u00f3n presupuestaria, un creciente malestar social, el fuerte crecimiento de la extrema derecha, y al mismo tiempo, una izquierda soberanista que por primera vez es primera fuerza en Gales, Escocia y el Norte de Irlanda.<\/p>\n\n\n\n<p>El indenpentismo gales ha construido buena parte de su identidad pol\u00edtica a partir de una combinaci\u00f3n entre soberan\u00eda, defensa de la cultura y la lengua galesa y un proyecto de izquierdas. En Cardiff pudimos comprobar que la lengua no aparece como un elemento ornamental o meramente institucional, sino como parte de la propia concepci\u00f3n pol\u00edtica del movimiento. El uso normalizado del gal\u00e9s en el encuentro, incluida la traducci\u00f3n para las delegaciones internacionales, expresaba algo m\u00e1s profundo: que recuperar la cultura nacional galesa forma parte tambi\u00e9n de la emancipaci\u00f3n de la clase trabajadora.<\/p>\n\n\n\n<p>Esta cuesti\u00f3n resulta especialmente relevante para LAB. Lengua, identidad, soberan\u00eda y derechos sociales no son compartimentos estancos. La construcci\u00f3n de un pa\u00eds soberano debe ir acompa\u00f1ada de la capacidad de decidir sobre las condiciones de trabajo y vida de quienes lo habitan. Y, del mismo modo, la defensa de los derechos laborales y de los servicios p\u00fablicos necesita de instrumentos pol\u00edticos y econ\u00f3micos propios que permitan superar los l\u00edmites impuestos desde estructuras estatales que no responden a las necesidades de nuestras sociedades.<\/p>\n\n\n\n<p>El encuentro permiti\u00f3 tambi\u00e9n poner sobre la mesa otra cuesti\u00f3n fundamental: la relaci\u00f3n entre los proyectos soberanistas y el movimiento sindical. En un pa\u00eds donde no existen sindicatos soberanistas o independentistas como LAB, y donde el sindicalismo ha estado fuertemente vinculado a un laboralismo que se ha desplomado, es clave reforzar el sindicalismo soberanista de clase, dotando al proceso pol\u00edtico de un fuerte contenido social y ligando el soberanismo con unas pol\u00edticas que garanticen unas condiciones de trabajo y de vida dignas. Hemos podido constatar que el independentismo gal\u00e9s ha entendido a la perfecci\u00f3n el contexto actual. Combinan estrategicamente la cuesti\u00f3n nacional con la cuesti\u00f3n social, y gracias a ello se ha convertido en la principal fuerza pol\u00edtica del pa\u00eds.<\/p>\n\n\n\n<p>Las reflexiones de la delegaci\u00f3n escocesa en el encuentro iban en la misma direcci\u00f3n. A\u00f1os de gobierno del SNP han supuesto que el partido sea cada vez m\u00e1s susceptible a los principales lobbys empresariales y a las pol\u00edticas neoliberales y por eso, transmit\u00edan que la cuesti\u00f3n nacional no puede sostenerse \u00fanicamente sobre la gesti\u00f3n institucional.<\/p>\n\n\n\n<p>En LAB creemos la soberan\u00eda necesita un proyecto social capaz de movilizar a las mayor\u00edas, conectar con sus problemas cotidianos y ofrecer una alternativa cre\u00edble frente a las pol\u00edticas neoliberales. Es por ello que la principal conclusi\u00f3n del encuentro de Cardiff ha sido que los proyectos soberanistas solo podr\u00e1n avanzar si son capaces de garantizar derechos, fortalecer los servicios p\u00fablicos, mejorar las condiciones laborales, redistribuir la riqueza y construir sociedades m\u00e1s justas.<\/p>\n\n\n\n<p>El intercambio entre Gales, Escocia y Euskal Herria resulta especialmente valioso. Por un lado porque construye puentes entre el sindicalismo de tres naciones que aspiramos a la plena soberan\u00eda, por otro lado, porque vamos reforzando la Red Sindical de los Pueblos que naci\u00f3 en Barcelona en octubre del a\u00f1o pasado y finalmente porque hemos sido testigos en primera persona de que en el Reino Unido, y por ende en Escocia, Gales y el Norte de Irlanda, ya nada ser\u00e1 igual.<\/p>\n\n\n\n<p>Cuando hablamos de articular estrategias comunes con el sindicalismo de otras naciones sin estado, no hablamos de copiar modelos ni de buscar recetas id\u00e9nticas para realidades diferentes. Se trata de aprender de experiencias que, desde caminos distintos, estamos afrontando problemas comunes: el debilitamiento de los servicios p\u00fablicos, la precarizaci\u00f3n de las condiciones de trabajo y de vida, y la necesidad de construir nuevas mayor\u00edas sociales en favor de la soberan\u00eda y el derecho de autodeterminaci\u00f3n de nuestros pueblos.<\/p>\n\n\n\n<p>Durante a\u00f1os, Escocia ha ocupado un lugar de referencia para otros movimientos soberanistas, y hoy Gales ofrece nuevas claves. Euskal Herria aporta, desde la experiencia de un sindicalismo independentista y de clase, una convicci\u00f3n que LAB comparti\u00f3 en el encuentro de Cardiff: no hay soberan\u00eda nacional sin soberan\u00eda social, y no hay transformaci\u00f3n social profunda sin capacidad de decidir.<\/p>\n\n\n\n<p>Ese es, probablemente la idea que m\u00e1s se repiti\u00f3 en Cardiff: la construcci\u00f3n nacional y la construcci\u00f3n social deben avanzar juntas. Y quienes defendemos una Euskal Herria soberana, socialista, feminista y euskaldun, tambi\u00e9n construimos pa\u00eds desde los centros de trabajo, desde el sindicalismo y desde la capacidad de la clase trabajadora para convertirse en sujeto pol\u00edtico propio.<\/p>\n","protected":false},"excerpt":{"rendered":"<p>A continuaci\u00f3n pod\u00e9is leer el art\u00edculo de opini\u00f3n de Koldo S\u00e1enz, responsable de Relaciones Internacionales de LAB. Este 15 de agosto LAB particip\u00f3, junto con una delegaci\u00f3n escocesa, en un encuentro organizado por UNDEB, que es la red de activistas sindicales del partido independentista gal\u00e9s Plaid Cymru, desde donde desarrollan campa\u00f1as sindicales, participando activamente en [&hellip;]<\/p>\n","protected":false},"author":1191,"featured_media":95271,"comment_status":"closed","ping_status":"closed","sticky":false,"template":"","format":"standard","meta":{"_monsterinsights_skip_tracking":false,"footnotes":"","_links_to":"","_links_to_target":""},"categories":[4,2973],"tags":[5783,3173,1158,4964,3951,5784,4992,3024,5785],"class_list":{"0":"post-95273","1":"post","2":"type-post","3":"status-publish","4":"format-standard","5":"has-post-thumbnail","7":"category-es-internacional","8":"category-secretarias","9":"tag-gales","10":"tag-internacional-es","11":"tag-iritzia","12":"tag-koldo-saenz","13":"tag-opinion","14":"tag-plaid-cymru","15":"tag-relaciones-internacionales","16":"tag-secretarias","17":"tag-undeb"},"_links":{"self":[{"href":"https:\/\/www.lab.eus\/es\/wp-json\/wp\/v2\/posts\/95273","targetHints":{"allow":["GET"]}}],"collection":[{"href":"https:\/\/www.lab.eus\/es\/wp-json\/wp\/v2\/posts"}],"about":[{"href":"https:\/\/www.lab.eus\/es\/wp-json\/wp\/v2\/types\/post"}],"author":[{"embeddable":true,"href":"https:\/\/www.lab.eus\/es\/wp-json\/wp\/v2\/users\/1191"}],"replies":[{"embeddable":true,"href":"https:\/\/www.lab.eus\/es\/wp-json\/wp\/v2\/comments?post=95273"}],"version-history":[{"count":1,"href":"https:\/\/www.lab.eus\/es\/wp-json\/wp\/v2\/posts\/95273\/revisions"}],"predecessor-version":[{"id":95274,"href":"https:\/\/www.lab.eus\/es\/wp-json\/wp\/v2\/posts\/95273\/revisions\/95274"}],"wp:featuredmedia":[{"embeddable":true,"href":"https:\/\/www.lab.eus\/es\/wp-json\/wp\/v2\/media\/95271"}],"wp:attachment":[{"href":"https:\/\/www.lab.eus\/es\/wp-json\/wp\/v2\/media?parent=95273"}],"wp:term":[{"taxonomy":"category","embeddable":true,"href":"https:\/\/www.lab.eus\/es\/wp-json\/wp\/v2\/categories?post=95273"},{"taxonomy":"post_tag","embeddable":true,"href":"https:\/\/www.lab.eus\/es\/wp-json\/wp\/v2\/tags?post=95273"}],"curies":[{"name":"wp","href":"https:\/\/api.w.org\/{rel}","templated":true}]}}