{"id":95231,"date":"2026-09-02T13:40:51","date_gmt":"2026-09-02T13:40:51","guid":{"rendered":"https:\/\/www.lab.eus\/?p=95231"},"modified":"2026-09-02T13:40:53","modified_gmt":"2026-09-02T13:40:53","slug":"lab-reivindica-la-necesidad-de-una-actitud-firme-frente-a-las-ideas-fascistas-y-xenofobas","status":"publish","type":"post","link":"https:\/\/www.lab.eus\/es\/lab-reivindica-la-necesidad-de-una-actitud-firme-frente-a-las-ideas-fascistas-y-xenofobas\/","title":{"rendered":"LAB reivindica la necesidad de una actitud firme frente a las ideas fascistas y xen\u00f3fobas"},"content":{"rendered":"\n<p><strong>LAB considera que la forma m\u00e1s eficaz de hacer frente a la ofensiva reaccionaria es poner l\u00edmites al capital, garantizar los derechos de toda la ciudadan\u00eda, establecer pol\u00edticas de redistribuci\u00f3n y llevar adelante una agenda transformadora de calado, razones por las que llama a las y los trabajadores a activarse. El sindicato quiere expresar su oposici\u00f3n a las concentraciones fascistas y xen\u00f3fobas convocadas para hoy.<\/strong><\/p>\n\n\n\n<p>La emergencia humanitaria de Ceuta es la excusa que utiliza esta vez la extrema derecha para difundir ideas fascistas y reaccionarias. En plena crisis humanitaria, en lugar de poner en el centro a quienes est\u00e1n sufriendo sus consecuencias, la extrema derecha ha puesto en el punto de mira y ha atacado a las y los migrantes con el objetivo de defender el actual <em>status quo<\/em> y mantener los privilegios de los de siempre. Es una receta conocida: recortar los derechos de las personas obligadas a migrar y a la pobreza, en un momento en el que aumenta la necesidad de proteger sus derechos. Cada vez son m\u00e1s las personas que tiene la extrema derecha en el punto de mira: trabajadoras y trabajadores obligadas a la migraci\u00f3n, mujeres*, disidentes sexuales y de g\u00e9nero, hablantes de lenguas minorizadas&#8230;<\/p>\n\n\n\n<p>De hecho, esta fase capitalista cada vez m\u00e1s violenta encuentra en el autoritarismo y el fascismo el camino para perpetuarse, poniendo a las y los trabajadores contra los y las trabajadoras, fomentando la persecuci\u00f3n a los y las migrantes. La ultraderecha est\u00e1 tratando de aprovecharse de lo que est\u00e1 ocurriendo en Ceuta en el \u00faltimo mes, intentando establecer su marco ideol\u00f3gico, pero la extensi\u00f3n de ese marco tambi\u00e9n se puede ver m\u00e1s cerca, como en la criminalizaci\u00f3n y persecuci\u00f3n a las y los vendedores callejeros de Bilbo, en el intento del Ayuntamiento de Donostia de desmantelar la red de solidaridad y apoyo a las y los ciudadanos en situaci\u00f3n de calle y en las declaraciones de algunos pol\u00edticos en los \u00faltimos meses para vincular la inseguridad con las y los migrantes y la poblaci\u00f3n m\u00e1s vulnerable. LAB considera graves estos hechos.<\/p>\n\n\n\n<p>Hay un elemento com\u00fan en todos ellos: la ultraderecha establece un marco ideol\u00f3gico, generalmente basado en mentiras, y despu\u00e9s, varios partidos e instituciones desarrollan pol\u00edticas p\u00fablicas en consecuencia: pol\u00edticas que implican recortes de derechos. LAB tiene claro cu\u00e1l es la forma m\u00e1s eficaz de hacer frente a la ofensiva reaccionaria: poner l\u00edmites al capital, garantizar los derechos de toda la ciudadan\u00eda, establecer pol\u00edticas de redistribuci\u00f3n y llevar adelante una agenda transformadora de calado. LAB tiene un compromiso claro con ello.<\/p>\n\n\n\n<p>LAB llama a las y los trabajadores a organizarse en esa direcci\u00f3n y en todos los \u00e1mbitos en favor de una agenda social y nacional transformadora, que ser\u00e1 el ant\u00eddoto para cerrar la puerta a la ofensiva reaccionaria. En este sentido, LAB manifiesta su oposici\u00f3n a las concentraciones xen\u00f3fobas y fascistas convocadas para hoy y hace un llamamiento a las y los trabajadores vascos para que den la espalda a la agenda reaccionaria que la extrema derecha quiere imponer y se movilicen en defensa de los derechos de todas y todos.<\/p>\n","protected":false},"excerpt":{"rendered":"<p>LAB considera que la forma m\u00e1s eficaz de hacer frente a la ofensiva reaccionaria es poner l\u00edmites al capital, garantizar los derechos de toda la ciudadan\u00eda, establecer pol\u00edticas de redistribuci\u00f3n y llevar adelante una agenda transformadora de calado, razones por las que llama a las y los trabajadores a activarse. El sindicato quiere expresar su [&hellip;]<\/p>\n","protected":false},"author":1191,"featured_media":62294,"comment_status":"closed","ping_status":"closed","sticky":false,"template":"","format":"standard","meta":{"_monsterinsights_skip_tracking":false,"footnotes":"","_links_to":"","_links_to_target":""},"categories":[2994,2973],"tags":[3182,5209,3178,5781,5782,5208,4119,1230],"class_list":{"0":"post-95231","1":"post","2":"type-post","3":"status-publish","4":"format-standard","5":"has-post-thumbnail","7":"category-accion-social","8":"category-secretarias","9":"tag-accion-social-es","10":"tag-antirracismo","11":"tag-destacado-1","12":"tag-fascismo","13":"tag-ofensiva-reaccionaria","14":"tag-racismo","15":"tag-secretaria-antirracista-es","16":"tag-xenofobia"},"_links":{"self":[{"href":"https:\/\/www.lab.eus\/es\/wp-json\/wp\/v2\/posts\/95231","targetHints":{"allow":["GET"]}}],"collection":[{"href":"https:\/\/www.lab.eus\/es\/wp-json\/wp\/v2\/posts"}],"about":[{"href":"https:\/\/www.lab.eus\/es\/wp-json\/wp\/v2\/types\/post"}],"author":[{"embeddable":true,"href":"https:\/\/www.lab.eus\/es\/wp-json\/wp\/v2\/users\/1191"}],"replies":[{"embeddable":true,"href":"https:\/\/www.lab.eus\/es\/wp-json\/wp\/v2\/comments?post=95231"}],"version-history":[{"count":1,"href":"https:\/\/www.lab.eus\/es\/wp-json\/wp\/v2\/posts\/95231\/revisions"}],"predecessor-version":[{"id":95232,"href":"https:\/\/www.lab.eus\/es\/wp-json\/wp\/v2\/posts\/95231\/revisions\/95232"}],"wp:featuredmedia":[{"embeddable":true,"href":"https:\/\/www.lab.eus\/es\/wp-json\/wp\/v2\/media\/62294"}],"wp:attachment":[{"href":"https:\/\/www.lab.eus\/es\/wp-json\/wp\/v2\/media?parent=95231"}],"wp:term":[{"taxonomy":"category","embeddable":true,"href":"https:\/\/www.lab.eus\/es\/wp-json\/wp\/v2\/categories?post=95231"},{"taxonomy":"post_tag","embeddable":true,"href":"https:\/\/www.lab.eus\/es\/wp-json\/wp\/v2\/tags?post=95231"}],"curies":[{"name":"wp","href":"https:\/\/api.w.org\/{rel}","templated":true}]}}