{"id":95226,"date":"2026-09-02T12:38:09","date_gmt":"2026-09-02T12:38:09","guid":{"rendered":"https:\/\/www.lab.eus\/?p=95226"},"modified":"2026-09-02T12:38:12","modified_gmt":"2026-09-02T12:38:12","slug":"lab-denuncia-la-criminalizacion-de-cuatro-huelguistas-por-su-participacion-en-la-huelga-del-17-de-marzo","status":"publish","type":"post","link":"https:\/\/www.lab.eus\/es\/lab-denuncia-la-criminalizacion-de-cuatro-huelguistas-por-su-participacion-en-la-huelga-del-17-de-marzo\/","title":{"rendered":"LAB denuncia la criminalizaci\u00f3n de cuatro huelguistas por su participaci\u00f3n en la huelga del 17 de marzo"},"content":{"rendered":"\n<p><strong>Cuatro trabajadores y trabajadoras que participaron en la huelga general del 17 de marzo han sido llamadas a declarar hoy en el juzgado de Iru\u00f1ea, bajo amenaza de detenci\u00f3n. Se les atribuyen dos posibles delitos: desobediencia a la autoridad y un delito contra la seguridad del tr\u00e1fico. M\u00e1s de 40 personas se han movilizado frente al Palacio de Justicia para denunciar las represalias contra quienes participaron en la jornada de huelga y mostrar su apoyo a los cuatro trabajadores y trabajadoras llamados a declarar.<\/strong><\/p>\n\n\n\n<p>Seg\u00fan ha se\u00f1alado el sindicato LAB, durante las movilizaciones los cuatro trabajadores participaron en las acciones para defender un salario m\u00ednimo de 1.500 euros para la clase trabajadora navarra y \u201cen ning\u00fan caso desobedecieron a la autoridad ni pusieron en peligro la seguridad del tr\u00e1fico\u201d.<\/p>\n\n\n\n<p>El sindicato ha exigido que cesen las represalias contra los trabajadores y trabajadoras que participaron en la huelga, tanto mediante multas que, seg\u00fan LAB, superan ya los 15.000 euros en Iru\u00f1erria, como a trav\u00e9s de procesos judiciales como el que afecta actualmente a estas y estos cuatro huelguistas.<\/p>\n\n\n\n<p>LAB considera inaceptable que el ejercicio del derecho de huelga y la defensa de unas condiciones de vida dignas puedan convertirse en motivo de persecuci\u00f3n y criminalizaci\u00f3n. \u201cReivindicar un salario m\u00ednimo de 1.500 euros no es ning\u00fan delito. Es una necesidad para la clase trabajadora\u201d, ha defendido. \u201cLo reclamamos porque es posible y porque, con menos, la clase trabajadora no puede vivir dignamente\u201d, ha afirmado.<\/p>\n\n\n\n<p>Por \u00faltimo, LAB ha reiterado su solidaridad con los cuatro trabajadores y trabajadoras llamados a declarar y con todas las personas que, seg\u00fan el sindicato, est\u00e1n sufriendo represalias por su participaci\u00f3n en la huelga del 17 de marzo. \u201cFrente a la represi\u00f3n y la criminalizaci\u00f3n, seguiremos defendiendo el derecho de huelga y unas condiciones de vida dignas para la clase trabajadora\u201d, ha concluido.<\/p>\n","protected":false},"excerpt":{"rendered":"<p>Cuatro trabajadores y trabajadoras que participaron en la huelga general del 17 de marzo han sido llamadas a declarar hoy en el juzgado de Iru\u00f1ea, bajo amenaza de detenci\u00f3n. Se les atribuyen dos posibles delitos: desobediencia a la autoridad y un delito contra la seguridad del tr\u00e1fico. M\u00e1s de 40 personas se han movilizado frente [&hellip;]<\/p>\n","protected":false},"author":1191,"featured_media":95224,"comment_status":"closed","ping_status":"closed","sticky":false,"template":"","format":"standard","meta":{"_monsterinsights_skip_tracking":false,"footnotes":"","_links_to":"","_links_to_target":""},"categories":[18],"tags":[5355,3033,3178,3481,5356,5778],"class_list":{"0":"post-95226","1":"post","2":"type-post","3":"status-publish","4":"format-standard","5":"has-post-thumbnail","7":"category-es-accion-sindical","8":"tag-m17grebaorokorra-es","9":"tag-accion-sindical-es","10":"tag-destacado-1","11":"tag-huelga-general","12":"tag-salario-minimo-es","13":"tag-salario-minimo-de-1-500-euros"},"_links":{"self":[{"href":"https:\/\/www.lab.eus\/es\/wp-json\/wp\/v2\/posts\/95226","targetHints":{"allow":["GET"]}}],"collection":[{"href":"https:\/\/www.lab.eus\/es\/wp-json\/wp\/v2\/posts"}],"about":[{"href":"https:\/\/www.lab.eus\/es\/wp-json\/wp\/v2\/types\/post"}],"author":[{"embeddable":true,"href":"https:\/\/www.lab.eus\/es\/wp-json\/wp\/v2\/users\/1191"}],"replies":[{"embeddable":true,"href":"https:\/\/www.lab.eus\/es\/wp-json\/wp\/v2\/comments?post=95226"}],"version-history":[{"count":1,"href":"https:\/\/www.lab.eus\/es\/wp-json\/wp\/v2\/posts\/95226\/revisions"}],"predecessor-version":[{"id":95227,"href":"https:\/\/www.lab.eus\/es\/wp-json\/wp\/v2\/posts\/95226\/revisions\/95227"}],"wp:featuredmedia":[{"embeddable":true,"href":"https:\/\/www.lab.eus\/es\/wp-json\/wp\/v2\/media\/95224"}],"wp:attachment":[{"href":"https:\/\/www.lab.eus\/es\/wp-json\/wp\/v2\/media?parent=95226"}],"wp:term":[{"taxonomy":"category","embeddable":true,"href":"https:\/\/www.lab.eus\/es\/wp-json\/wp\/v2\/categories?post=95226"},{"taxonomy":"post_tag","embeddable":true,"href":"https:\/\/www.lab.eus\/es\/wp-json\/wp\/v2\/tags?post=95226"}],"curies":[{"name":"wp","href":"https:\/\/api.w.org\/{rel}","templated":true}]}}