{"id":95219,"date":"2026-09-02T11:52:54","date_gmt":"2026-09-02T11:52:54","guid":{"rendered":"https:\/\/www.lab.eus\/?p=95219"},"modified":"2026-09-02T11:52:57","modified_gmt":"2026-09-02T11:52:57","slug":"en-lo-que-respecta-al-desempleo-nos-encontramos-en-la-misma-situacion-que-siempre-trae-el-final-del-verano","status":"publish","type":"post","link":"https:\/\/www.lab.eus\/es\/en-lo-que-respecta-al-desempleo-nos-encontramos-en-la-misma-situacion-que-siempre-trae-el-final-del-verano\/","title":{"rendered":"En lo que respecta al desempleo, nos encontramos en la misma situaci\u00f3n que siempre trae el final del verano"},"content":{"rendered":"\n<p><strong>A<\/strong><strong>l<\/strong><strong> cierre del mes de agosto, los datos del SEPE reflejan 136.372 personas inscritas en las listas de paro y 1.072.124 afiliadas al <\/strong><strong>r<\/strong><strong>\u00e9gimen <\/strong><strong>g<\/strong><strong>eneral en Hego Euskal Herria. Esto supone un descenso de <\/strong><strong>la <\/strong><strong>afiliaci\u00f3n y un aumento de<\/strong><strong>l<\/strong><strong> paro respecto al mes anterior, una vez terminado el periodo estival.<\/strong><\/p>\n\n\n\n<p>Si bien se contin\u00faa creando empleo, los datos reflejan un deterioro en la calidad del mismo por la temporalidad y la parcialidad. En este \u00faltimo mes se ha registrado un incremento notable de los contratos indefinidos a tiempo parcial, lo que evidencia una tendencia hacia tipos de empleo menos estables y precarios. De hecho, durante el mes de agosto, aunque haya habido m\u00e1s contratos a final de mes, se han registrado m\u00e1s personas paradas, ya que los contratos que se han hecho durante el mes son contratos temporales. As\u00ed, durante el mes de agosto se han firmado 12.007 contratos m\u00e1s que en el a\u00f1o anterior, de los cuales el 78,81% son temporales.<\/p>\n\n\n\n<p>Adem\u00e1s las brechas estructurales siguen intactas. Y mientras que no se tomen medidas pol\u00edticas para combatirlas seguir\u00e1n as\u00ed. Por ejemplo:<\/p>\n\n\n\n<p>-\u200b Entre las mujeres*, el 58,7% tiene jornada completa, mientras que entre los hombres, este porcentaje alcanza el 78,7%. Es decir, una de cada cuatro mujeres* trabaja a tiempo parcial.<\/p>\n\n\n\n<p>-\u200b Por otro lado, el paro ha aumentado entre las y los migrantes. As\u00ed, en este colectivo hay 4.154 personas paradas m\u00e1s en el \u00faltimo a\u00f1o y el paro entre quienes no ten\u00edan un empleo anterior ha aumentado en un 39,75%. En el \u00faltimo mes, el paro ha subido entre las y los migrantes (997 parados y paradas m\u00e1s) en casi todos los sectores. Cabe destacar que el 47,5% de las personas migradas desempleadas est\u00e1n buscando empleo en el sector servicios, que es el sector que ofrece los empleos m\u00e1s precarios.<\/p>\n\n\n\n<p>Ante esta situaci\u00f3n, el sindicato LAB reivindica un salario m\u00ednimo propio de 1.500 \u20ac que beneficie a toda la clase trabajadora. Los datos del paro no son suficientes para analizar lo que ocurre en el mundo laboral. Tenemos que poner el foco en la calidad del empleo, porque el empleo que se crea es cada vez m\u00e1s precario. Por eso debemos dignificar los puestos de trabajo. Porque hoy en d\u00eda tener un trabajo no garantiza poder desarrollar una vida digna.<\/p>\n\n\n\n<p><\/p>\n","protected":false},"excerpt":{"rendered":"<p>Al cierre del mes de agosto, los datos del SEPE reflejan 136.372 personas inscritas en las listas de paro y 1.072.124 afiliadas al r\u00e9gimen general en Hego Euskal Herria. Esto supone un descenso de la afiliaci\u00f3n y un aumento del paro respecto al mes anterior, una vez terminado el periodo estival. Si bien se contin\u00faa [&hellip;]<\/p>\n","protected":false},"author":1191,"featured_media":49688,"comment_status":"closed","ping_status":"closed","sticky":false,"template":"","format":"standard","meta":{"_monsterinsights_skip_tracking":false,"footnotes":"","_links_to":"","_links_to_target":""},"categories":[2994],"tags":[3182,3101,3178,740],"class_list":{"0":"post-95219","1":"post","2":"type-post","3":"status-publish","4":"format-standard","5":"has-post-thumbnail","7":"category-accion-social","8":"tag-accion-social-es","9":"tag-desempleo","10":"tag-destacado-1","11":"tag-paro"},"_links":{"self":[{"href":"https:\/\/www.lab.eus\/es\/wp-json\/wp\/v2\/posts\/95219","targetHints":{"allow":["GET"]}}],"collection":[{"href":"https:\/\/www.lab.eus\/es\/wp-json\/wp\/v2\/posts"}],"about":[{"href":"https:\/\/www.lab.eus\/es\/wp-json\/wp\/v2\/types\/post"}],"author":[{"embeddable":true,"href":"https:\/\/www.lab.eus\/es\/wp-json\/wp\/v2\/users\/1191"}],"replies":[{"embeddable":true,"href":"https:\/\/www.lab.eus\/es\/wp-json\/wp\/v2\/comments?post=95219"}],"version-history":[{"count":1,"href":"https:\/\/www.lab.eus\/es\/wp-json\/wp\/v2\/posts\/95219\/revisions"}],"predecessor-version":[{"id":95220,"href":"https:\/\/www.lab.eus\/es\/wp-json\/wp\/v2\/posts\/95219\/revisions\/95220"}],"wp:featuredmedia":[{"embeddable":true,"href":"https:\/\/www.lab.eus\/es\/wp-json\/wp\/v2\/media\/49688"}],"wp:attachment":[{"href":"https:\/\/www.lab.eus\/es\/wp-json\/wp\/v2\/media?parent=95219"}],"wp:term":[{"taxonomy":"category","embeddable":true,"href":"https:\/\/www.lab.eus\/es\/wp-json\/wp\/v2\/categories?post=95219"},{"taxonomy":"post_tag","embeddable":true,"href":"https:\/\/www.lab.eus\/es\/wp-json\/wp\/v2\/tags?post=95219"}],"curies":[{"name":"wp","href":"https:\/\/api.w.org\/{rel}","templated":true}]}}