{"id":92207,"date":"2026-05-01T13:18:11","date_gmt":"2026-05-01T13:18:11","guid":{"rendered":"https:\/\/www.lab.eus\/?p=92207"},"modified":"2026-05-01T14:16:20","modified_gmt":"2026-05-01T14:16:20","slug":"garbineren-hitzartzea","status":"publish","type":"post","link":"https:\/\/www.lab.eus\/es\/garbineren-hitzartzea\/","title":{"rendered":"Garbi\u00f1e Aranburu: \u00abLa mejor manera de responder al fascismo y a la ofensiva reaccionaria es no dejar a nadie atr\u00e1s\u00bb"},"content":{"rendered":"\n<p>Hoy, <a href=\"https:\/\/www.lab.eus\/es\/lab-reivindica-politicas-de-redistribucion-y-medidas-a-favor-de-los-trabajadores-y-las-trabajadoras-en-26-manifestaciones-por-toda-euskal-herria\/\">Primero de Mayo, LAB se ha movilizado en varias manifestaciones a lo largo y ancho de Euskal Herria<\/a>. La coordinadora general Garbi\u00f1e Aranburu ha tomado parte en la cita de Donostia, en la cual ha dado el discurso que puede leerse a continuaci\u00f3n:<\/p>\n\n\n\n<p>\u00abGora Maiatzaren Lehena!<\/p>\n\n\n\n<p>El lema de este a\u00f1o es <em>Langileok eragin<\/em>. Estamos impulsando cambios. Hoy volvemos a estar en las calles en toda Euskal Herria, comarca a comarca. Una menci\u00f3n especial a nuestra militancia de Ipar Euskal Herria, el incansable trabajo de a\u00f1os ha dado sus frutos y, junto con los sindicatos de la intersindical, tambi\u00e9n nos hemos movilizado en Baiona y Maule.<\/p>\n\n\n\n<p>Estamos impulsando cambios; hemos realizado una Huelga General por la mejora de los salarios y por el salario m\u00ednimo propio, nos hemos activado a favor del euskera, estamos contra las guerras imperialistas. Ah\u00ed est\u00e1 LAB, trabajando con ah\u00ednco en defensa de una vida digna, de forma incansable. Jo ta ke irabazi arte!<\/p>\n\n\n\n<p>Un nuevo a\u00f1o, tenemos que mencionar a las personas presas, refugiadas y deportadas. Tenemos que superar los obst\u00e1culos y terminar con las medidas de excepci\u00f3n. \u00a1Os queremos en casa todos y todas!<\/p>\n\n\n\n<p>El Primero de Mayo, miramos a los pueblos trabajadores del mundo. La solidaridad es la ternura entre los pueblos. Por ello:<\/p>\n\n\n\n<p>&#8211; Hoy LAB est\u00e1 en Cuba, \u00a1para decir \u201cno\u201d al bloqueo criminal! Hemos llevado a Cuba miles de kilos de solidaridad. M\u00e1s de 6 toneladas de material sanitario para sostener la vida.<\/p>\n\n\n\n<p>&#8211; \u00a1Hoy estamos con el S\u00e1hara! \u00a1Para decir \u201cs\u00ed\u201d al derecho de autodeterminaci\u00f3n del pueblo saharaui!<\/p>\n\n\n\n<p>&#8211; Y, por supuesto, hoy estamos m\u00e1s cerca que nunca de Palestina El pasado octubre, \u00a1paramos Euskal Herria! LAB est\u00e1 participando en la Flotilla Solidaria. Por encima de los ataques del estado criminal; por tierra, aire y mar; por todas las v\u00edas \u00a1porque tenemos que parar el genocidio!<\/p>\n\n\n\n<p>Ante la injerencia, nosotras y nosotros defenderemos siempre la soberan\u00eda de los pueblos y el bienestar de la ciudadan\u00eda. La clase trabajadora vasca lo dice de forma clara: \u00a1No a la guerra imperialista! Gora herriak eta gora munduko langileria!<\/p>\n\n\n\n<p>Las y los trabajadores no pagaremos la factura de la guerra: no aceptaremos la p\u00e9rdida de empleos con la excusa de la guerra, ni el empeoramiento de las condiciones laborales, ni el encaremiento de la vida, ni el debilitamiento de los servicios p\u00fablicos.<\/p>\n\n\n\n<p>En el mundo, el control de las fuentes de energ\u00eda est\u00e1 causando guerras, est\u00e1 empobreciendo a las y los trabajadores y el oligopolio energ\u00e9tico est\u00e1 obteniendo beneficios de esc\u00e1ndalo. Esta misma semana Iberdrola ha publicado que ha t\u00e9nido beneficios r\u00e9cord en 2025. El encarecimiento de los hidrocarburos los sufrimos las y los trabajadores. Los beneficios de Repsol han subido un 154% en los tres primeros meses de este a\u00f1o. Son unos sinverg\u00fcenzas. Ya es hora de meter mano en el bolsillo de los grandes capitales. \u00a1No aceptamos que la riqueza y el poder se concentren en unas pocas manos, y no la vamos a aceptar!<\/p>\n\n\n\n<p>Euskal Herria dijo \u201cno\u201d a la OTAN, y volvemos a alzar la voz para decir \u201cno\u201d a la guerra. \u201cNo\u201d a la deriva de la Uni\u00f3n Europea. Una Europa sin proyecto social y totalmente dependiente de las ocurrencias de Trump. La soluci\u00f3n no pasa por el rearme, ni por la militarizaci\u00f3n de la econom\u00eda; tampoco aqu\u00ed, en Euskal Herria.<\/p>\n\n\n\n<p>Reclamamos otra pol\u00edtica industrial, participaci\u00f3n social para abordar la transici\u00f3n ecosocial de la industria. No al negocio con el genocidio. No al negocio con las guerras. No en nuestro nombre.<\/p>\n\n\n\n<p>Necesitamos pol\u00edticas a favor de las y los trabajadores. Pol\u00edticas para repartir el empleo, los tareas de cuidados y la riqueza.<\/p>\n\n\n\n<p><strong>Hay que reforzar los servicios p\u00fablicos<\/strong>, para garantizar el derecho a la educaci\u00f3n, la salud y los cuidados. Participamos de forma activa en la Huelga Feminista General para reclamar la transformaci\u00f3n de los cuidados. Con ese objetivo, seguimos trabajando codo con codo con el Movimiento Feminista.<\/p>\n\n\n\n<p><strong>La ofensiva contra el euskara precisa de una respuesta de igual calibre<\/strong>. Porque tenemos el derecho a trabajar y vivir en euskara, porque necesitamos oficialidad y garant\u00edas. El 9 de mayo absolutamente todas y todos los trabajadores euskaltzales saldremos a la calle. No es la \u00fanica cita que tendremos a corto plaza en defensa de nuestro idioma, el 13 de junio, en Iru\u00f1ea, \u201cEuskaltzaleon Martxa\u201d. \u00a1Ya tenemos plan!<\/p>\n\n\n\n<p><strong>Al igual que el euskera, tambi\u00e9n nos han puesto muy caro el derecho a la vivienda. Hay que terminar con la especulaci\u00f3n con la vivienda. <\/strong>El sindicalismo tiene que luchar contra todo ataque a las condiciones de vida de las y los trabajadores. Y por primera vez, hemos organizado una huelga de inquilinos e inquilinas. Por una vida digna, volvemos a ser pioneros y pioneras, \u00a1y estamos orgullosos y orgullosas!<\/p>\n\n\n\n<p><strong>E<\/strong><strong>stamos defendiendo el empleo con firmeza <\/strong>en muchos lugares, aqu\u00ed no podemos mencionarlos todos. Pero hoy tenemos la mirada en Aiaraldea, toda una comarca en lucha, \u00a1qu\u00e9 dignidad! Que reciban nuestro apoyo y un fuerte aplauso.<\/p>\n\n\n\n<p><strong>No podemos dejar sin mencionar otros dos ejemplos mod\u00e9licos: <\/strong><strong>e<\/strong><strong>l primero, la Huelga General del 17 de marzo por el reparto de la riqueza, la mejora de los salarios y por decidir aqu\u00ed el salario m\u00ednimo; <\/strong><strong>e<\/strong><strong>l segundo, la incansable lucha de las y los pensionistas<\/strong> por unas pensiones dignas. Mejorar salarios y pensiones es imprescindible para hacer frente al encarecimiento de la vida.<\/p>\n\n\n\n<p>Son reivindicaciones para garantizar una vida digna a todas y todos los trabajadores. Nosotros y nosotras no vamos a dejar a nadie atr\u00e1s. Esa es la mejor respuesta que podemos dar ante el fascismo y la ofensiva reaccionaria. Estamos trabajando para combatir las brechas machistas, racistas y generacionales; y no lo dud\u00e9is, \u00a1m\u00e1s pronto que tarde lo conseguiremos!<\/p>\n\n\n\n<p>Lo conseguiremos, y lo estamos consiguiendo. El decreto que ha dado paso a la regularizaci\u00f3n masiva que tambi\u00e9n ha impulsado LAB es una victoria social. El movimiento organizado de migrantes ha conseguido este paso que es de justicia social. Estamos dispuestas a facilitar y colaborar en los procesos de regularizaci\u00f3n e implicarnos en los mismos; el sindicato se va a mojar. Tambi\u00e9n contra el racismo laboral. Les decimos a patronal y gobiernos que no aceptaremos que las y los trabadores migrantes sean mano de obra barata de usar y tirar.<\/p>\n\n\n\n<p>Tambi\u00e9n lo estamos consiguiendo en la negociaci\u00f3n colectiva. Los resultados de la huelga han empezado a florecer. En contra de la voluntad de la patronal, pero en la negociaci\u00f3n colectiva se nota la fuerza de la huelga. Tras a\u00f1os de bloqueo, un convenio en artes gr\u00e1ficas de Bizkaia que garantiza un salario m\u00ednimo de 1.500 \u20ac y recoge otras muchas mejoras. O el primer convenio laboral en colectividades, que estaban estatalizadas.<\/p>\n\n\n\n<p>Hablando de la Huelga General, tenemos que subrayar la implicaci\u00f3n que han tenido las y los j\u00f3venes en la huelga. La juventud de este pueblo no es individualista, ni est\u00e1 sin politizar, ni es pasiva.<\/p>\n\n\n\n<p>En la huelga, en Korrika, en el Topagune&#8230; La juventud est\u00e1 viva y en marcha. Seguid ense\u00f1ando los dientes a quienes os quieren condenar a la precariedad de por vida y recordadlo: aqu\u00ed nos ten\u00e9is, somos vuestros y vuestras compa\u00f1eras de viaje. Euskal gazteria aurrera!<\/p>\n\n\n\n<p>El salario m\u00ednimo propio es una medida necesaria, justa y viable. La patronal y los gobiernos han despreciado nuestras propuestas, pero la lucha sigue. La demostraci\u00f3n de fuerza de la huelga mantiene viva esa reivindicaci\u00f3n. Nos ha dado m\u00e1s fuerza y legitimidad.<\/p>\n\n\n\n<p>No ser\u00e1 f\u00e1cil. La respuesta a la huelga, ha sido presentar un nuevo acuerdo en la mal llamada Mesa de Di\u00e1logo Social. Un acuerdo sin avances para mejorar las condiciones laborales y salariales y sin ambici\u00f3n para ampliar el autogobierno.<\/p>\n\n\n\n<p>Un acuerdo que no se puede entender sin las hipotecas que tiene el gobierno de Pradales; con Confebask, en t\u00e9rminos sociales, y con el PSE, en t\u00e9rminos nacionales.<\/p>\n\n\n\n<p>Ya nadie cree en las nuevas formas de hacer de Pradales. El acuerdo profundiza en el car\u00e1cter autoritario y antidemocr\u00e1tico del Gobierno Vasco, y tiene tres objetivos principales:<\/p>\n\n\n\n<p>&#8211; Blanquear a Confebask. Hay que presionar a la patronal que se niega a negociar, hay que quitarle el apoyo pol\u00edtico y econ\u00f3mico.<\/p>\n\n\n\n<p>&#8211; Impulsar el sindicalismo d\u00f3cil. \u00a1Les han comprado por cuatro duros!<\/p>\n\n\n\n<p>&#8211; Castigar al sindicalismo soberanista de clase. El gobierno que ha pasado de ser aliado de la patronal a ser subordinado de la patronal no tiene ambici\u00f3n de hacer pol\u00edticas a favor de las y los trabajadores; no tiene ambici\u00f3n de ampliar competencias para constituir el marco vasco. Y nosotros y nosotras nos hemos convertido en obst\u00e1culo; quieren hacernos callar.<\/p>\n\n\n\n<p>Que nos escuchen. \u00a1No lo van a conseguir! No tienen nada que hacer. No nos van a amedrentar. Nos reafirmamos en nuestra apuesta. La lucha es el \u00fanico camino.<\/p>\n\n\n\n<p>Seguiremos desarrollando un sindicalismo luchador, independentista, feminista y antirracista. Somos el sindicato que mejor responde a la realidad de las y los trabajadores. Sigamos extendiendo LAB; cuanta m\u00e1s fuerza tengamos, tendremos m\u00e1s posibilidades para, adem\u00e1s de reivindicar el sindicalismo transformador, llevarlo a la pr\u00e1ctica.<\/p>\n\n\n\n<p>El de hoy es una d\u00eda de reivindicaci\u00f3n de y lucha. Pero que tambi\u00e9n tenga su parte de disfrute. A partir de ma\u00f1ana volveremos a encontrarnos en la lucha.<\/p>\n\n\n\n<p>Gora langileon borroka! Gora Euskal Herria askatuta!\u00bb<\/p>\n","protected":false},"excerpt":{"rendered":"<p>El lema de este a\u00f1o es \u201cLangileok eragin\u201d. Estamos impulsando cambios. Hoy volvemos a estar en las calles en toda Euskal Herria, comarca a comarca. Una menci\u00f3n especial a nuestra militancia de Ipar Euskal Herria, el incansable trabajo de a\u00f1os ha dado sus frutos y, junto con los sindicatos de la intersindical, tambi\u00e9n nos hemos movilizado en Baiona y Maule.<\/p>\n","protected":false},"author":1191,"featured_media":92347,"comment_status":"closed","ping_status":"closed","sticky":false,"template":"","format":"video","meta":{"_monsterinsights_skip_tracking":false,"_monsterinsights_sitenote_active":false,"_monsterinsights_sitenote_note":"","_monsterinsights_sitenote_category":0,"footnotes":"","_links_to":"","_links_to_target":""},"categories":[3402,18,2994,11],"tags":[3033,3277,5495,3279,3171],"class_list":{"0":"post-92207","1":"post","2":"type-post","3":"status-publish","4":"format-video","5":"has-post-thumbnail","7":"category-accion-politica","8":"category-es-accion-sindical","9":"category-accion-social","10":"category-es-sindicato-lab","11":"tag-accion-sindical-es","12":"tag-garbine-aranburu-es","13":"tag-m1-26-es","14":"tag-portada-es","15":"tag-servicios-publicos-es","16":"post_format-post-format-video"},"_links":{"self":[{"href":"https:\/\/www.lab.eus\/es\/wp-json\/wp\/v2\/posts\/92207","targetHints":{"allow":["GET"]}}],"collection":[{"href":"https:\/\/www.lab.eus\/es\/wp-json\/wp\/v2\/posts"}],"about":[{"href":"https:\/\/www.lab.eus\/es\/wp-json\/wp\/v2\/types\/post"}],"author":[{"embeddable":true,"href":"https:\/\/www.lab.eus\/es\/wp-json\/wp\/v2\/users\/1191"}],"replies":[{"embeddable":true,"href":"https:\/\/www.lab.eus\/es\/wp-json\/wp\/v2\/comments?post=92207"}],"version-history":[{"count":5,"href":"https:\/\/www.lab.eus\/es\/wp-json\/wp\/v2\/posts\/92207\/revisions"}],"predecessor-version":[{"id":92367,"href":"https:\/\/www.lab.eus\/es\/wp-json\/wp\/v2\/posts\/92207\/revisions\/92367"}],"wp:featuredmedia":[{"embeddable":true,"href":"https:\/\/www.lab.eus\/es\/wp-json\/wp\/v2\/media\/92347"}],"wp:attachment":[{"href":"https:\/\/www.lab.eus\/es\/wp-json\/wp\/v2\/media?parent=92207"}],"wp:term":[{"taxonomy":"category","embeddable":true,"href":"https:\/\/www.lab.eus\/es\/wp-json\/wp\/v2\/categories?post=92207"},{"taxonomy":"post_tag","embeddable":true,"href":"https:\/\/www.lab.eus\/es\/wp-json\/wp\/v2\/tags?post=92207"}],"curies":[{"name":"wp","href":"https:\/\/api.w.org\/{rel}","templated":true}]}}