{"id":92180,"date":"2026-04-30T12:38:26","date_gmt":"2026-04-30T12:38:26","guid":{"rendered":"https:\/\/www.lab.eus\/?p=92180"},"modified":"2026-04-30T12:38:29","modified_gmt":"2026-04-30T12:38:29","slug":"los-y-las-trabajadoras-del-ayuntamiento-de-erandio-se-han-movilizado-contra-la-privatizacion-de-la-ayuda-domiciliaria-que-tiene-previsto-iniciar-el-ayuntamiento-de-erandio","status":"publish","type":"post","link":"https:\/\/www.lab.eus\/es\/los-y-las-trabajadoras-del-ayuntamiento-de-erandio-se-han-movilizado-contra-la-privatizacion-de-la-ayuda-domiciliaria-que-tiene-previsto-iniciar-el-ayuntamiento-de-erandio\/","title":{"rendered":"Los y las trabajadoras del Ayuntamiento de Erandio se han movilizado contra la privatizaci\u00f3n de la ayuda domiciliaria que tiene previsto iniciar el Ayuntamiento de Erandio"},"content":{"rendered":"\n<p>Llevan a\u00f1os exigiendo reforzar el servicio de ayuda a domicilio. Por un lado, para garantizar el derecho a todos los y las erandioztarras que deber\u00edan tener acceso al servicio, por otro, para que la calidad del servicio que se preste sea la adecuada y, por \u00faltimo, para que se respeten las condiciones laborales del personal del servicio. Mientras tanto, denuncian que el Ayuntamiento ha incrementado las cargas de trabajo, ha reducido el tiempo, no ha garantizado el servicio que exige la ley de dependencia y no ha renovado la plantilla y la ha desestabilizado. <\/p>\n\n\n\n<p>En esta situaci\u00f3n, los trabajadores consideran que la decisi\u00f3n de ampliar el servicio que ha tomado el ayuntamiento es una buena noticia. Por el contrario, han rechazado la forma de ampliar el servicio, ya que el Ayuntamiento tiene intenci\u00f3n de potenciar el servicio a trav\u00e9s de una empresa privada. Dicen que gestionarlo a trav\u00e9s de una empresa privada supondr\u00eda rebajar la calidad del servicio, desestabilizar la plantilla y precarizar las condiciones laborales de las trabajadoras. Les preocupa que la prestaci\u00f3n del servicio de tardes y fines de semana a trav\u00e9s de una empresa privada no sea m\u00e1s que el principio de la privatizaci\u00f3n de todo el servicio que vendr\u00e1 despu\u00e9s. <\/p>\n\n\n\n<p>Por ello, los y las trabajadoras exigen al Ayuntamiento que ampl\u00ede y consolide el servicio de ayuda domiciliaria y que lo haga mediante gesti\u00f3n p\u00fablica, promoviendo una oferta p\u00fablica de empleo necesaria para ello. <\/p>\n\n\n\n<p>Al considerar que el problema de la privatizaci\u00f3n no es solo de los y las trabajadoras y afecta a toda la ciudadan\u00eda, han llamado a los y las erantioztarras a participar en la asamblea informativa que se celebrar\u00e1 el pr\u00f3ximo 15 de mayo a las 18:00 horas en el aula 207 de Behekoa Ikastetxea y en la movilizaci\u00f3n que tendr\u00e1 lugar el 22 de mayoa las 18:30.<\/p>\n\n\n\n<p>NO A LA PRIVATIZACI\u00d3N REFORZAR EL SERVICIO A DOMICILIO <\/p>\n\n\n\n<p><\/p>\n","protected":false},"excerpt":{"rendered":"<p>Llevan a\u00f1os exigiendo reforzar el servicio de ayuda a domicilio. Por un lado, para garantizar el derecho a todos los y las erandioztarras que deber\u00edan tener acceso al servicio, por otro, para que la calidad del servicio que se preste sea la adecuada y, por \u00faltimo, para que se respeten las condiciones laborales del personal [&hellip;]<\/p>\n","protected":false},"author":1191,"featured_media":92178,"comment_status":"closed","ping_status":"closed","sticky":false,"template":"","format":"standard","meta":{"_monsterinsights_skip_tracking":false,"_monsterinsights_sitenote_active":false,"_monsterinsights_sitenote_note":"","_monsterinsights_sitenote_category":0,"footnotes":"","_links_to":"","_links_to_target":""},"categories":[18],"tags":[3033,3178],"class_list":{"0":"post-92180","1":"post","2":"type-post","3":"status-publish","4":"format-standard","5":"has-post-thumbnail","7":"category-es-accion-sindical","8":"tag-accion-sindical-es","9":"tag-destacado-1"},"_links":{"self":[{"href":"https:\/\/www.lab.eus\/es\/wp-json\/wp\/v2\/posts\/92180","targetHints":{"allow":["GET"]}}],"collection":[{"href":"https:\/\/www.lab.eus\/es\/wp-json\/wp\/v2\/posts"}],"about":[{"href":"https:\/\/www.lab.eus\/es\/wp-json\/wp\/v2\/types\/post"}],"author":[{"embeddable":true,"href":"https:\/\/www.lab.eus\/es\/wp-json\/wp\/v2\/users\/1191"}],"replies":[{"embeddable":true,"href":"https:\/\/www.lab.eus\/es\/wp-json\/wp\/v2\/comments?post=92180"}],"version-history":[{"count":1,"href":"https:\/\/www.lab.eus\/es\/wp-json\/wp\/v2\/posts\/92180\/revisions"}],"predecessor-version":[{"id":92181,"href":"https:\/\/www.lab.eus\/es\/wp-json\/wp\/v2\/posts\/92180\/revisions\/92181"}],"wp:featuredmedia":[{"embeddable":true,"href":"https:\/\/www.lab.eus\/es\/wp-json\/wp\/v2\/media\/92178"}],"wp:attachment":[{"href":"https:\/\/www.lab.eus\/es\/wp-json\/wp\/v2\/media?parent=92180"}],"wp:term":[{"taxonomy":"category","embeddable":true,"href":"https:\/\/www.lab.eus\/es\/wp-json\/wp\/v2\/categories?post=92180"},{"taxonomy":"post_tag","embeddable":true,"href":"https:\/\/www.lab.eus\/es\/wp-json\/wp\/v2\/tags?post=92180"}],"curies":[{"name":"wp","href":"https:\/\/api.w.org\/{rel}","templated":true}]}}