{"id":92170,"date":"2026-04-30T14:38:08","date_gmt":"2026-04-30T14:38:08","guid":{"rendered":"https:\/\/www.lab.eus\/?p=92170"},"modified":"2026-04-30T14:38:11","modified_gmt":"2026-04-30T14:38:11","slug":"lab-firma-el-primer-preacuerdo-de-residencias-de-navarra-tras-seis-anos-de-lucha-sindical","status":"publish","type":"post","link":"https:\/\/www.lab.eus\/es\/lab-firma-el-primer-preacuerdo-de-residencias-de-navarra-tras-seis-anos-de-lucha-sindical\/","title":{"rendered":"LAB firma el primer preacuerdo de residencias de Navarra tras seis a\u00f1os de lucha sindical"},"content":{"rendered":"\n<p><strong>El sindicato LAB ha firmado el primer preacuerdo del convenio colectivo de residencias de Navarra, un acuerdo que llega tras seis a\u00f1os de movilizaci\u00f3n y organizaci\u00f3n sindical en el sector. El convenio supondr\u00e1 un avance significativo en la mejora de las condiciones laborales y salariales de la plantilla, entre ellas, la de establecer un salario m\u00ednimo de 1.500 euros.<\/strong><\/p>\n\n\n\n<p>LAB recuerda que en 2020 dio los primeros pasos para impulsar un convenio propio y superar la situaci\u00f3n de precariedad derivada del convenio estatal de residencias. Desde entonces, la organizaci\u00f3n sindical ha impulsado huelgas, paros, movilizaciones, asambleas e iniciativas de protesta, en un proceso que, seg\u00fan destaca, ha contado con la \u201ccapacidad organizativa, la fortaleza, la firmeza y la valent\u00eda\u201d de las trabajadoras del sector como elemento determinante.<\/p>\n\n\n\n<p>El preacuerdo recoge una serie de mejoras consideradas relevantes por el sindicato. Entre ellas, la equiparaci\u00f3n salarial hasta alcanzar los 1.500 euros en todas las categor\u00edas, una reducci\u00f3n de jornada de 123 horas, con una bajada de 82 horas en 2027, la incorporaci\u00f3n de cuatro d\u00edas de asuntos propios y avances en el complemento de bajas. Asimismo, se blindar\u00e1n las mejoras laborales existentes en las empresas, es decir, las trabajadoras con mejores condiciones no sufrir\u00e1n p\u00e9rdidas y los salarios m\u00e1s altos continuar\u00e1n increment\u00e1ndose anualmente.<\/p>\n\n\n\n<p>LAB destaca que este acuerdo recoge el \u201cclamor de la huelga general del 17 de marzo en Hego Euskal Herria\u201d, centrada en la reivindicaci\u00f3n de un salario m\u00ednimo de 1.500 euros. El sindicato sostiene que el resultado demuestra que \u201cen Navarra es posible\u201d avanzar en la negociaci\u00f3n propia y hacer frente a la estatalizaci\u00f3n del sector, abriendo as\u00ed un nuevo escenario en el \u00e1mbito laboral y pol\u00edtico.<\/p>\n\n\n\n<p>El sindicato ha se\u00f1alado tambi\u00e9n que este momento supone una victoria colectiva tras un proceso largo y exigente, y ha expresado su agradecimiento a todas las trabajadoras que han participado en la lucha. En los pr\u00f3ximos meses, las partes trabajar\u00e1n en la redacci\u00f3n definitiva del convenio para su aprobaci\u00f3n final.<\/p>\n","protected":false},"excerpt":{"rendered":"<p>El sindicato LAB ha firmado el primer preacuerdo del convenio colectivo de residencias de Navarra, un acuerdo que llega tras seis a\u00f1os de movilizaci\u00f3n y organizaci\u00f3n sindical en el sector. El convenio supondr\u00e1 un avance significativo en la mejora de las condiciones laborales y salariales de la plantilla, entre ellas, la de establecer un salario [&hellip;]<\/p>\n","protected":false},"author":1191,"featured_media":92196,"comment_status":"closed","ping_status":"closed","sticky":false,"template":"","format":"standard","meta":{"_monsterinsights_skip_tracking":false,"_monsterinsights_sitenote_active":false,"_monsterinsights_sitenote_note":"","_monsterinsights_sitenote_category":0,"footnotes":"","_links_to":"","_links_to_target":""},"categories":[18],"tags":[3033,3178],"class_list":{"0":"post-92170","1":"post","2":"type-post","3":"status-publish","4":"format-standard","5":"has-post-thumbnail","7":"category-es-accion-sindical","8":"tag-accion-sindical-es","9":"tag-destacado-1"},"_links":{"self":[{"href":"https:\/\/www.lab.eus\/es\/wp-json\/wp\/v2\/posts\/92170","targetHints":{"allow":["GET"]}}],"collection":[{"href":"https:\/\/www.lab.eus\/es\/wp-json\/wp\/v2\/posts"}],"about":[{"href":"https:\/\/www.lab.eus\/es\/wp-json\/wp\/v2\/types\/post"}],"author":[{"embeddable":true,"href":"https:\/\/www.lab.eus\/es\/wp-json\/wp\/v2\/users\/1191"}],"replies":[{"embeddable":true,"href":"https:\/\/www.lab.eus\/es\/wp-json\/wp\/v2\/comments?post=92170"}],"version-history":[{"count":1,"href":"https:\/\/www.lab.eus\/es\/wp-json\/wp\/v2\/posts\/92170\/revisions"}],"predecessor-version":[{"id":92171,"href":"https:\/\/www.lab.eus\/es\/wp-json\/wp\/v2\/posts\/92170\/revisions\/92171"}],"wp:featuredmedia":[{"embeddable":true,"href":"https:\/\/www.lab.eus\/es\/wp-json\/wp\/v2\/media\/92196"}],"wp:attachment":[{"href":"https:\/\/www.lab.eus\/es\/wp-json\/wp\/v2\/media?parent=92170"}],"wp:term":[{"taxonomy":"category","embeddable":true,"href":"https:\/\/www.lab.eus\/es\/wp-json\/wp\/v2\/categories?post=92170"},{"taxonomy":"post_tag","embeddable":true,"href":"https:\/\/www.lab.eus\/es\/wp-json\/wp\/v2\/tags?post=92170"}],"curies":[{"name":"wp","href":"https:\/\/api.w.org\/{rel}","templated":true}]}}