{"id":92160,"date":"2026-04-30T11:10:23","date_gmt":"2026-04-30T11:10:23","guid":{"rendered":"https:\/\/www.lab.eus\/?p=92160"},"modified":"2026-04-30T11:10:27","modified_gmt":"2026-04-30T11:10:27","slug":"igor-arroyo-lo-que-para-algunos-y-algunas-es-precariedad-para-otros-son-beneficios","status":"publish","type":"post","link":"https:\/\/www.lab.eus\/es\/igor-arroyo-lo-que-para-algunos-y-algunas-es-precariedad-para-otros-son-beneficios\/","title":{"rendered":"Igor Arroyo: \u201cLo que para algunos y algunas es precariedad, para otros son beneficios\u201d"},"content":{"rendered":"\n<p>El coordinador general de LAB ha concedido esta ma\u00f1ana <a href=\"https:\/\/irratia.naiz.eus\/eu\/info_irratia\/20260430\/historiak-erakusten-du-herri-langilea-antolatu-denean-posible-dela-aldaketak-bultzatzea\">una entrevista en los micr\u00f3fonos de Naiz Irratia<\/a>. Entre otros asuntos, ha hablado sobre situaci\u00f3n tras la huelga general, sobre salud laboral, sobre los perfiles ling\u00fc\u00edsticos y, c\u00f3mo no, sobre las convocatorias del sindicato para ma\u00f1ana, D\u00eda Internacional de los Trabajadores y las Trabajadoras.<br><br><a href=\"https:\/\/www.lab.eus\/es\/primero-de-mayo-lab-reivindicara-politicas-en-favor-de-la-clase-trabajadora-ante-la-guerra-y-el-encarecimiento-de-la-vida\/\">Las movilizaciones convocadas por el sindicato LAB para este Primero de Mayo <\/a>se centrar\u00e1n en reivindicar pol\u00edticas a favor de los trabajadores y las trabajadoras. En este sentido, destacan tres reivindicaciones: derecho a la vivienda, servicios p\u00fablicos de calidad y salarios y pensiones dignas. Y es que, seg\u00fan Arroyo, \u00abvivimos en un sistema injusto y cada vez m\u00e1s inviable\u00bb, ante el que \u00abhay que plantear alternativas y repartir de forma justa los recursos que son limitados\u00bb.<br><br>El cuidado y la vivienda, los cuales deber\u00edan estar garantizados para la gente trabajadora, a d\u00eda de hoy se utilizan como medios para obtener beneficios, seg\u00fan ha explicado Arroyo, quien considera que las medidas adoptadas por gobernantes e instituciones son totalmente insuficientes y que hoy por hoy no hay voluntad de adoptar medidas de calado en dicho sentido y dejar de favorecer a los intereses de la patronal. Pues bien, a juicio del coordinador general de LAB, estas pr\u00e1cticas van a tener cada vez mayores consecuencias pol\u00edticas, ya que los trabajadores y las trabajadoras no est\u00e1n dispuestos y dispuestas a soportar este desequilibrio durante m\u00e1s tiempo.<br><br>Adem\u00e1s, Arroyo se ha referido a la campa\u00f1a de la patronal para desprestigiar a la gente trabajadora utilizando la mentira del absentismo y ha recordado que a los empresarios les sale barato incumplir la ley en materia de salud laboral. Por ello, ha reivindicado que hace falta aumentar el n\u00famero de inspectores e inspectoras, que a d\u00eda de hoy es \u00abclaramente insuficiente\u00bb.<br><br>El coordinador general de LAB tambi\u00e9n ha abordado el tema de los perfiles de euskera. En opini\u00f3n de LAB el euskera debe tener el mismo estatus que el castellano y esa es la base sobre la que se deben establecer los perfiles ling\u00fc\u00edsticos en el empleo p\u00fablico, para garantizar los derechos ling\u00fc\u00edsticos de la ciudadan\u00eda.<br><br>Por todo lo mencionado, Arroyo ha subrayado la importancia de salir ma\u00f1ana a la calle y luchar por los derechos de los trabajadores y las trabajadoras.<\/p>\n","protected":false},"excerpt":{"rendered":"<p>El coordinador general de LAB ha concedido esta ma\u00f1ana una entrevista en los micr\u00f3fonos de Naiz Irratia. Entre otros asuntos, ha hablado sobre situaci\u00f3n tras la huelga general, sobre salud laboral, sobre los perfiles ling\u00fc\u00edsticos y, c\u00f3mo no, sobre las convocatorias del sindicato para ma\u00f1ana, D\u00eda Internacional de los Trabajadores y las Trabajadoras.<\/p>\n","protected":false},"author":1191,"featured_media":92158,"comment_status":"closed","ping_status":"closed","sticky":false,"template":"","format":"standard","meta":{"_monsterinsights_skip_tracking":false,"_monsterinsights_sitenote_active":false,"_monsterinsights_sitenote_note":"","_monsterinsights_sitenote_category":0,"footnotes":"","_links_to":"","_links_to_target":""},"categories":[3402,18,2994,11],"tags":[3033,3182,3178,3172,3171],"class_list":{"0":"post-92160","1":"post","2":"type-post","3":"status-publish","4":"format-standard","5":"has-post-thumbnail","7":"category-accion-politica","8":"category-es-accion-sindical","9":"category-accion-social","10":"category-es-sindicato-lab","11":"tag-accion-sindical-es","12":"tag-accion-social-es","13":"tag-destacado-1","14":"tag-servicios-privados-es","15":"tag-servicios-publicos-es"},"_links":{"self":[{"href":"https:\/\/www.lab.eus\/es\/wp-json\/wp\/v2\/posts\/92160","targetHints":{"allow":["GET"]}}],"collection":[{"href":"https:\/\/www.lab.eus\/es\/wp-json\/wp\/v2\/posts"}],"about":[{"href":"https:\/\/www.lab.eus\/es\/wp-json\/wp\/v2\/types\/post"}],"author":[{"embeddable":true,"href":"https:\/\/www.lab.eus\/es\/wp-json\/wp\/v2\/users\/1191"}],"replies":[{"embeddable":true,"href":"https:\/\/www.lab.eus\/es\/wp-json\/wp\/v2\/comments?post=92160"}],"version-history":[{"count":2,"href":"https:\/\/www.lab.eus\/es\/wp-json\/wp\/v2\/posts\/92160\/revisions"}],"predecessor-version":[{"id":92163,"href":"https:\/\/www.lab.eus\/es\/wp-json\/wp\/v2\/posts\/92160\/revisions\/92163"}],"wp:featuredmedia":[{"embeddable":true,"href":"https:\/\/www.lab.eus\/es\/wp-json\/wp\/v2\/media\/92158"}],"wp:attachment":[{"href":"https:\/\/www.lab.eus\/es\/wp-json\/wp\/v2\/media?parent=92160"}],"wp:term":[{"taxonomy":"category","embeddable":true,"href":"https:\/\/www.lab.eus\/es\/wp-json\/wp\/v2\/categories?post=92160"},{"taxonomy":"post_tag","embeddable":true,"href":"https:\/\/www.lab.eus\/es\/wp-json\/wp\/v2\/tags?post=92160"}],"curies":[{"name":"wp","href":"https:\/\/api.w.org\/{rel}","templated":true}]}}