{"id":92144,"date":"2026-04-29T13:46:59","date_gmt":"2026-04-29T13:46:59","guid":{"rendered":"https:\/\/www.lab.eus\/?p=92144"},"modified":"2026-04-29T14:12:51","modified_gmt":"2026-04-29T14:12:51","slug":"ela-lab-y-steilas-llaman-a-superar-la-campana-de-presion-del-pse-ee-y-otros-agentes-euskarafobos-en-la-ley-del-empleo-publico","status":"publish","type":"post","link":"https:\/\/www.lab.eus\/es\/ela-lab-y-steilas-llaman-a-superar-la-campana-de-presion-del-pse-ee-y-otros-agentes-euskarafobos-en-la-ley-del-empleo-publico\/","title":{"rendered":"LAB, ELA y Steilas llaman a superar la campa\u00f1a de presi\u00f3n del PSE-EE y otros agentes euskar\u00f3fobos en la Ley del Empleo P\u00fablico"},"content":{"rendered":"\n<p><strong>Los partidos pol\u00edticos, los sindicatos y los medios de comunicaci\u00f3n euskarafobos est\u00e1n ejerciendo una presi\u00f3n organizada para impedir la euskaldunizaci\u00f3n de las administraciones; frente a la criminalizaci\u00f3n y las presiones, los sindicatos han llamado a movilizarse el 9 de mayo<\/strong>.<\/p>\n\n\n\n<p>En los \u00faltimos meses el PSE-EE y otros agentes euskarafobos est\u00e1n haciendo campa\u00f1a contra los agentes y sindicatos euskaltzales. Estos agentes han retrocedido en posiciones pasadas: se han negado a equiparar progresivamente los derechos ling\u00fc\u00edsticos en las administraciones y en el conjunto de la sociedad y quieren perpetuar el euskera como una lengua subordinada al castellano.<\/p>\n\n\n\n<p>Hace 40 a\u00f1os el PSE-EE y el resto de agentes coincidieron en la necesidad de una progresiva euskaldunizaci\u00f3n de la sociedad, y ahora cuando se acuerdan las medidas para llevarla a cabo, pretenden utilizar el derecho a veto para obstaculizarlas. As\u00ed lo hicieron en la Ley de Educaci\u00f3n cuando impusieron los modelos A y B que no permiten la euskaldunizaci\u00f3n y ahora lo est\u00e1n haciendo en las administraciones impidiendo una equiparaci\u00f3n progresiva de la exigencia del euskera y del castellano. Todos estos agentes se manifiestan a favor del euskera, siempre y cuando est\u00e9 subordinado al castellano.<\/p>\n\n\n\n<p>En esa campa\u00f1a de criminalizaci\u00f3n hay que situar: la campa\u00f1a organizada para la eliminaci\u00f3n de perfiles ling\u00fc\u00edsticos en las administraciones, los cambios regresivos de doctrina judicial, la campa\u00f1a de comunicaci\u00f3n contra la Korrika, la expulsi\u00f3n de LAB y ELA de la comisi\u00f3n de debate del \u00e1mbito socioecon\u00f3mico o, como sucedi\u00f3 ayer, la campa\u00f1a de manipulaci\u00f3n por parte del PSE-EE para evitar acuerdos con EH Bildu.<\/p>\n\n\n\n<p>LAB, ELA y Steilas consideran que esta campa\u00f1a evita el debate en profundidad y que, en lugar de debatir sobre los contenidos, tratan de situar a los agentes euskaltzales en posiciones supuestamente extremistas, para que posteriormente el PSE-EE y la minor\u00eda sindical tengan derecho a veto. El PSE-EE quiere ejercer ese derecho de veto para perpetuar la imposici\u00f3n del castellano.<\/p>\n\n\n\n<p>LAB, ELA y Steilas consideran que la Ley de Empleo P\u00fablico debe contemplar tres principios:<\/p>\n\n\n\n<p>\u2022 Equiparar la exigencia del euskera y del castellano.<br>\u2022 Determinar la fecha l\u00edmite y los objetivos para esta equiparaci\u00f3n.<br>\u2022 Ofrecer oportunidades, tiempo y recursos para euskaldunizar a todos y todas las empleadas p\u00fablicos que no saben euskera en el periodo que se acuerde y que resulte razonable.<\/p>\n\n\n\n<p>Esta propuesta posibilita la equiparaci\u00f3n progresiva de los derechos ling\u00fc\u00edsticos, dando opciones de euskaldunizaci\u00f3n a todas aquellas personas trabajadoras que no saben euskera. Solo una propuesta de este tipo permite respetar todos los derechos laborales, es decir, no poner en peligro el trabajo de nadie ofreciendo posibilidades reales de euskaldunizaci\u00f3n y que los trabajadores y las trabajadoras tengan derecho a trabajar tambi\u00e9n en euskera.<\/p>\n\n\n\n<p>La semana pasada Eneko Andueza, el fin de semana Mikel Torres, y la posici\u00f3n general del PSE-EE dejan claro que quieren manipular las posiciones pol\u00edticas euskaltzales. LAB, ELA y Steilas llaman a los partidos pol\u00edticos y, en especial, al PNV a no basar las relaciones con el PSE-EE en la conculcaci\u00f3n sistem\u00e1tica de los derechos ling\u00fc\u00edsticos.<\/p>\n\n\n\n<p>Por \u00faltimo, LAB, ELA y Steilas llaman a organizar la respuesta euskaltzale frente a esta campa\u00f1a de criminalizaci\u00f3n y manipulaci\u00f3n, primero el 9 de mayo en las calles de Bilbo y, posteriormente, el 13 de junio en Iru\u00f1ea.<\/p>\n","protected":false},"excerpt":{"rendered":"<p>Los partidos pol\u00edticos, los sindicatos y los medios de comunicaci\u00f3n euskarafobos est\u00e1n ejerciendo una presi\u00f3n organizada para impedir la euskaldunizaci\u00f3n de las administraciones; frente a la criminalizaci\u00f3n y las presiones, los sindicatos han llamado a movilizarse el 9 de mayo. En los \u00faltimos meses el PSE-EE y otros agentes euskarafobos est\u00e1n haciendo campa\u00f1a contra los [&hellip;]<\/p>\n","protected":false},"author":1191,"featured_media":92142,"comment_status":"closed","ping_status":"closed","sticky":false,"template":"","format":"standard","meta":{"_monsterinsights_skip_tracking":false,"_monsterinsights_sitenote_active":false,"_monsterinsights_sitenote_note":"","_monsterinsights_sitenote_category":0,"footnotes":"","_links_to":"","_links_to_target":""},"categories":[18],"tags":[3033,3178],"class_list":{"0":"post-92144","1":"post","2":"type-post","3":"status-publish","4":"format-standard","5":"has-post-thumbnail","7":"category-es-accion-sindical","8":"tag-accion-sindical-es","9":"tag-destacado-1"},"_links":{"self":[{"href":"https:\/\/www.lab.eus\/es\/wp-json\/wp\/v2\/posts\/92144","targetHints":{"allow":["GET"]}}],"collection":[{"href":"https:\/\/www.lab.eus\/es\/wp-json\/wp\/v2\/posts"}],"about":[{"href":"https:\/\/www.lab.eus\/es\/wp-json\/wp\/v2\/types\/post"}],"author":[{"embeddable":true,"href":"https:\/\/www.lab.eus\/es\/wp-json\/wp\/v2\/users\/1191"}],"replies":[{"embeddable":true,"href":"https:\/\/www.lab.eus\/es\/wp-json\/wp\/v2\/comments?post=92144"}],"version-history":[{"count":3,"href":"https:\/\/www.lab.eus\/es\/wp-json\/wp\/v2\/posts\/92144\/revisions"}],"predecessor-version":[{"id":92151,"href":"https:\/\/www.lab.eus\/es\/wp-json\/wp\/v2\/posts\/92144\/revisions\/92151"}],"wp:featuredmedia":[{"embeddable":true,"href":"https:\/\/www.lab.eus\/es\/wp-json\/wp\/v2\/media\/92142"}],"wp:attachment":[{"href":"https:\/\/www.lab.eus\/es\/wp-json\/wp\/v2\/media?parent=92144"}],"wp:term":[{"taxonomy":"category","embeddable":true,"href":"https:\/\/www.lab.eus\/es\/wp-json\/wp\/v2\/categories?post=92144"},{"taxonomy":"post_tag","embeddable":true,"href":"https:\/\/www.lab.eus\/es\/wp-json\/wp\/v2\/tags?post=92144"}],"curies":[{"name":"wp","href":"https:\/\/api.w.org\/{rel}","templated":true}]}}