{"id":92130,"date":"2026-04-29T12:02:55","date_gmt":"2026-04-29T12:02:55","guid":{"rendered":"https:\/\/www.lab.eus\/?p=92130"},"modified":"2026-04-29T12:03:01","modified_gmt":"2026-04-29T12:03:01","slug":"ezkaba-se-moviliza-contra-la-descalificacion-de-190-viviendas-protegidas","status":"publish","type":"post","link":"https:\/\/www.lab.eus\/es\/ezkaba-se-moviliza-contra-la-descalificacion-de-190-viviendas-protegidas\/","title":{"rendered":"Ezkaba se moviliza contra la descalificaci\u00f3n de 190 viviendas protegidas"},"content":{"rendered":"\n<p><strong>Los vecinos y vecinas de Ezkaba (Chantrea), acompa\u00f1adas por LAB, han denunciado la inminente descalificaci\u00f3n de 190 viviendas de Protecci\u00f3n Oficial en el a\u00f1o 2027, una situaci\u00f3n que advierten supondr\u00e1 su entrada en el mercado privado y que califican como una \u201camenaza directa al derecho a la vivienda\u201d. Hoy han llevado a cabo una concentraci\u00f3n ante la Diputaci\u00f3n y han solicitado una reuni\u00f3n urgente con la Consejera de Vivienda, Bego\u00f1a Alfaro.<\/strong><\/p>\n\n\n\n<p>Durante la movilizaci\u00f3n, dos vecinas afectadas han le\u00eddo un comunicado en nombre del conjunto del vecindario en el que subrayan no estar \u201cante un problema individual, sino ante un conflicto social de primer orden que requiere respuestas estructurales\u201d. Seg\u00fan explican, la p\u00e9rdida del car\u00e1cter protegido de estas viviendas abrir\u00eda la puerta a incrementos desorbitados en los alquileres, mayor inestabilidad contractual y un riesgo real de expulsi\u00f3n de las familias residentes.<\/p>\n\n\n\n<p>En el comunicado, los y las vecinas han denunciado que la vivienda \u201cno puede seguir trat\u00e1ndose como un bien de mercado sujeto exclusivamente a la l\u00f3gica del beneficio econ\u00f3mico\u201d, recordando que durante d\u00e9cadas las instituciones p\u00fablicas, bajo sucesivos gobiernos de UPN y PSN, han destinado suelo, subvenciones y beneficios fiscales que, seg\u00fan afirman, \u201chan terminado sirviendo a intereses particulares y especulativos\u201d. En su diagn\u00f3stico, este modelo ha contribuido a la p\u00e9rdida progresiva del car\u00e1cter social de miles de viviendas en Navarra y a la reducci\u00f3n del parque p\u00fablico.<\/p>\n\n\n\n<p>En el caso concreto de Ezkaba, alertan de que la descalificaci\u00f3n de estas 190 viviendas supone una amenaza directa a la estabilidad residencial. \u201cLa p\u00e9rdida del car\u00e1cter protegido supondr\u00eda, en la pr\u00e1ctica, la imposibilidad de continuar residiendo en nuestros hogares\u201d, se\u00f1alan, al tiempo que recuerdan que muchas de las familias dependen de ayudas p\u00fablicas y que sus ingresos no les permitir\u00edan sostenerse en el mercado libre, marcado por precios \u201ccada vez m\u00e1s elevados y desvinculados de la realidad social\u201d.<\/p>\n\n\n\n<p>El conjunto de residentes pone adem\u00e1s el foco en lo que consideran una contradicci\u00f3n estructural en las pol\u00edticas de vivienda, al se\u00f1alar que mientras se reconoce este derecho como fundamental, las herramientas aplicadas han contribuido a debilitarlo. Denuncian la falta de un parque p\u00fablico s\u00f3lido, permanente y desmercantilizado, lo que deja a amplias capas de la poblaci\u00f3n en una situaci\u00f3n de vulnerabilidad constante.<\/p>\n\n\n\n<p>Ante este escenario, los vecinos y vecinas de Ezkaba han decidido organizarse colectivamente. LAB est\u00e1 dinamizando la acci\u00f3n sindical junto al barrio y reivindica que las viviendas construidas con recursos p\u00fablicos deben permanecer de forma indefinida fuera del mercado especulativo y convertirse en un parque p\u00fablico estable de alquiler social.<\/p>\n\n\n\n<p>Por ello, exigen al Gobierno de Navarra \u201cmedidas inmediatas y valientes\u201d, entre ellas impedir la descalificaci\u00f3n de estas viviendas, reforzar el parque p\u00fablico de vivienda, garantizar contratos de alquiler indefinidos y regular los precios para adaptarlos a la realidad econ\u00f3mica de la poblaci\u00f3n. Paralelamente, anuncian el inicio de una din\u00e1mica de movilizaci\u00f3n sostenida para defender sus hogares y su derecho a permanecer en el barrio, concluyendo con un mensaje claro: \u201cDefender Ezkaba es defender el derecho a la vivienda\u201d.<\/p>\n","protected":false},"excerpt":{"rendered":"<p>Los vecinos y vecinas de Ezkaba (Chantrea), acompa\u00f1adas por LAB, han denunciado la inminente descalificaci\u00f3n de 190 viviendas de Protecci\u00f3n Oficial en el a\u00f1o 2027, una situaci\u00f3n que advierten supondr\u00e1 su entrada en el mercado privado y que califican como una \u201camenaza directa al derecho a la vivienda\u201d. Hoy han llevado a cabo una concentraci\u00f3n [&hellip;]<\/p>\n","protected":false},"author":1191,"featured_media":92128,"comment_status":"closed","ping_status":"closed","sticky":false,"template":"","format":"standard","meta":{"_monsterinsights_skip_tracking":false,"_monsterinsights_sitenote_active":false,"_monsterinsights_sitenote_note":"","_monsterinsights_sitenote_category":0,"footnotes":"","_links_to":"","_links_to_target":""},"categories":[2994],"tags":[3182,3178],"class_list":{"0":"post-92130","1":"post","2":"type-post","3":"status-publish","4":"format-standard","5":"has-post-thumbnail","7":"category-accion-social","8":"tag-accion-social-es","9":"tag-destacado-1"},"_links":{"self":[{"href":"https:\/\/www.lab.eus\/es\/wp-json\/wp\/v2\/posts\/92130","targetHints":{"allow":["GET"]}}],"collection":[{"href":"https:\/\/www.lab.eus\/es\/wp-json\/wp\/v2\/posts"}],"about":[{"href":"https:\/\/www.lab.eus\/es\/wp-json\/wp\/v2\/types\/post"}],"author":[{"embeddable":true,"href":"https:\/\/www.lab.eus\/es\/wp-json\/wp\/v2\/users\/1191"}],"replies":[{"embeddable":true,"href":"https:\/\/www.lab.eus\/es\/wp-json\/wp\/v2\/comments?post=92130"}],"version-history":[{"count":1,"href":"https:\/\/www.lab.eus\/es\/wp-json\/wp\/v2\/posts\/92130\/revisions"}],"predecessor-version":[{"id":92131,"href":"https:\/\/www.lab.eus\/es\/wp-json\/wp\/v2\/posts\/92130\/revisions\/92131"}],"wp:featuredmedia":[{"embeddable":true,"href":"https:\/\/www.lab.eus\/es\/wp-json\/wp\/v2\/media\/92128"}],"wp:attachment":[{"href":"https:\/\/www.lab.eus\/es\/wp-json\/wp\/v2\/media?parent=92130"}],"wp:term":[{"taxonomy":"category","embeddable":true,"href":"https:\/\/www.lab.eus\/es\/wp-json\/wp\/v2\/categories?post=92130"},{"taxonomy":"post_tag","embeddable":true,"href":"https:\/\/www.lab.eus\/es\/wp-json\/wp\/v2\/tags?post=92130"}],"curies":[{"name":"wp","href":"https:\/\/api.w.org\/{rel}","templated":true}]}}