{"id":92113,"date":"2026-04-28T15:05:02","date_gmt":"2026-04-28T15:05:02","guid":{"rendered":"https:\/\/www.lab.eus\/?p=92113"},"modified":"2026-04-28T15:05:05","modified_gmt":"2026-04-28T15:05:05","slug":"precariedad-estructural-en-primera-linea-brechas-estructurales-y-declive-de-la-industria","status":"publish","type":"post","link":"https:\/\/www.lab.eus\/es\/precariedad-estructural-en-primera-linea-brechas-estructurales-y-declive-de-la-industria\/","title":{"rendered":"Precariedad estructural en primera l\u00ednea; brechas estructurales y declive de la industria"},"content":{"rendered":"\n<p><strong>La Encuesta de Poblaci\u00f3n Activa nos muestra que el desempleo ha aumentado, dejando el mercado laboral en una situaci\u00f3n cr\u00edtica. La tasa de paro en Hego Euskal Herria se sit\u00faa en el 8,4% en el primer trimestre del a\u00f1o, 12.500 parados m\u00e1s que en el \u00faltimo a\u00f1o. Si bien hay algunas mejoras puntuales \u20136.500 trabajadores m\u00e1s en activo, 19.000 activos m\u00e1s\u2013 los problemas estructurales se han intensificado, indicando los datos m\u00e1s lamentables del \u00faltimo a\u00f1o.<\/strong><\/p>\n\n\n\n<p>La precariedad tiene nombres y apellidos concretos: el desempleo se distribuye en funci\u00f3n de la edad, el origen y el g\u00e9nero es una premisa de sobra conocida. Y llevamos a\u00f1os denunciando que el problema es estructural. Las brechas estructurales est\u00e1n sobre la mesa.<\/p>\n\n\n\n<p>Como decimos, la precariedad no nos afecta a todos de la misma manera. Las mujeres somos uno de los grupos vulnerables. En el \u00faltimo a\u00f1o, hay 16.400 mujeres menos trabajando y 15.200 mujeres en busca de trabajo. Entre los hombres, el n\u00famero de ocupados ha aumentado en 22.900 personas y el n\u00famero de parados ha disminuido en 2.600. La tasa de paro femenina ha subido del 7,3% al 9,5% y la de actividad se ha quedado en el 52,45% (60,88% para los hombres). Esto significa que casi la mitad de las mujeres no est\u00e1n incluidas en el mercado laboral, una de cada dos mujeres.<\/p>\n\n\n\n<p>Adem\u00e1s de las mujeres, los m\u00e1s afectados son los j\u00f3venes y los migrantes. A pesar del descenso de la tasa de paro juvenil, el n\u00famero de parados ha aumentado en 12.500 personas (debido al aumento del n\u00famero de activos). La situaci\u00f3n de los migrantes es a\u00fan m\u00e1s vulnerable. Estamos en plena brecha racista: la tasa de desempleo de los migrantes se ha elevado al 28,3%. Entre ellos, los hombres representan el 21% y las mujeres el 35,8%. Si se combinan los tres indicadores, las mujeres racializadas j\u00f3venes son el grupo m\u00e1s vulnerable, evidenciando las problem\u00e1ticas del sistema.<\/p>\n\n\n\n<p>En cuanto a la evoluci\u00f3n del desempleo en cada sector, en el \u00faltimo a\u00f1o ha aumentado en servicios (con un 16,91% de paro), y especialmente en la industria, donde el paro ha crecido un 31,53%. En el caso de la industria, hace tiempo que venimos viendo su declive. Y es especialmente preocupante por su impacto futuro. En nuestra sociedad hemos empezado a ver las consecuencias, con Maderas Llodio y Tubos Reunidos, que est\u00e1n en la defensa del empleo.<\/p>\n\n\n\n<p>Estamos en un contexto cada vez m\u00e1s inestable, obligando a la clase trabajadora a permanecer en un espacio hostil. Ante esto, la lucha sindical debe ser la herramienta de respuesta. En un momento en el que el capitalismo se manifiesta sin m\u00e1scaras, la patronal aparece en contra de la negociaci\u00f3n del salario m\u00ednimo y los partidos que gestionan las instituciones tambi\u00e9n han mostrado su rechazo. Los datos muestran que la clase trabajadora es la m\u00e1s perjudicada en este encarecimiento constante de la vida. Hemos insistido en que solo los datos de desempleo no nos trasladan la fotograf\u00eda del \u00e1mbito del empleo. Ya que los empleos precarios los encontramos en el d\u00eda a d\u00eda, y tener un empleo as\u00ed no garantiza salir de la l\u00ednea de pobreza.<\/p>\n\n\n\n<p>Por todo ello, desde la convicci\u00f3n de la necesidad de la lucha sindical, vamos a llevar nuestras reivindicaciones principales a las calles. En el fondo, para hacer frente a este sistema capitalista heteropatriarcal y colonial exigimos, en primer lugar, un salario m\u00ednimo y una pensi\u00f3n para responder al encarecimiento de la vida. Fortalecer los servicios p\u00fablicos para garantizar el derecho a la educaci\u00f3n, a la\u00a0salud o a los cuidados. Junto a ello, acabar con la especulaci\u00f3n sobre la vivienda y defender la transici\u00f3n ecosocial y el empleo. Estamos en un camino que mejorar\u00e1 las condiciones de vida y de trabajo de toda la clase trabajadora.\u00a0<\/p>\n\n\n\n<p><\/p>\n","protected":false},"excerpt":{"rendered":"<p>La Encuesta de Poblaci\u00f3n Activa nos muestra que el desempleo ha aumentado, dejando el mercado laboral en una situaci\u00f3n cr\u00edtica. La tasa de paro en Hego Euskal Herria se sit\u00faa en el 8,4% en el primer trimestre del a\u00f1o, 12.500 parados m\u00e1s que en el \u00faltimo a\u00f1o. Si bien hay algunas mejoras puntuales \u20136.500 trabajadores [&hellip;]<\/p>\n","protected":false},"author":1191,"featured_media":92115,"comment_status":"closed","ping_status":"closed","sticky":false,"template":"","format":"standard","meta":{"_monsterinsights_skip_tracking":false,"_monsterinsights_sitenote_active":false,"_monsterinsights_sitenote_note":"","_monsterinsights_sitenote_category":0,"footnotes":"","_links_to":"","_links_to_target":""},"categories":[18],"tags":[3033,3178],"class_list":{"0":"post-92113","1":"post","2":"type-post","3":"status-publish","4":"format-standard","5":"has-post-thumbnail","7":"category-es-accion-sindical","8":"tag-accion-sindical-es","9":"tag-destacado-1"},"_links":{"self":[{"href":"https:\/\/www.lab.eus\/es\/wp-json\/wp\/v2\/posts\/92113","targetHints":{"allow":["GET"]}}],"collection":[{"href":"https:\/\/www.lab.eus\/es\/wp-json\/wp\/v2\/posts"}],"about":[{"href":"https:\/\/www.lab.eus\/es\/wp-json\/wp\/v2\/types\/post"}],"author":[{"embeddable":true,"href":"https:\/\/www.lab.eus\/es\/wp-json\/wp\/v2\/users\/1191"}],"replies":[{"embeddable":true,"href":"https:\/\/www.lab.eus\/es\/wp-json\/wp\/v2\/comments?post=92113"}],"version-history":[{"count":1,"href":"https:\/\/www.lab.eus\/es\/wp-json\/wp\/v2\/posts\/92113\/revisions"}],"predecessor-version":[{"id":92114,"href":"https:\/\/www.lab.eus\/es\/wp-json\/wp\/v2\/posts\/92113\/revisions\/92114"}],"wp:featuredmedia":[{"embeddable":true,"href":"https:\/\/www.lab.eus\/es\/wp-json\/wp\/v2\/media\/92115"}],"wp:attachment":[{"href":"https:\/\/www.lab.eus\/es\/wp-json\/wp\/v2\/media?parent=92113"}],"wp:term":[{"taxonomy":"category","embeddable":true,"href":"https:\/\/www.lab.eus\/es\/wp-json\/wp\/v2\/categories?post=92113"},{"taxonomy":"post_tag","embeddable":true,"href":"https:\/\/www.lab.eus\/es\/wp-json\/wp\/v2\/tags?post=92113"}],"curies":[{"name":"wp","href":"https:\/\/api.w.org\/{rel}","templated":true}]}}