{"id":91953,"date":"2026-04-28T09:19:48","date_gmt":"2026-04-28T09:19:48","guid":{"rendered":"https:\/\/www.lab.eus\/?p=91953"},"modified":"2026-04-28T09:19:51","modified_gmt":"2026-04-28T09:19:51","slug":"reclamamos-la-necesidad-de-profundizar-en-la-apuesta-por-la-soberania-energetica-frente-a-la-dependencia","status":"publish","type":"post","link":"https:\/\/www.lab.eus\/es\/reclamamos-la-necesidad-de-profundizar-en-la-apuesta-por-la-soberania-energetica-frente-a-la-dependencia\/","title":{"rendered":"Reclamamos la necesidad de profundizar en la apuesta por la soberan\u00eda energ\u00e9tica frente a la dependencia"},"content":{"rendered":"\n<p>Hoy se cumple un a\u00f1o desde aquel apag\u00f3n que dej\u00f3 sin luz a Hego Euskal Herria y que nos hizo entender hasta que punto nuestro d\u00eda a d\u00eda viene condicionado por infraestructuras energ\u00e9ticas sobre las cuales no tenemos poder alguno de decisi\u00f3n. Frente a ello, varios agentes de Euskal Herria hemos subrayado conjuntamente la necesidad de construir alternativas.<\/p>\n\n\n\n<p>Los colectivos que han firmado el manifiesto a favor de la soberan\u00eda energ\u00e9tica son los siguientes: LAB, Olatukoop, Udalbiltza, REAS Euskadi, ELA, Etxalde, ESK, Joxemi Zumalabe Fundazioa, Ekhilur, EH KOM, Talaios, Koop57, Goiener, Izarkom.<\/p>\n\n\n\n<p>El manifiesto completo se puede leer a continuaci\u00f3n:<\/p>\n\n\n\n<p><em>28 de abril de 2025. 12:33. Un d\u00eda que quedar\u00e1 clavado en nuestra memoria, ya que casi toda Hego Euskal Herria se qued\u00f3 sin electricidad e incomunicada. En muchos pueblos o barrios tardaron horas, d\u00edas en volver a la normalidad. Hoy, aunque se cumple un a\u00f1o, todav\u00eda no est\u00e1 claro qu\u00e9 provoc\u00f3 aquel apag\u00f3n sin precedentes. Sin embargo, son tan evidentes como profundas las consecuencias sociales y econ\u00f3micas que produjo esta interrupci\u00f3n.<\/em><\/p>\n\n\n\n<p><em>Y es que aquel 28 de abril todo par\u00f3 de golpe: los hospitales, la industria y los transportes; miles de peque\u00f1as empresas y comerciantes sufrieron enormes p\u00e9rdidas; el miedo nos entr\u00f3 hasta la casa y muchos\/as ciudadanos\/as, sin poder entender lo que estaba pasando, nos sentimos indefensos\/as. Aquella oscuridad sin internet ni electricidad nos hizo ver claramente, en los tiempos en que nos creemos m\u00e1s conectadas que nunca, lo dependientes y vulnerables que somos.<\/em><\/p>\n\n\n\n<p><strong><em>El modelo actual en entredicho<\/em><\/strong><\/p>\n\n\n\n<p><em>\u00bfPor qu\u00e9 esa contradicci\u00f3n? Pues porque hemos dado por bueno que nuestras necesidades b\u00e1sicas, como la energ\u00eda o las tecnolog\u00edas para la comunicaci\u00f3n, est\u00e9n en manos de grandes oligopolios y de unas pocas multinacionales. Un modelo que no cree en el control democr\u00e1tico, sino en el beneficio privado; un modelo que no garantiza la participaci\u00f3n ciudadana, pero s\u00ed una din\u00e1mica global salvaje; un modelo que fall\u00f3 hace un a\u00f1o y puso en jaque nuestras vidas.<\/em><\/p>\n\n\n\n<p><em>Aquella gran pausa no s\u00f3lo nos dej\u00f3 a oscuras; tambi\u00e9n nos puso un espejo ante nuestros ojos y nos dimos cuenta de que hemos dejado en manos ajenas nuestra libertad y nuestras imprescindibles infraestructuras cr\u00edticas. Afortunadamente, no es demasiado tarde. Afortunadamente, hay otra forma.<\/em><\/p>\n\n\n\n<p><strong><em>Alternativas populares<\/em><\/strong><\/p>\n\n\n\n<p><em>Un a\u00f1o despu\u00e9s estamos aqu\u00ed para reivindicar a los cuatro vientos la necesidad de redes m\u00e1s aut\u00f3nomas, democr\u00e1ticas y participativas; de fortalecer las econom\u00edas y comunidades locales; y que es imprescindible recuperar la soberan\u00eda sobre los bienes b\u00e1sicos que son de todas. No se trata de apartarse del mundo, sino de encender alternativas ciudadanas sostenibles e interconectadas ante los apagones provocados por ese modelo centralizado y salvaje.<\/em><\/p>\n\n\n\n<p><em>Hoy hace un a\u00f1o nos dimos cuenta, m\u00e1s que nunca, de que nos necesitamos mutuamente para avanzar en el camino de la transformaci\u00f3n ecosocial y que, tanto en el d\u00eda a d\u00eda como en el pr\u00f3ximo apag\u00f3n, no seremos apoyados por multinacionales hambrientas de beneficios, sino por s\u00f3lidas redes tejidas en comunidad.<\/em><\/p>\n\n\n\n<p><em>Tenemos que recorrer juntas el camino para crear y proteger esas estructuras comunitarias. Para ello, urge abrir un debate desde un an\u00e1lisis cr\u00edtico de nuestros h\u00e1bitos de consumo. \u00bfQu\u00e9 modelo prefieres? \u00bf\u00bbUsar y tirar\u00bb o \u00absembrar, cuidar y recoger\u00bb?<\/em><\/p>\n\n\n\n<p><strong><em>Encendamos alternativas<\/em><\/strong><\/p>\n\n\n\n<p><em>La energ\u00eda o las tecnolog\u00edas de la comunicaci\u00f3n, por ejemplo, son hoy derechos fundamentales y estos servicios no pueden depender de unos\/as pocos\/as con poder. Se pueden gestionar desde la justicia social, la sostenibilidad y la participaci\u00f3n democr\u00e1tica, tal y como lo demostramos a diario desde los varios proyectos populares.<\/em><\/p>\n\n\n\n<p><em>El gran apag\u00f3n de hace un a\u00f1o puso de manifiesto las miserias y las d\u00e9biles costuras de nuestra sociedad, pero tambi\u00e9n nuestra capacidad de solidaridad y cuidado. Un ejemplo de ello es esa peque\u00f1a luz prendida: la iniciativa \u00abApaga el sistema, enciende alternativas\u00bb puesta en marcha por las cooperativas Goiener e Izarkom, que recibi\u00f3 un importante apoyo social. Las firmantes que nos sumamos a dicho manifiesto queremos aprovechar este aniversario del apag\u00f3n para reivindicar, m\u00e1s que nunca, un modelo de econom\u00eda diferente y alternativas de pa\u00eds.<\/em><\/p>\n\n\n\n<p><em>Ahora es el momento de actuar. Ciudadania, instituciones p\u00fablicas y cooperativas debemos aunar esfuerzos para impulsar la transici\u00f3n ecosocial. Para evitar nuevos apagones. Para encender alternativas reales.<\/em><\/p>\n","protected":false},"excerpt":{"rendered":"<p>Hoy se cumple un a\u00f1o desde aquel apag\u00f3n que dej\u00f3 sin luz a Hego Euskal Herria y que nos hizo entender hasta que punto nuestro d\u00eda a d\u00eda viene condicionado por infraestructuras energ\u00e9ticas sobre las cuales no tenemos poder alguno de decisi\u00f3n. Frente a ello, varios agentes de Euskal Herria hemos subrayado conjuntamente la necesidad [&hellip;]<\/p>\n","protected":false},"author":1191,"featured_media":91957,"comment_status":"closed","ping_status":"closed","sticky":false,"template":"","format":"standard","meta":{"_monsterinsights_skip_tracking":false,"_monsterinsights_sitenote_active":false,"_monsterinsights_sitenote_note":"","_monsterinsights_sitenote_category":0,"footnotes":"","_links_to":"","_links_to_target":""},"categories":[2994,3393],"tags":[3182,3178,3572,5505],"class_list":{"0":"post-91953","1":"post","2":"type-post","3":"status-publish","4":"format-standard","5":"has-post-thumbnail","7":"category-accion-social","8":"category-ecosocialismo","9":"tag-accion-social-es","10":"tag-destacado-1","11":"tag-energia-2","12":"tag-soberania-energetica"},"_links":{"self":[{"href":"https:\/\/www.lab.eus\/es\/wp-json\/wp\/v2\/posts\/91953","targetHints":{"allow":["GET"]}}],"collection":[{"href":"https:\/\/www.lab.eus\/es\/wp-json\/wp\/v2\/posts"}],"about":[{"href":"https:\/\/www.lab.eus\/es\/wp-json\/wp\/v2\/types\/post"}],"author":[{"embeddable":true,"href":"https:\/\/www.lab.eus\/es\/wp-json\/wp\/v2\/users\/1191"}],"replies":[{"embeddable":true,"href":"https:\/\/www.lab.eus\/es\/wp-json\/wp\/v2\/comments?post=91953"}],"version-history":[{"count":1,"href":"https:\/\/www.lab.eus\/es\/wp-json\/wp\/v2\/posts\/91953\/revisions"}],"predecessor-version":[{"id":91954,"href":"https:\/\/www.lab.eus\/es\/wp-json\/wp\/v2\/posts\/91953\/revisions\/91954"}],"wp:featuredmedia":[{"embeddable":true,"href":"https:\/\/www.lab.eus\/es\/wp-json\/wp\/v2\/media\/91957"}],"wp:attachment":[{"href":"https:\/\/www.lab.eus\/es\/wp-json\/wp\/v2\/media?parent=91953"}],"wp:term":[{"taxonomy":"category","embeddable":true,"href":"https:\/\/www.lab.eus\/es\/wp-json\/wp\/v2\/categories?post=91953"},{"taxonomy":"post_tag","embeddable":true,"href":"https:\/\/www.lab.eus\/es\/wp-json\/wp\/v2\/tags?post=91953"}],"curies":[{"name":"wp","href":"https:\/\/api.w.org\/{rel}","templated":true}]}}