{"id":91944,"date":"2026-04-28T08:00:12","date_gmt":"2026-04-28T08:00:12","guid":{"rendered":"https:\/\/www.lab.eus\/?p=91944"},"modified":"2026-04-28T08:00:16","modified_gmt":"2026-04-28T08:00:16","slug":"amplio-seguimiento-del-primer-paro-en-el-sector-de-artes-graficas-de-navarra","status":"publish","type":"post","link":"https:\/\/www.lab.eus\/es\/amplio-seguimiento-del-primer-paro-en-el-sector-de-artes-graficas-de-navarra\/","title":{"rendered":"Amplio seguimiento del primer paro en el sector de artes gr\u00e1ficas de Navarra"},"content":{"rendered":"\n<p><strong>Los sindicatos LAB, ELA, UGT y CCOO valoran muy positivamente el seguimiento a la primera convocatoria de paro para recuperar el convenio de gr\u00e1ficas de Navarra.<\/strong><\/p>\n\n\n\n<p>El pasado 23 de abril se llev\u00f3 a cabo la primera de las convocatorias de paro que, en los pr\u00f3ximos meses, se repetir\u00e1n con el objetivo de recuperar el Convenio de Gr\u00e1ficas de Navarra, deca\u00eddo desde 2014 tras la decisi\u00f3n de la patronal AEGRAN.<\/p>\n\n\n\n<p>Los sindicatos insisten, como ya trasladaron en la rueda de prensa del 23 de marzo, en que la convocatoria de paros ha sido \u201cla \u00fanica alternativa\u201d tras varias interpelaciones a la patronal e incluso la presentaci\u00f3n de m\u00e1s de 400 firmas de personas trabajadoras del sector, que cuenta con unas 2.000 personas empleadas.<\/p>\n\n\n\n<p>La jornada del 23 de abril registr\u00f3, seg\u00fan las organizaciones convocantes, un amplio seguimiento tanto en n\u00famero de empresas como de personas trabajadoras.<\/p>\n\n\n\n<p>\u201cEste es el camino para recuperar el mencionado convenio\u201d, se\u00f1alan los sindicatos, que reiteran su llamamiento a las plantillas del sector para secundar las pr\u00f3ximas convocatorias: el 21 de mayo, en los turnos de 5:00 a 6:00 y de 13:00 a 15:00, y la jornada de huelga prevista para el 11 de junio.<\/p>\n\n\n\n<p>Asimismo, advierten de que, si la patronal mantiene su posici\u00f3n, \u201cse encontrar\u00e1 con m\u00e1s convocatorias y conflictividad\u201d, y subrayan que la parte social \u201cno parar\u00e1 hasta recuperar el convenio y dignificar las condiciones de vida y de trabajo del sector\u201d.<\/p>\n","protected":false},"excerpt":{"rendered":"<p>Los sindicatos LAB, ELA, UGT y CCOO valoran muy positivamente el seguimiento a la primera convocatoria de paro para recuperar el convenio de gr\u00e1ficas de Navarra. El pasado 23 de abril se llev\u00f3 a cabo la primera de las convocatorias de paro que, en los pr\u00f3ximos meses, se repetir\u00e1n con el objetivo de recuperar el [&hellip;]<\/p>\n","protected":false},"author":1191,"featured_media":91942,"comment_status":"closed","ping_status":"closed","sticky":false,"template":"","format":"standard","meta":{"_monsterinsights_skip_tracking":false,"_monsterinsights_sitenote_active":false,"_monsterinsights_sitenote_note":"","_monsterinsights_sitenote_category":0,"footnotes":"","_links_to":"","_links_to_target":""},"categories":[18,100,2868],"tags":[3033,3178,2996],"class_list":{"0":"post-91944","1":"post","2":"type-post","3":"status-publish","4":"format-standard","5":"has-post-thumbnail","7":"category-es-accion-sindical","8":"category-es-artes-graficas","9":"category-industria-es","10":"tag-accion-sindical-es","11":"tag-destacado-1","12":"tag-industria-es"},"_links":{"self":[{"href":"https:\/\/www.lab.eus\/es\/wp-json\/wp\/v2\/posts\/91944","targetHints":{"allow":["GET"]}}],"collection":[{"href":"https:\/\/www.lab.eus\/es\/wp-json\/wp\/v2\/posts"}],"about":[{"href":"https:\/\/www.lab.eus\/es\/wp-json\/wp\/v2\/types\/post"}],"author":[{"embeddable":true,"href":"https:\/\/www.lab.eus\/es\/wp-json\/wp\/v2\/users\/1191"}],"replies":[{"embeddable":true,"href":"https:\/\/www.lab.eus\/es\/wp-json\/wp\/v2\/comments?post=91944"}],"version-history":[{"count":1,"href":"https:\/\/www.lab.eus\/es\/wp-json\/wp\/v2\/posts\/91944\/revisions"}],"predecessor-version":[{"id":91945,"href":"https:\/\/www.lab.eus\/es\/wp-json\/wp\/v2\/posts\/91944\/revisions\/91945"}],"wp:featuredmedia":[{"embeddable":true,"href":"https:\/\/www.lab.eus\/es\/wp-json\/wp\/v2\/media\/91942"}],"wp:attachment":[{"href":"https:\/\/www.lab.eus\/es\/wp-json\/wp\/v2\/media?parent=91944"}],"wp:term":[{"taxonomy":"category","embeddable":true,"href":"https:\/\/www.lab.eus\/es\/wp-json\/wp\/v2\/categories?post=91944"},{"taxonomy":"post_tag","embeddable":true,"href":"https:\/\/www.lab.eus\/es\/wp-json\/wp\/v2\/tags?post=91944"}],"curies":[{"name":"wp","href":"https:\/\/api.w.org\/{rel}","templated":true}]}}