{"id":91937,"date":"2026-04-27T10:19:24","date_gmt":"2026-04-27T10:19:24","guid":{"rendered":"https:\/\/www.lab.eus\/?p=91937"},"modified":"2026-04-27T10:19:27","modified_gmt":"2026-04-27T10:19:27","slug":"lab-senala-que-a-dia-de-hoy-siguen-siendo-imprescindibles-las-huelgas-del-14-de-mayo-y-4-de-junio-para-incidir-en-las-negociaciones-de-udalhitz-y-de-los-ayuntamientos","status":"publish","type":"post","link":"https:\/\/www.lab.eus\/es\/lab-senala-que-a-dia-de-hoy-siguen-siendo-imprescindibles-las-huelgas-del-14-de-mayo-y-4-de-junio-para-incidir-en-las-negociaciones-de-udalhitz-y-de-los-ayuntamientos\/","title":{"rendered":"LAB se\u00f1ala que, a d\u00eda de hoy, siguen siendo imprescindibles las huelgas del 14 de mayo y 4 de junio para incidir en las negociaciones de Udalhitz y de los ayuntamientos"},"content":{"rendered":"\n<p><strong>A pesar de que el viernes EUDEL present\u00f3 en la mesa de Udalhitz algunas peque\u00f1as novedades, estas siguen siendo totalmente insuficientes.<\/strong><\/p>\n\n\n\n<p>El viernes 24 de abril se volvi\u00f3 a reunir la mesa negociadora para renovar el Acuerdo Udalhitz. En la reuni\u00f3n mantenida con EUDEL, LAB manifest\u00f3 su preocupaci\u00f3n por la situaci\u00f3n de bloqueo de la mesa negociadora. Asimismo, se\u00f1al\u00f3 que est\u00e1 en una din\u00e1mica de lucha y que reforzar\u00e1 las movilizaciones si no hay avances.<\/p>\n\n\n\n<p>En la mesa del viernes hubo una peque\u00f1a novedad: la propuesta de un fondo presupuestario para realizar valoraciones de puestos de trabajo y empezar a recuperar el poder adquisitivo perdido. Sin embargo, no indican cu\u00e1l ser\u00e1 el importe de ese fondo ni el porcentaje que est\u00e1n dispuestos a negociar para la recuperaci\u00f3n del poder adquisitivo. Los partidos pol\u00edticos ofrecen titulares, pero no quieren entrar en detalles y no han analizado las f\u00f3rmulas jur\u00eddicas y econ\u00f3micas para llevarlo a cabo. Una vez m\u00e1s, los contenidos fueron insuficientes y, adem\u00e1s, no los han recogido por escrito.<\/p>\n\n\n\n<p>En la mesa tambi\u00e9n se trat\u00f3 la gesti\u00f3n de los servicios de los ayuntamientos. En este tema, al igual que en el apartado de euskera, existen dos propuestas diferentes: una de PNV-PSE y otra de EH Bildu.<\/p>\n\n\n\n<p>EH Bildu, adem\u00e1s del an\u00e1lisis relativo a las privatizaciones, propone \u2014a diferencia del resto\u2014 llevar a cabo publificaciones y, en ese sentido, mediante cl\u00e1usulas sociales, ir equiparando salarialmente y homologando las condiciones laborales del personal subcontratado con las del personal p\u00fablico. LAB manifest\u00f3 que est\u00e1 de acuerdo con esta segunda propuesta y que necesariamente debe recogerse por escrito que el personal ser\u00e1 subrogado.<\/p>\n\n\n\n<p>Por otro lado, se propuso un calendario de seis a\u00f1os para aplicar las medidas abordadas en la mesa de negociaci\u00f3n. LAB envi\u00f3 una contrapropuesta, a\u00f1adiendo precisiones sobre el contenido de las medidas \u2014que recogen todas las reivindicaciones de las personas trabajadoras\u2014 y acortando considerablemente su vigencia.<\/p>\n\n\n\n<p>En la pr\u00f3xima reuni\u00f3n de la mesa de Udalhitz, el 7 de mayo, por un lado deber\u00e1n presentar por escrito tanto los temas tratados hoy como los abordados anteriormente; y por otro lado, se tratar\u00e1n las medidas para reducir la temporalidad, la jornada laboral, las pruebas de selecci\u00f3n, la provisi\u00f3n de puestos de trabajo y los planes de rejuvenecimiento de la plantilla.<\/p>\n\n\n\n<p>En el documento que presenten por escrito, LAB ver\u00e1 qu\u00e9 voluntad pol\u00edtica existe para alcanzar acuerdos y responder a las reivindicaciones de las personas trabajadoras, y contar\u00e1 con m\u00e1s elementos para realizar una valoraci\u00f3n m\u00e1s profunda.<\/p>\n\n\n\n<p>LAB considera que, como consecuencia de la presi\u00f3n ejercida mediante la movilizaci\u00f3n y el paro, est\u00e1 incidiendo en la negociaci\u00f3n. Por ello, quiere poner en valor el compromiso de las personas trabajadoras que el pasado d\u00eda 23 se sumaron al paro y participaron en las 75 concentraciones ante los ayuntamientos.<\/p>\n\n\n\n<p>En cualquier caso, LAB manifiesta que, a d\u00eda de hoy, los partidos pol\u00edticos siguen sin concretar los contenidos y que los planteamientos realizados en la mesa son insuficientes, por lo que ser\u00e1 imprescindible trabajar las dos huelgas convocadas para los d\u00edas 14 de mayo y 4 de junio.<\/p>\n","protected":false},"excerpt":{"rendered":"<p>A pesar de que el viernes EUDEL present\u00f3 en la mesa de Udalhitz algunas peque\u00f1as novedades, estas siguen siendo totalmente insuficientes. El viernes 24 de abril se volvi\u00f3 a reunir la mesa negociadora para renovar el Acuerdo Udalhitz. En la reuni\u00f3n mantenida con EUDEL, LAB manifest\u00f3 su preocupaci\u00f3n por la situaci\u00f3n de bloqueo de la [&hellip;]<\/p>\n","protected":false},"author":1191,"featured_media":91719,"comment_status":"closed","ping_status":"closed","sticky":false,"template":"","format":"standard","meta":{"_monsterinsights_skip_tracking":false,"_monsterinsights_sitenote_active":false,"_monsterinsights_sitenote_note":"","_monsterinsights_sitenote_category":0,"footnotes":"","_links_to":"","_links_to_target":""},"categories":[18],"tags":[3033,3178],"class_list":{"0":"post-91937","1":"post","2":"type-post","3":"status-publish","4":"format-standard","5":"has-post-thumbnail","7":"category-es-accion-sindical","8":"tag-accion-sindical-es","9":"tag-destacado-1"},"_links":{"self":[{"href":"https:\/\/www.lab.eus\/es\/wp-json\/wp\/v2\/posts\/91937","targetHints":{"allow":["GET"]}}],"collection":[{"href":"https:\/\/www.lab.eus\/es\/wp-json\/wp\/v2\/posts"}],"about":[{"href":"https:\/\/www.lab.eus\/es\/wp-json\/wp\/v2\/types\/post"}],"author":[{"embeddable":true,"href":"https:\/\/www.lab.eus\/es\/wp-json\/wp\/v2\/users\/1191"}],"replies":[{"embeddable":true,"href":"https:\/\/www.lab.eus\/es\/wp-json\/wp\/v2\/comments?post=91937"}],"version-history":[{"count":1,"href":"https:\/\/www.lab.eus\/es\/wp-json\/wp\/v2\/posts\/91937\/revisions"}],"predecessor-version":[{"id":91938,"href":"https:\/\/www.lab.eus\/es\/wp-json\/wp\/v2\/posts\/91937\/revisions\/91938"}],"wp:featuredmedia":[{"embeddable":true,"href":"https:\/\/www.lab.eus\/es\/wp-json\/wp\/v2\/media\/91719"}],"wp:attachment":[{"href":"https:\/\/www.lab.eus\/es\/wp-json\/wp\/v2\/media?parent=91937"}],"wp:term":[{"taxonomy":"category","embeddable":true,"href":"https:\/\/www.lab.eus\/es\/wp-json\/wp\/v2\/categories?post=91937"},{"taxonomy":"post_tag","embeddable":true,"href":"https:\/\/www.lab.eus\/es\/wp-json\/wp\/v2\/tags?post=91937"}],"curies":[{"name":"wp","href":"https:\/\/api.w.org\/{rel}","templated":true}]}}