{"id":89571,"date":"2026-03-17T12:22:30","date_gmt":"2026-03-17T12:22:30","guid":{"rendered":"https:\/\/www.lab.eus\/?p=89571"},"modified":"2026-03-17T12:40:24","modified_gmt":"2026-03-17T12:40:24","slug":"igor-arroyo-con-la-demostracion-de-fuerza-de-hoy-hemos-conseguido-volver-a-abrir-ambas-vias","status":"publish","type":"post","link":"https:\/\/www.lab.eus\/es\/igor-arroyo-con-la-demostracion-de-fuerza-de-hoy-hemos-conseguido-volver-a-abrir-ambas-vias\/","title":{"rendered":"Igor Arroyo: \u00abCon la demostraci\u00f3n de fuerza de hoy, hemos conseguido volver a abrir ambas v\u00edas\u00bb"},"content":{"rendered":"\n<p><strong>El coordinador general de LAB ha destacado que, si bien la patronal y los gobiernos han cerrado las dos v\u00edas para lograr un salario m\u00ednimo propio, la de la negociaci\u00f3n colectiva y la pol\u00edtica, el \u00e9xito de la huelga de hoy ha logrado abrir ambas.<\/strong><\/p>\n\n\n\n<div class=\"wp-block-columns are-vertically-aligned-bottom is-layout-flex wp-container-core-columns-is-layout-9d6595d7 wp-block-columns-is-layout-flex\">\n<div class=\"wp-block-column is-layout-flow wp-block-column-is-layout-flow\" style=\"flex-basis:67%\">\n<p>El coordinador general de LAB, Igor Arroyo, ha afirmado en Bilbo que la huelga general de hoy est\u00e1 siendo \u00abuna demostraci\u00f3n de fuerza de la clase trabajadora vasca\u00bb. Destaca que la clase trabajadora vasca \u00abse ha plantado\u00bb ante el injusto modelo que hace que la riqueza y el poder se concentren en unas pocas manos: \u00abHemos reivindicado la vida. Ahora que la opresi\u00f3n y la guerra se est\u00e1n extienden a lo largo del mundo, la jornada de hoy ha lanzado un mensaje de esperanza: hay alternativa. A trav\u00e9s de la organizaci\u00f3n y la lucha colectiva es posible construir otro modelo en Euskal Herria; un modelo que, en lugar de los intereses de las \u00e9lites, ponga en el centro la vida de todos los ciudadanos y ciudadanas\u00bb.<\/p>\n\n\n\n<p>Arroyo ha recordado que disponer de un salario m\u00ednimo adecuado a la realidad de Hego Euskal Herria es \u00abuna demanda concreta, justa y viable\u00bb, pero ha lamentado que la patronal y los gobiernos la han despreciado. Ha lamentado que han querido cerrar las dos v\u00edas puestas en marcha, la de la negociaci\u00f3n colectiva y la pol\u00edtica, pero ha destacado que el \u00e9xito de la huelga de hoy ha conseguido reabrir ambas v\u00edas.<\/p>\n\n\n\n<p>En cuanto a la negociaci\u00f3n colectiva, la huelga ha dado \u00abfuerza y energ\u00eda\u00bb a las y los trabajadores que luchan \u00abpor sus convenios, por sus condiciones laborales y por sus puestos de trabajo\u00bb, seg\u00fan el coordinador general: \u00abDesde que convocamos la huelga hemos conseguido desbloquear varios convenios. Hemos obligado a la patronal a moverse en las mesas de negociaci\u00f3n \u00ab.<\/p>\n\n\n\n<p>Con esta fuerza, ha recordado que la patronal est\u00e1 convocada a negociar la pr\u00f3xima semana: \u00abTendr\u00e1 la oportunidad de rectificar su posici\u00f3n. Hoy el salario m\u00ednimo est\u00e1 en el centro de la agenda social y pol\u00edtica; hoy el sindicalismo est\u00e1 m\u00e1s fuerte; hoy Confebask est\u00e1 en tela de juicio\u00bb. Por eso, ha lanzado un mensaje claro a la patronal: \u00abPensad bien lo que vais a hacer. Nosotras y nosotros estamos dispuestos a hablar, estamos dispuestos a alcanzar acuerdos. Pero, tan claro como eso os decimos: estamos preparados y preparadas para luchar y hoy lo hemos demostrado \u00ab.<\/p>\n\n\n\n<p>Por otro lado, Arroyo ha se\u00f1alado que tambi\u00e9n se ha conseguido abrir la v\u00eda pol\u00edtica. \u00abHemos presionado a los partidos PNV, PSE y PSN y hemos conseguido que se muevan. Hemos puesto de manifiesto cu\u00e1l es su modelo de autogobierno: generoso para los empresarios, cicatero con los y las trabajadoras \u00ab. Sin embargo, ha insistido en que el proceso no ha concluido, y, adem\u00e1s de poner en valor el compromiso del soberanismo de izquierdas de Hego Euskal Herria, Galicia y Catalu\u00f1a con esta cuesti\u00f3n, ha instado al PNV, al PSE y al PSN a revisar su postura y respaldar jur\u00eddicamente la implantaci\u00f3n de un salario m\u00ednimo propio.<\/p>\n\n\n\n<p>Sin embargo, ha insistido en que <strong>el proceso no ha concluido<\/strong> y, adem\u00e1s de poner en valor el compromiso del soberanismo de izquierdas de Hego Euskal Herria, Galicia y Catalu\u00f1a con esta cuesti\u00f3n, ha instado al PNV, al PSE-EE y al PSN a revisar su postura y respaldar jur\u00eddicamente la implantaci\u00f3n de un salario m\u00ednimo propio.<\/p>\n\n\n\n<p>Arroyo ha asegurado que, con la huelga general de hoy, el sindicalismo vasco ha escrito una nueva p\u00e1gina de la historia y ha reiterado en compromiso de LAB para luchar a favor de todos los trabajadores y trabajadoras y de las condiciones de vida, cerrar el paso a la ola reaccionaria y dar un impulso a la soberan\u00eda y la transformaci\u00f3n social de Euskal Herria.<\/p>\n<\/div>\n\n\n\n<div class=\"wp-block-column is-layout-flow wp-block-column-is-layout-flow\" style=\"flex-basis:33%\">\n<figure class=\"wp-block-video alignright\"><video controls src=\"https:\/\/www.lab.eus\/wp-content\/uploads\/2026\/03\/igor-laburra-1.mp4\"><\/video><\/figure>\n<\/div>\n<\/div>\n","protected":false},"excerpt":{"rendered":"<p>El coordinador general de LAB ha destacado que, si bien la patronal y los gobiernos han cerrado las dos v\u00edas para lograr un salario m\u00ednimo propio, la de la negociaci\u00f3n colectiva y la pol\u00edtica, el \u00e9xito de la huelga de hoy ha logrado abrir ambas. El coordinador general de LAB, Igor Arroyo, ha afirmado en [&hellip;]<\/p>\n","protected":false},"author":1191,"featured_media":89581,"comment_status":"closed","ping_status":"closed","sticky":false,"template":"","format":"standard","meta":{"_monsterinsights_skip_tracking":false,"_monsterinsights_sitenote_active":false,"_monsterinsights_sitenote_note":"","_monsterinsights_sitenote_category":0,"footnotes":"","_links_to":"","_links_to_target":""},"categories":[18],"tags":[5409,3033,3276,3279,5362],"class_list":{"0":"post-89571","1":"post","2":"type-post","3":"status-publish","4":"format-standard","5":"has-post-thumbnail","7":"category-es-accion-sindical","8":"tag-17m-huelga-general","9":"tag-accion-sindical-es","10":"tag-igor-arroyo-es","11":"tag-portada-es","12":"tag-smi-es-3"},"_links":{"self":[{"href":"https:\/\/www.lab.eus\/es\/wp-json\/wp\/v2\/posts\/89571","targetHints":{"allow":["GET"]}}],"collection":[{"href":"https:\/\/www.lab.eus\/es\/wp-json\/wp\/v2\/posts"}],"about":[{"href":"https:\/\/www.lab.eus\/es\/wp-json\/wp\/v2\/types\/post"}],"author":[{"embeddable":true,"href":"https:\/\/www.lab.eus\/es\/wp-json\/wp\/v2\/users\/1191"}],"replies":[{"embeddable":true,"href":"https:\/\/www.lab.eus\/es\/wp-json\/wp\/v2\/comments?post=89571"}],"version-history":[{"count":3,"href":"https:\/\/www.lab.eus\/es\/wp-json\/wp\/v2\/posts\/89571\/revisions"}],"predecessor-version":[{"id":89588,"href":"https:\/\/www.lab.eus\/es\/wp-json\/wp\/v2\/posts\/89571\/revisions\/89588"}],"wp:featuredmedia":[{"embeddable":true,"href":"https:\/\/www.lab.eus\/es\/wp-json\/wp\/v2\/media\/89581"}],"wp:attachment":[{"href":"https:\/\/www.lab.eus\/es\/wp-json\/wp\/v2\/media?parent=89571"}],"wp:term":[{"taxonomy":"category","embeddable":true,"href":"https:\/\/www.lab.eus\/es\/wp-json\/wp\/v2\/categories?post=89571"},{"taxonomy":"post_tag","embeddable":true,"href":"https:\/\/www.lab.eus\/es\/wp-json\/wp\/v2\/tags?post=89571"}],"curies":[{"name":"wp","href":"https:\/\/api.w.org\/{rel}","templated":true}]}}