{"id":89253,"date":"2026-03-17T05:40:32","date_gmt":"2026-03-17T05:40:32","guid":{"rendered":"https:\/\/www.lab.eus\/?p=89253"},"modified":"2026-03-17T05:40:36","modified_gmt":"2026-03-17T05:40:36","slug":"amplio-seguimiento-de-la-huelga-general-en-sus-primeras-horas","status":"publish","type":"post","link":"https:\/\/www.lab.eus\/es\/amplio-seguimiento-de-la-huelga-general-en-sus-primeras-horas\/","title":{"rendered":"Amplio seguimiento de la Huelga General en sus primeras horas"},"content":{"rendered":"\n<p><strong>Ha comenzado la Huelga General convocada en todo Euskal Herria. La actividad es muy inferior a la habitual y el tr\u00e1fico ha descendido<\/strong>.<\/p>\n\n\n\n<p><strong>El paro impacta en muchos sectores donde los y las trabajadoras no se han presentado a sus puestos de trabajo. Mientras tanto, los piquetes llevan a cabo su cometido en pol\u00edgonos y ciudades<\/strong>.<\/p>\n\n\n\n<p>La Huelga General acaba de empezar y ya puede decirse que est\u00e1 teniendo un amplio seguimiento. Bajo el lema \u2018Gutxieneko soldata hemen erabaki. 1.500 euro. Soldatak hobetu aberastasuna banatzeko\u2019, la huelga est\u00e1 siendo un \u00e9xito y la actividad es significativamente m\u00e1s baja que de lo habitual. Por ejemplo, la densidad del tr\u00e1fico ha disminuido notablemente. De hecho, muchos trabajadores y trabajadoras han decidido no ir a trabajar y est\u00e1n participando en piquetes en todos los pol\u00edgonos y ciudades.<\/p>\n\n\n\n<p><strong>Industria: muchas f\u00e1bricas obligadas a parar<\/strong><\/p>\n\n\n\n<p>La huelga est\u00e1 siendo un \u00e9xito en el sector industrial. Especialmente rese\u00f1able es el seguimiento en <strong>Gipuzkoa<\/strong>, donde muchas f\u00e1bricas se han visto obligadas a parar la producci\u00f3n, entre otras, KSB Itur; Inda Taldea; Elmubas; Korta; Ampo; Mendiaraz; Corrugados; Natra; Garay; Elay; Tesa; Yurrita; Arcelor Bergara; Ikankonitrek; CIE Legazpi; GKN; Indar; Hine; CAF de Irun y Beasain; Niessen; Lau lagun; Ubis; Mendiola; Ahlstrom; ITV zerbitzuak; Biele Azpeitia, Guerra Hnos Beasain; ABC Eibar; JMA; o Indaux. El impacto de la huelga tambi\u00e9n ha sido total en Irizar, Orona, Fagor Electr\u00f3nica, o Ulma Embedded.<br><br>Lo mismo est\u00e1 ocurriendo en estas empresas del noroeste de <strong>Nafarroa<\/strong>: Funvera, Savera, Torraspapel, Lakuntza Calor, Barranquesa, Omnia, Magotteaux, Arcelor Lesaka, Portland, Aceros Moldeados, GhGuema, Mecaisa o Guerra Hnos. Cabe destacar el impacto que la huelga ha tenido en la comarca de Iru\u00f1ea en empresas como Kybse, Icer Rail o Ingeteam, entre otras.<br><br><\/p>\n\n\n\n<p>El seguimiento de la huelga tambi\u00e9n est\u00e1 siendo muy amplio en importantes empresas de otros territorios: en <strong>Bizkaia<\/strong> (Cementos Lemona, Kide, Cikautxo, Nemak, Kauxot, Kutenik, Losal, Bruss, Pronutec, Teknia, Sermanfer, Winoa, Ingeteam, Alstom, Gestamp, Arisawa, Salica&#8230;); y en <strong>Araba <\/strong>(Cie Goian, AEG, Cie Nova Recyd, Cie Gameco, SAS Autosystemtechnik, Fibertecnic, Dominion, Tauxme, Wec, Arcelor y Laminaciones Arregui). Adem\u00e1s del impacto general, tambi\u00e9n es destacable el que ha tenido en Aiaraldea, por ejemplo en empresas com Maderas de Llodio, Tubos Reunidos, Tubacex, Inausa, Amurrio Ferrocarril o Envases Metal\u00fargicos.<\/p>\n\n\n\n<p>Menci\u00f3n especial merecen, en Bizkaia, el sector de las conserveras y el sector de artes gr\u00e1ficas.<br><br><strong>Gran impacto en los servicios privados<\/strong><\/p>\n\n\n\n<p>En sector de los servicios privados tambi\u00e9n se espera que la huelga impacte. Muchos comercios locales van a cerrar hoy sus puertas; lo mismo ocurre con los comedores de las escuelas p\u00fablicas y las ikastolas. Del mismo modo, los comedores privados de muchas empresas permanecer\u00e1n cerrados. Es el caso de Krafft; Tesa; Fagor; EITB; Universidad de Deusto; Karmelo Etxegarai; Lehiarreta eskola; Eskolapios; Jesuitak; Avifes; Kontxa eskola; o el colegio Zubeldia.<\/p>\n\n\n\n<p>En los comedores de Nafarroa se espera tambi\u00e9n un seguimiento positivo, a pesar de los abusivo servicios m\u00ednimos impuestos.<\/p>\n\n\n\n<p>En comercio, \u00e9stos son algunos de los que han cerrado: Elkar Euskal Kulturgintza; HYM, Cortefiel Eroski; Dia (Bizkaia); Lidl; Movistar; Natura; Tezenis; Lidl Azkoitia, Eibar y Hernani; y Bricodepot Oiartzun (Gipuzkoa), Tezenis (Araba)\u2026 El servicio de limpieza tambi\u00e9n para en Termib\u00fas Bilbo; EITB Miramon; en muchas f\u00e1bricas (Petronor, CAF, Indar, Irizar, CIE, Elay, Fagor\u2026); y en muchos ayuntamientos (Astigarraga, Ugao, Hernani, Basauri, Altza y polideportivo de O\u00f1ati).<\/p>\n\n\n\n<p>Asimismo, muchas subcontratas de han unido a la huelga, entre ellas, el servicio de jardiner\u00eda (Sondika, Hondarribi, Sopela, Basauri, Lemoa, Ugao\u2026) o limpieza viaria (Ugao, Lekeitio, Lemoa, Trapagaran, Lea Artibai, Elis ikuztegia&#8230;). Tambi\u00e9n van a permanecer cerrados los polideportivos de Soraluze, Beasain, Tolosa, Barakaldo Lasesarre y Gorostiza, Orio, Basauri, Markina, Zornotza, Oiartzun, u Orereta, entre otros.<\/p>\n\n\n\n<p>En Araba se preve un gran seguimiento en la gesti\u00f3n deportiva y entre la plantilla de las ludotecas.<\/p>\n\n\n\n<p>En Nafarroa es especialmente rese\u00f1able el impacto de la convocatoria en algunas asociaciones deportivas (Oberena, Uharte), en ITV y en algunos grandes supermercados como Carrefour, Leclerc\u2026<\/p>\n\n\n\n<p>Se prev\u00e9 que la plantilla de los puertos responda de forma amplia a la huelga, tanto en la Autoridad Portuaria de Pasaia y en amarradores de Bizkaia.<\/p>\n\n\n\n<p><strong>Servicios p\u00fablicos<\/strong><\/p>\n\n\n\n<p>En lo que al transporte p\u00fablico se refiere, muchas l\u00edneas no est\u00e1n operativas: es el caso de Euskotren y Metro Bilbao. Lo mismo ocurre, en Gipuzkoa, con Donostibus e Hiribus Zarautz.<\/p>\n\n\n\n<p>En la administraci\u00f3n p\u00fablica, por ejemplo, en Gipuzkoa, habr\u00e1 decenas de ayuntamientos pr\u00e1cticamente cerrados (Orio, Azpeitia, Zestoa, Hernani, Oiartzun, Usurbil, Astigarraga, Zumarraga, Zizurkil, Beasain, Ordizia, O\u00f1ati, Idiazabal, Lazkao, Tolosa, Idiazabal, Urretxu, Mendaro, Bergara, Arrasate y Zarautz). En muchos otros ayuntamientos de Gipuzkoa se espera un seguimiento muy importante (Errenteria, Legazpi, Donostia); tambi\u00e9n en Bizkaia (Busturialdea, Gernika-Lumo, Durangaldea, Arratia, Markina, Ispaster, Ibarrangelu, Galdakao&#8230;). Lo mismo ocurre con las mancomunidades de Sasieta, Loatzo y Debagoiena, y la asociaci\u00f3n municipal Urola-Kosta. En Araba, tambi\u00e9n tendr\u00e1 un importante impacto en los ayuntamientos de Gasteiz y Legutio, y las mancomunidades de Gorbeialde y Lautada.<\/p>\n\n\n\n<p>En Nafarroa, la actividad de los servicios municipales ser\u00e1 muy reducida en algunas localidades como Iru\u00f1ea, Zizur Nagusia, Burlata, Atarrabia, Altsasu y en las Mancomunidades de Leitza y Sakana.<\/p>\n\n\n\n<p>En sanidad y en el \u00e1mbito del bienestar social, una vez m\u00e1s, a trav\u00e9s de los servicios m\u00ednimos, se ha negado el derecho a la huelga a miles de trabajadores y trabajadoras. Por ejemplo, en los turnos de noche, casi ning\u00fan trabajador o trabajadora ha tenido la oportunidad de secundar la huelga. La plantilla de urgencias tambi\u00e9n ha sufrido servicios m\u00ednimos del 100%. En el sector de intervenci\u00f3n social, la huelga tendr\u00e1 un amplio seguimiento.<em><br><br><\/em>En los centros de educaci\u00f3n p\u00fablica, el seguimiento ser\u00e1 muy amplio: m\u00e1s de la mitad de la plantilla secundar\u00e1 la huelga en la CAV. Numerosas cocinas permanecer\u00e1n cerradas, y aunque los servicios m\u00ednimos han condicionado totalmente el derecho a la huelga al personal de Educaci\u00f3n Especial, muchas personas har\u00e1n huelga. En el Consorcio Haurreskolak y en las Ikastolas de Hego Euskal Herria se espera un paro casi total. La actividad tanto en EHU como en la Universidad P\u00fablica de Navarra ser\u00e1 muy reducida (probablemente inferior al 10%). Tres de cada cuatro facultades del Alto Deba de Mondragon Unibertsitatea permanecer\u00e1n cerradas.<\/p>\n\n\n\n<p><strong>Medios de comunicaci\u00f3n<\/strong><\/p>\n\n\n\n<p>El seguimiento de la huelga en el grupo EITB est\u00e1 siendo muy amplio y s\u00f3lo se est\u00e1n emitiendo los informativos (servicios m\u00ednimos). Adem\u00e1s, Gara, Berria, Hamaika Telebista, Argia, los medios comarcales Hitza y muchos medios de comunicaci\u00f3n locales est\u00e1n en huelga.A esta hora miles de personas circulan por los piquetes por los pol\u00edgonos de toda Hego Euskal Herria, y a partir de ahora tambi\u00e9n comenzar\u00e1n a funcionar las din\u00e1micas organizadas en pueblos y barrios.<br><br><strong>Ofreceremos m\u00e1s informaci\u00f3n hacia las 10.30.<\/strong><\/p>\n","protected":false},"excerpt":{"rendered":"<p>Ha comenzado la Huelga General convocada en todo Euskal Herria. La actividad es muy inferior a la habitual y el tr\u00e1fico ha descendido. El paro impacta en muchos sectores donde los y las trabajadoras no se han presentado a sus puestos de trabajo. Mientras tanto, los piquetes llevan a cabo su cometido en pol\u00edgonos y [&hellip;]<\/p>\n","protected":false},"author":1191,"featured_media":89248,"comment_status":"closed","ping_status":"closed","sticky":false,"template":"","format":"standard","meta":{"_monsterinsights_skip_tracking":false,"_monsterinsights_sitenote_active":false,"_monsterinsights_sitenote_note":"","_monsterinsights_sitenote_category":0,"footnotes":"","_links_to":"","_links_to_target":""},"categories":[18],"tags":[5409,3033,3279,5362],"class_list":{"0":"post-89253","1":"post","2":"type-post","3":"status-publish","4":"format-standard","5":"has-post-thumbnail","7":"category-es-accion-sindical","8":"tag-17m-huelga-general","9":"tag-accion-sindical-es","10":"tag-portada-es","11":"tag-smi-es-3"},"_links":{"self":[{"href":"https:\/\/www.lab.eus\/es\/wp-json\/wp\/v2\/posts\/89253","targetHints":{"allow":["GET"]}}],"collection":[{"href":"https:\/\/www.lab.eus\/es\/wp-json\/wp\/v2\/posts"}],"about":[{"href":"https:\/\/www.lab.eus\/es\/wp-json\/wp\/v2\/types\/post"}],"author":[{"embeddable":true,"href":"https:\/\/www.lab.eus\/es\/wp-json\/wp\/v2\/users\/1191"}],"replies":[{"embeddable":true,"href":"https:\/\/www.lab.eus\/es\/wp-json\/wp\/v2\/comments?post=89253"}],"version-history":[{"count":1,"href":"https:\/\/www.lab.eus\/es\/wp-json\/wp\/v2\/posts\/89253\/revisions"}],"predecessor-version":[{"id":89254,"href":"https:\/\/www.lab.eus\/es\/wp-json\/wp\/v2\/posts\/89253\/revisions\/89254"}],"wp:featuredmedia":[{"embeddable":true,"href":"https:\/\/www.lab.eus\/es\/wp-json\/wp\/v2\/media\/89248"}],"wp:attachment":[{"href":"https:\/\/www.lab.eus\/es\/wp-json\/wp\/v2\/media?parent=89253"}],"wp:term":[{"taxonomy":"category","embeddable":true,"href":"https:\/\/www.lab.eus\/es\/wp-json\/wp\/v2\/categories?post=89253"},{"taxonomy":"post_tag","embeddable":true,"href":"https:\/\/www.lab.eus\/es\/wp-json\/wp\/v2\/tags?post=89253"}],"curies":[{"name":"wp","href":"https:\/\/api.w.org\/{rel}","templated":true}]}}