{"id":89196,"date":"2026-03-13T12:29:54","date_gmt":"2026-03-13T12:29:54","guid":{"rendered":"https:\/\/www.lab.eus\/?p=89196"},"modified":"2026-03-16T10:55:47","modified_gmt":"2026-03-16T10:55:47","slug":"ningun-despido-encubierto-en-sidenor-seguiremos-luchando-en-defensa-de-los-puestos-de-trabajo","status":"publish","type":"post","link":"https:\/\/www.lab.eus\/es\/ningun-despido-encubierto-en-sidenor-seguiremos-luchando-en-defensa-de-los-puestos-de-trabajo\/","title":{"rendered":"\u00a1Ning\u00fan despido encubierto en SIDENOR! Seguiremos luchando en defensa de los puestos de trabajo"},"content":{"rendered":"\n<p><strong>Hoy hemos comparecido las y los representantes de LAB de los centros de trabajo de SIDENOR ACEROS ESPECIALES S.L.U. de las plantas de Basauri, Azkoitia, Gasteiz y Legutio. Nuestro objetivo ha sido doble: por un lado, mostrar nuestro apoyo a todas y todos los compa\u00f1eros de Azkoitia; y por otro, dar a conocer nuestra lectura de la situaci\u00f3n del grupo SIDENOR.<\/strong><\/p>\n\n\n\n<p>Tenemos claro que la medida de Azkoitia pretende ser un escarmiento para el personal del resto de centros de trabajo. Llega la negociaci\u00f3n del convenio en Basauri y la direcci\u00f3n quiere dejar claro que no aceptar\u00e1 movilizaciones, ni incluir\u00e1 nada que est\u00e9 fuera de sus t\u00e9rminos. Con lo que est\u00e1 haciendo en Azkoitia, nos quiere hacer saber a los trabajadores y las trabajadoras de todos sus centros de trabajo que no tenemos m\u00e1s remedio que aceptar el recorte de derechos.<\/p>\n\n\n\n<p>La Direcci\u00f3n de SIDENOR siempre ha apostado por frustrar la capacidad de decisi\u00f3n de los centros de trabajo y por incluir todos dentro del Acordio Marco, con el objetivo de triturar los derechos adquiridos mediante la lucha de los trabajadores y las trabajadoras en cada centro de trabajo. En este marco, tienen mayor\u00edas mucho m\u00e1s favorables, eliminando as\u00ed las representaciones sindicales en cada centro de trabajo. En este proceso, lo que se est\u00e1 haciendo en Azkoitia es un paso m\u00e1s. Ha utilizado el miedo y la amenaza para seguir recortando derechos, y as\u00ed lo ha demostrado en las \u00faltimas negociaciones en todos los centros de trabajo de Euskal Herria.<\/p>\n\n\n\n<p>En la comparecencia de hoy, las y los representantes de LAB le hemos se\u00f1alado a la direcci\u00f3n, de forma alta y directa, que se equivoca y le hemos dejado claro que no vamos a permitir su lamentable actitud. Desde LAB siempre vamos a apostar por la movilizaci\u00f3n y no vamos a permitirles que destruyan puestos de trabajo o que la situaci\u00f3n de los trabajadores y las trabajadoras se convierta en m\u00e1s precaria.<\/p>\n\n\n\n<p><strong>Complicidad de las administraciones<\/strong><\/p>\n\n\n\n<p>El Gobierno Vasco siempre ha aplaudido incondicionalmente la gesti\u00f3n de SIDENOR. En los \u00faltimos a\u00f1os, Jainaga, l\u00edder de SIDENOR, ha sido utilizado como ejemplo. Est\u00e1 siendo investigado en los juzgados por haber participado en un genocidio, est\u00e1 despidiendo a trabajadores y trabajadoras en muchos centros de trabajo por reivindicar sus derechos, o como se denunci\u00f3 en febrero de 2024, las medidas que nos enferman a los trabajadores y las trabajadoras y que hacen imposible la conciliaci\u00f3n de la vida son diarias. Le han regalado millones para comprar Talgo, que ahora destruir\u00e1 36 empleos. Es deslocalizaci\u00f3n, ya sea a China, o a Cantabria. Es una decisi\u00f3n contra el tejido industrial de Euskal Herria. \u00bfHasta cu\u00e1ndo seguir\u00e1n justificando su actuaci\u00f3n? Mientras estas y estos trabajadores est\u00e1n siendo amenazados y sus puestos de trabajo destruidos, las instituciones permanecen en silencio. La colaboraci\u00f3n p\u00fablico-privada que impulsa el Gobierno Vasco es una estafa que se nos hace a los trabajadores y las trabajadoras y se basa en dejar millones de euros p\u00fablicos en manos privadas. Ahora, en Azkoitia, estamos sufriendo directamente esto: 36 despidos encubiertos. La destrucci\u00f3n de 36 puestos de trabajo en Azkoitia se debe a la falta de pol\u00edticas industriales eficaces. Lo tenemos claro.<\/p>\n\n\n\n<p>Al mismo tiempo, queremos hacer un llamamiento al resto de fuerzas sindicales: nos preocupa la apuesta de algunos sindicatos, de la mano de la empresa, por desmovilizar a las y los trabajadores. Todos\u00a0y todas tenemos que tener claro ante qui\u00e9n nos encontramos y ante la agresi\u00f3n que se avecina (ya sea deslocalizaci\u00f3n, despidos o el pr\u00f3ximo convenio), ser\u00e1 necesario que el camino lo hagamos todos los trabajadores y las trabajadoras juntas.<\/p>\n\n\n\n<p>Ayer miembros del comit\u00e9 de SIDENOR Azkoitia nos reunimos con la Diputaci\u00f3n de Gipuzkoa y el Gobierno Vasco, y les manifestamos que su implicaci\u00f3n es necesaria para revertir la destrucci\u00f3n de puestos de trabajo que se ha dado en el centro de trabajo de Azkoitia y garantizar su futuro. Ambas instituciones se comprometieron a volver a reunirse con el comit\u00e9 durante el proceso. As\u00ed, dijeron que se reunir\u00e1n con la direcci\u00f3n de Sidenor. Estaremos atentos\u00a0y atentas.<\/p>\n","protected":false},"excerpt":{"rendered":"<p>Hoy hemos comparecido las y los representantes de LAB de los centros de trabajo de SIDENOR ACEROS ESPECIALES S.L.U. de las plantas de Basauri, Azkoitia, Gasteiz y Legutio. Nuestro objetivo ha sido doble: por un lado, mostrar nuestro apoyo a todas y todos los compa\u00f1eros de Azkoitia; y por otro, dar a conocer nuestra lectura [&hellip;]<\/p>\n","protected":false},"author":1191,"featured_media":89194,"comment_status":"closed","ping_status":"closed","sticky":false,"template":"","format":"standard","meta":{"_monsterinsights_skip_tracking":false,"_monsterinsights_sitenote_active":false,"_monsterinsights_sitenote_note":"","_monsterinsights_sitenote_category":0,"footnotes":"","_links_to":"","_links_to_target":""},"categories":[18,2868],"tags":[3033,3178,2996,3351],"class_list":{"0":"post-89196","1":"post","2":"type-post","3":"status-publish","4":"format-standard","5":"has-post-thumbnail","7":"category-es-accion-sindical","8":"category-industria-es","9":"tag-accion-sindical-es","10":"tag-destacado-1","11":"tag-industria-es","12":"tag-sidenor-es"},"_links":{"self":[{"href":"https:\/\/www.lab.eus\/es\/wp-json\/wp\/v2\/posts\/89196","targetHints":{"allow":["GET"]}}],"collection":[{"href":"https:\/\/www.lab.eus\/es\/wp-json\/wp\/v2\/posts"}],"about":[{"href":"https:\/\/www.lab.eus\/es\/wp-json\/wp\/v2\/types\/post"}],"author":[{"embeddable":true,"href":"https:\/\/www.lab.eus\/es\/wp-json\/wp\/v2\/users\/1191"}],"replies":[{"embeddable":true,"href":"https:\/\/www.lab.eus\/es\/wp-json\/wp\/v2\/comments?post=89196"}],"version-history":[{"count":2,"href":"https:\/\/www.lab.eus\/es\/wp-json\/wp\/v2\/posts\/89196\/revisions"}],"predecessor-version":[{"id":89240,"href":"https:\/\/www.lab.eus\/es\/wp-json\/wp\/v2\/posts\/89196\/revisions\/89240"}],"wp:featuredmedia":[{"embeddable":true,"href":"https:\/\/www.lab.eus\/es\/wp-json\/wp\/v2\/media\/89194"}],"wp:attachment":[{"href":"https:\/\/www.lab.eus\/es\/wp-json\/wp\/v2\/media?parent=89196"}],"wp:term":[{"taxonomy":"category","embeddable":true,"href":"https:\/\/www.lab.eus\/es\/wp-json\/wp\/v2\/categories?post=89196"},{"taxonomy":"post_tag","embeddable":true,"href":"https:\/\/www.lab.eus\/es\/wp-json\/wp\/v2\/tags?post=89196"}],"curies":[{"name":"wp","href":"https:\/\/api.w.org\/{rel}","templated":true}]}}