{"id":89187,"date":"2026-03-13T11:41:05","date_gmt":"2026-03-13T11:41:05","guid":{"rendered":"https:\/\/www.lab.eus\/?p=89187"},"modified":"2026-03-13T12:06:07","modified_gmt":"2026-03-13T12:06:07","slug":"ela-lab-steilas-hiru-y-etxalde-preven-una-huelga-general-exitosa","status":"publish","type":"post","link":"https:\/\/www.lab.eus\/es\/ela-lab-steilas-hiru-y-etxalde-preven-una-huelga-general-exitosa\/","title":{"rendered":"LAB, ELA, Steilas, Hiru y Etxalde prev\u00e9n una huelga general exitosa"},"content":{"rendered":"\n<p><em><u>Las posibilidades de lograr un SMI propio est\u00e1n abiertas, despu\u00e9s de haber hecho una ronda pol\u00edtica en Hego Euskal Herria y Madrid y de haber convocado a la patronal a la mesa de negociaci\u00f3n tanto en la CAV como en Nafarroa<\/u><\/em><\/p>\n\n\n\n<p>Los sindicatos ELA, LAB, Steilas, Hiru y Etxalde han realizado hoy sendas comparecencias en Donostia e Iru\u00f1ea. Han informado de los apoyos recibidos para la huelga general convocada para el 17 de marzo y han dado cuenta de sus previsiones.<\/p>\n\n\n\n<p>La adhesi\u00f3n a la huelga est\u00e1 siendo muy amplia: seg\u00fan han remarcado, la huelga cuenta con la adhesi\u00f3n de 1.750 comit\u00e9s de empresa y comit\u00e9s de personal; adem\u00e1s, se han adherido m\u00e1s de 100 agentes sociales: j\u00f3venes, estudiantes, agentes ecologistas, antirracistas, feministas, pensionistas. Todos se unir\u00e1n en la huelga.<\/p>\n\n\n\n<p>En cuanto a las asambleas en los centros de trabajo y la implicaci\u00f3n de las y los trabajadores, los datos son tambi\u00e9n significativos. A trav\u00e9s de asambleas vinculantes han dado su apoyo a la huelga, por ejemplo, CAF Beasain y CAF Irun, Biele (Azpeitia), Torraspapel (Leitza), Indar (Beasain), Arcelor-Bergara, Fagor Electr\u00f3nica (Arrasate), Irizar koop. (Ormaiztegi), Salbatore Mitxelena Ikastola (Zarautz), Arizmendi Ikastola (Arrasate), Laskorain Ikastola (Tolosa), GKN-Legazpi, Ayuntamiento de O\u00f1ati, Ayuntamiento de Hernani, Ayuntamiento de Tolosa, ABC (Eibar), Munksj\u00f6 Papel (Elduain), JMA (Arrasate) y Aralar Papelera (Amezketa). A medida que se vayan celebrando asambleas, se prev\u00e9 que en las pr\u00f3ximas horas se sumen m\u00e1s empresas. Por tanto, teniendo en cuenta el apoyo que est\u00e1 recibiendo la huelga, los convocantes prev\u00e9n que ser\u00e1 un \u00e9xito.<\/p>\n\n\n\n<p>\u00a1<\/p>\n\n\n\n<p>El 17 de marzo pedir\u00e1n un salario m\u00ednimo propio y mejoras salariales en general, pero no solo eso, ya que, como se ha comentado en la rueda de prensa, tambi\u00e9n ser\u00e1 una huelga contra la guerra y a favor de la justicia social. El encarecimiento de la vida se est\u00e1 agudizando a ra\u00edz de los ataques imperialistas de Estados Unidos e Israel contra Oriente Pr\u00f3ximo, y son precisamente las medidas para combatir ese encarecimiento las que se reivindicar\u00e1n con la huelga general: repartir la riqueza, mejorar salarios y decidir aqu\u00ed el SMI.<\/p>\n\n\n\n<p>Los sindicatos convocantes han subrayado que las posibilidades de conseguir un SMI propio siguen abiertas. As\u00ed lo deducen de la ronda llevada a cabo con los agentes, por lo que han subrayado la importancia de sumarse a la huelga. El 24 y el 25 de marzo han citado a CONFEBASK y CEN, respectivamente, para sendos intentos de negociaci\u00f3n. Los sindicatos convocantes de la huelga han destacado que, tras haber estado con la patronal, es a\u00fan m\u00e1s evidente que es posible un acuerdo intersectorial para establecer un salario m\u00ednimo, ya que no hay argumentos t\u00e9cnicos jur\u00eddicos en su contra.<\/p>\n\n\n\n<p>Han encontrado posturas diferentes entre los agentes pol\u00edticos e institucionales: han criticado que PNV, PSE y PSN pretendan impedir de forma antidemocr\u00e1tica el debate de la ILP. En cambio, ponen en valor que EH Bildu y GeroaBai se sumen a las demandas de los sindicatos, y que, tras el bloqueo de la ILP, se haya dado paso al debate en el Parlamento de la CAV y Navarra.<br><br>En cuanto a la v\u00eda institucional, ayer en Nafarroa los partidos PSN y Contigo-Zurekin se sumaron al PP y a VOX para perjudicar a los sectores m\u00e1s vulnerables de la ciudadan\u00eda y votar en contra de todos los trabajadores y trabajadoras navarras, al oponerse a que Nafarroa cuente con un SMI propio.No obstante, algunas posiciones est\u00e1n cambiando: a diferencia de lo que ocurr\u00eda hace un a\u00f1o \u2014cuando se intentaba ocultar el debate\u2014, ahora la mayor\u00eda considera que es un debate pertinente e interesante.<\/p>\n\n\n\n<p>As\u00ed mismo, los sindicatos convocantes han realizado una ronda pol\u00edtica en Madrid, y aplauden la voluntad mostrada por algunos partidos soberanistas en dicha ronda para de llevar al Congreso una Proposici\u00f3n de Ley para su debate, con el fin de modificar el Estatuto de los Trabajadores, tal y como han pedido los sindicatos soberanistas vascos, gallegos y catalanes. Los sindicatos convocantes de la huelga piden a los partidos que respeten la propuesta sindical como tal, y, en la misma l\u00ednea, piden al PSOE y a Sumar, partidos del gobierno, que no pongan impedimentos.<\/p>\n\n\n\n<p>Los sindicatos han concluido con un llamamiento a las y los trabajadores para que participen en la huelga general y las movilizaciones del 17 de marzo. La aportaci\u00f3n de cada persona trabajadora contribuir\u00e1, por un lado, a mejorar la relaci\u00f3n de fuerzas para negociar con la patronal y, por otro, a interpelar a los partidos pol\u00edticos. Han se\u00f1alado que cada vez est\u00e1 m\u00e1s cerca la posibilidad de un salario m\u00ednimo interprofesional propio.<\/p>\n\n\n\n<p><strong>17M. Las convocatorias de la huelga general:<\/strong><\/p>\n\n\n\n<ul class=\"wp-block-list\">\n<li>A partir de las 05.00 horas: piquetes.<\/li>\n\n\n\n<li>A las 11.00 horas, columnas de las capitales hacia las manifestaciones principales.<\/li>\n\n\n\n<li>Convocatoria a medios de comunicaci\u00f3n. Declaraciones:<\/li>\n\n\n\n<li>Bilbo. 12.15 horas en la Plaza el\u00edptica<\/li>\n\n\n\n<li>Iru\u00f1ea. 12.15 horas en la plaza del Castillo<\/li>\n<\/ul>\n\n\n\n<figure class=\"wp-block-table\"><table class=\"has-fixed-layout\"><tbody><tr><td><br><\/td><td colspan=\"2\"><strong>MANIFESACIONES<\/strong><\/td><td colspan=\"2\"><strong>COLUMNAS<\/strong><\/td><\/tr><tr><td><strong>BILBO<\/strong><\/td><td>12:30<\/td><td>Plaza el\u00edptica<\/td><td>11:30<\/td><td>Zabalburu<\/td><\/tr><tr><td><br><\/td><td><br><\/td><td><br><\/td><td>11:30<\/td><td>Deustu<\/td><\/tr><tr><td><br><\/td><td><br><\/td><td><br><\/td><td>11:30<\/td><td>La Salve-Alameda Rekalde<\/td><\/tr><tr><td><br><\/td><td><br><\/td><td><br><\/td><td>11:30<\/td><td>Ayuntamiento<\/td><\/tr><tr><td><br><\/td><td><br><\/td><td><br><\/td><td><br><\/td><td><br><\/td><\/tr><tr><td><strong>DONOSTIA<\/strong><\/td><td>12:30<\/td><td>Plaza Pio XII<\/td><td>11:30<\/td><td>Tabakalera<\/td><\/tr><tr><td><br><\/td><td><br><\/td><td><br><\/td><td>11:30<\/td><td>Amara-Anoeta<\/td><\/tr><tr><td><br><\/td><td><br><\/td><td><br><\/td><td>11:30<\/td><td>Antiguo<\/td><\/tr><tr><td><br><\/td><td><br><\/td><td><br><\/td><td><br><\/td><td><br><\/td><\/tr><tr><td><strong>GASTEIZ<\/strong><\/td><td>12:30<\/td><td>Plaza Bilbao<\/td><td>10:30<\/td><td>Gobierno Vasco<\/td><\/tr><tr><td><br><\/td><td><br><\/td><td><br><\/td><td>10:30<\/td><td>Boulevard<\/td><\/tr><tr><td><br><\/td><td><br><\/td><td><br><\/td><td>10:30<\/td><td>Esmaltaciones<\/td><\/tr><tr><td><br><\/td><td><br><\/td><td><br><\/td><td><br><\/td><td><br><\/td><\/tr><tr><td><strong>IRU\u00d1EA<\/strong><\/td><td>12:30<\/td><td>Plaza del Castillo<\/td><td>11:00<\/td><td>Atarrabia, Burlata, Mendillorri<\/td><\/tr><tr><td><br><\/td><td><br><\/td><td><br><\/td><td>11:00<\/td><td>UPNA, Arrosadia, Iturrama<\/td><\/tr><tr><td><br><\/td><td><br><\/td><td><br><\/td><td>11:00<\/td><td>Bara\u00f1ain, hospitales<\/td><\/tr><tr><td><br><\/td><td><br><\/td><td><br><\/td><td>11:00<\/td><td>Berriozar, Sanduzelai<\/td><\/tr><tr><td><br><\/td><td><br><\/td><td><br><\/td><td>11:00<\/td><td>Txantrea, Antsoain, Arrotxapea<\/td><\/tr><tr><td><br><\/td><td><br><\/td><td><br><\/td><td><br><\/td><td><br><\/td><\/tr><tr><td><strong>EIBAR<\/strong><\/td><td>12:30<\/td><td>Plaza Unzaga<\/td><td><br><\/td><td><br><\/td><\/tr><tr><td><strong>TUTERA<\/strong><\/td><td>12.30<\/td><td>Plaza de los Fueros<\/td><td><br><\/td><td><br><\/td><\/tr><\/tbody><\/table><\/figure>\n\n\n\n<p>Habr\u00e1 <strong>manifestaciones descentralizadas <\/strong><strong>a<\/strong><strong> la tarde<\/strong> en decenas de localidades. Estas son las convocatorias de las capitales:<\/p>\n\n\n\n<ul class=\"wp-block-list\">\n<li>Bilbo. Diputaci\u00f3n: 18.00 horas.<\/li>\n\n\n\n<li>Iru\u00f1a: Baluarte: 18:30 horas.<\/li>\n\n\n\n<li>Donosti. Plaza Catalu\u00f1a: 18.00 horas.<\/li>\n\n\n\n<li>Gasteiz. Plaza de la Virgen Blanca: 18.00 horas.<\/li>\n<\/ul>\n","protected":false},"excerpt":{"rendered":"<p>Las posibilidades de lograr un SMI propio est\u00e1n abiertas, despu\u00e9s de haber hecho una ronda pol\u00edtica en Hego Euskal Herria y Madrid y de haber convocado a la patronal a la mesa de negociaci\u00f3n tanto en la CAV como en Nafarroa Los sindicatos ELA, LAB, Steilas, Hiru y Etxalde han realizado hoy sendas comparecencias en [&hellip;]<\/p>\n","protected":false},"author":1191,"featured_media":89183,"comment_status":"closed","ping_status":"closed","sticky":false,"template":"","format":"standard","meta":{"_monsterinsights_skip_tracking":false,"_monsterinsights_sitenote_active":false,"_monsterinsights_sitenote_note":"","_monsterinsights_sitenote_category":0,"footnotes":"","_links_to":"","_links_to_target":""},"categories":[18],"tags":[3033,3279,5362],"class_list":{"0":"post-89187","1":"post","2":"type-post","3":"status-publish","4":"format-standard","5":"has-post-thumbnail","7":"category-es-accion-sindical","8":"tag-accion-sindical-es","9":"tag-portada-es","10":"tag-smi-es-3"},"_links":{"self":[{"href":"https:\/\/www.lab.eus\/es\/wp-json\/wp\/v2\/posts\/89187","targetHints":{"allow":["GET"]}}],"collection":[{"href":"https:\/\/www.lab.eus\/es\/wp-json\/wp\/v2\/posts"}],"about":[{"href":"https:\/\/www.lab.eus\/es\/wp-json\/wp\/v2\/types\/post"}],"author":[{"embeddable":true,"href":"https:\/\/www.lab.eus\/es\/wp-json\/wp\/v2\/users\/1191"}],"replies":[{"embeddable":true,"href":"https:\/\/www.lab.eus\/es\/wp-json\/wp\/v2\/comments?post=89187"}],"version-history":[{"count":2,"href":"https:\/\/www.lab.eus\/es\/wp-json\/wp\/v2\/posts\/89187\/revisions"}],"predecessor-version":[{"id":89190,"href":"https:\/\/www.lab.eus\/es\/wp-json\/wp\/v2\/posts\/89187\/revisions\/89190"}],"wp:featuredmedia":[{"embeddable":true,"href":"https:\/\/www.lab.eus\/es\/wp-json\/wp\/v2\/media\/89183"}],"wp:attachment":[{"href":"https:\/\/www.lab.eus\/es\/wp-json\/wp\/v2\/media?parent=89187"}],"wp:term":[{"taxonomy":"category","embeddable":true,"href":"https:\/\/www.lab.eus\/es\/wp-json\/wp\/v2\/categories?post=89187"},{"taxonomy":"post_tag","embeddable":true,"href":"https:\/\/www.lab.eus\/es\/wp-json\/wp\/v2\/tags?post=89187"}],"curies":[{"name":"wp","href":"https:\/\/api.w.org\/{rel}","templated":true}]}}