{"id":89146,"date":"2026-03-12T16:06:29","date_gmt":"2026-03-12T16:06:29","guid":{"rendered":"https:\/\/www.lab.eus\/?p=89146"},"modified":"2026-03-13T08:39:19","modified_gmt":"2026-03-13T08:39:19","slug":"primer-paro-y-manifestacion-de-los-trabajadores-de-la-incineradora-de-zubieta","status":"publish","type":"post","link":"https:\/\/www.lab.eus\/es\/primer-paro-y-manifestacion-de-los-trabajadores-de-la-incineradora-de-zubieta\/","title":{"rendered":"Primer paro y manifestaci\u00f3n de las y los trabajadores de la incineradora de Zubieta"},"content":{"rendered":"\n<p><strong>Hoy, jueves 12 de marzo, ha tenido lugar el primer paro y manifestaci\u00f3n de las personas trabajadoras de la incineradora de Zubieta para reclamar un convenio de empresa que regule sus condiciones laborales.<\/strong><\/p>\n\n\n\n<p>La semana pasada y con la excusa de presentar una nueva propuesta, la empresa convoc\u00f3 al comit\u00e9 de empresa con la intenci\u00f3n de reunirse este lunes. Para sorpresa del comit\u00e9, la empresa s\u00f3lo acudi\u00f3 a se\u00f1alar que entiende que la huelga registrada es ilegal, es decir, a amenazar a las personas trabajadoras.<\/p>\n\n\n\n<p>Como consecuencia de ello, en la asamblea de trabajadores y trabajadoras celebrada ayer mi\u00e9rcoles, adem\u00e1s de mostrar su indignaci\u00f3n por la agresividad de la empresa, se tom\u00f3 la decisi\u00f3n de mantener los paros convocados para los d\u00edas 12 y 26 de marzo.<\/p>\n\n\n\n<p>La plantilla no va a tolerar ninguna amenaza ni actitud agresiva. Tiene la intenci\u00f3n de seguir con su lucha porque es consciente de que la lucha es el \u00fanico camino.<\/p>\n","protected":false},"excerpt":{"rendered":"<p>Hoy, jueves 12 de marzo, ha tenido lugar el primer paro y manifestaci\u00f3n de las personas trabajadoras de la incineradora de Zubieta para reclamar un convenio de empresa que regule sus condiciones laborales. La semana pasada y con la excusa de presentar una nueva propuesta, la empresa convoc\u00f3 al comit\u00e9 de empresa con la intenci\u00f3n [&hellip;]<\/p>\n","protected":false},"author":1191,"featured_media":89144,"comment_status":"closed","ping_status":"closed","sticky":false,"template":"","format":"standard","meta":{"_monsterinsights_skip_tracking":false,"_monsterinsights_sitenote_active":false,"_monsterinsights_sitenote_note":"","_monsterinsights_sitenote_category":0,"footnotes":"","_links_to":"","_links_to_target":""},"categories":[18],"tags":[3033,3178,5434],"class_list":{"0":"post-89146","1":"post","2":"type-post","3":"status-publish","4":"format-standard","5":"has-post-thumbnail","7":"category-es-accion-sindical","8":"tag-accion-sindical-es","9":"tag-destacado-1","10":"tag-incineradora-de-zubieta"},"_links":{"self":[{"href":"https:\/\/www.lab.eus\/es\/wp-json\/wp\/v2\/posts\/89146","targetHints":{"allow":["GET"]}}],"collection":[{"href":"https:\/\/www.lab.eus\/es\/wp-json\/wp\/v2\/posts"}],"about":[{"href":"https:\/\/www.lab.eus\/es\/wp-json\/wp\/v2\/types\/post"}],"author":[{"embeddable":true,"href":"https:\/\/www.lab.eus\/es\/wp-json\/wp\/v2\/users\/1191"}],"replies":[{"embeddable":true,"href":"https:\/\/www.lab.eus\/es\/wp-json\/wp\/v2\/comments?post=89146"}],"version-history":[{"count":3,"href":"https:\/\/www.lab.eus\/es\/wp-json\/wp\/v2\/posts\/89146\/revisions"}],"predecessor-version":[{"id":89152,"href":"https:\/\/www.lab.eus\/es\/wp-json\/wp\/v2\/posts\/89146\/revisions\/89152"}],"wp:featuredmedia":[{"embeddable":true,"href":"https:\/\/www.lab.eus\/es\/wp-json\/wp\/v2\/media\/89144"}],"wp:attachment":[{"href":"https:\/\/www.lab.eus\/es\/wp-json\/wp\/v2\/media?parent=89146"}],"wp:term":[{"taxonomy":"category","embeddable":true,"href":"https:\/\/www.lab.eus\/es\/wp-json\/wp\/v2\/categories?post=89146"},{"taxonomy":"post_tag","embeddable":true,"href":"https:\/\/www.lab.eus\/es\/wp-json\/wp\/v2\/tags?post=89146"}],"curies":[{"name":"wp","href":"https:\/\/api.w.org\/{rel}","templated":true}]}}