{"id":89138,"date":"2026-03-12T15:41:58","date_gmt":"2026-03-12T15:41:58","guid":{"rendered":"https:\/\/www.lab.eus\/?p=89138"},"modified":"2026-03-13T08:59:39","modified_gmt":"2026-03-13T08:59:39","slug":"el-sindicato-lab-ha-valorado-el-anuncio-de-la-administracion-de-que-a-partir-del-1-de-junio-dejaran-de-realizarse-las-acumulaciones-de-turnos-que-permitian-jornadas-de-hasta-24-horas-en-los-centros-pe","status":"publish","type":"post","link":"https:\/\/www.lab.eus\/es\/el-sindicato-lab-ha-valorado-el-anuncio-de-la-administracion-de-que-a-partir-del-1-de-junio-dejaran-de-realizarse-las-acumulaciones-de-turnos-que-permitian-jornadas-de-hasta-24-horas-en-los-centros-pe\/","title":{"rendered":"El sindicato LAB ha valorado el anuncio de la Administraci\u00f3n de que a partir del 1 de junio no se podr\u00e1n encadenar turnos que permit\u00edan jornadas de hasta 24 horas en los centros penitenciarios de la CAV"},"content":{"rendered":"\n<p><strong>Se trata de una decisi\u00f3n que llega tras a\u00f1os de denuncias de LAB en defensa de la salud laboral y del derecho al descanso.<\/strong><\/p>\n\n\n\n<p>Desde el sindicato subrayan que han tenido que pasar largos a\u00f1os desde la transferencia de las competencias penitenciarias (octubre de 2021) para que la Administraci\u00f3n asuma sus responsabilidades pol\u00edticas. Durante este tiempo se ha mantenido una organizaci\u00f3n del trabajo que permit\u00eda encadenar turnos de ma\u00f1ana, tarde y noche, generando jornadas de m\u00e1s de 18 horas de exposici\u00f3n laboral y vulnerando el derecho al descanso.<\/p>\n\n\n\n<p>Los propios informes jur\u00eddicos de la Administraci\u00f3n han terminado confirmando lo que LAB ven\u00eda denunciando: los turnos de 24 horas no son compatibles con la normativa europea de descanso ni con la legislaci\u00f3n de prevenci\u00f3n de riesgos laborales.<\/p>\n\n\n\n<p>LAB recuerda adem\u00e1s que esta situaci\u00f3n no solo afecta a la salud de la plantilla, sino tambi\u00e9n a la calidad del servicio p\u00fablico y a los derechos de las personas que se encuentran privadas de libertad.<\/p>\n\n\n\n<p>El sindicato pide ahora a la Administraci\u00f3n que deje de guiarse por las presiones y t\u00e1cticas de ciertos sindicatos que han defendido modelos de turnos contrarios a la salud laboral, y que avance definitivamente hacia una organizaci\u00f3n del trabajo que respete la ley, el descanso y la seguridad del servicio.<\/p>\n\n\n\n<p>Para LAB, la eliminaci\u00f3n de los turnos de 24 horas es un paso necesario, pero tambi\u00e9n un recordatorio de que la transferencia de prisiones no puede limitarse a gestionar el modelo heredado, sino que debe servir para transformarlo.<\/p>\n\n\n\n<p>La Administraci\u00f3n eliminar\u00e1 los turnos de 24 horas en prisiones demasiados a\u00f1os despu\u00e9s de la transferencia.<\/p>\n","protected":false},"excerpt":{"rendered":"<p>Se trata de una decisi\u00f3n que llega tras a\u00f1os de denuncias de LAB en defensa de la salud laboral y del derecho al descanso. Desde el sindicato subrayan que han tenido que pasar largos a\u00f1os desde la transferencia de las competencias penitenciarias (octubre de 2021) para que la Administraci\u00f3n asuma sus responsabilidades pol\u00edticas. Durante este [&hellip;]<\/p>\n","protected":false},"author":1191,"featured_media":89136,"comment_status":"closed","ping_status":"closed","sticky":false,"template":"","format":"standard","meta":{"_monsterinsights_skip_tracking":false,"_monsterinsights_sitenote_active":false,"_monsterinsights_sitenote_note":"","_monsterinsights_sitenote_category":0,"footnotes":"","_links_to":"","_links_to_target":""},"categories":[18],"tags":[3033,5437,5438,3178],"class_list":{"0":"post-89138","1":"post","2":"type-post","3":"status-publish","4":"format-standard","5":"has-post-thumbnail","7":"category-es-accion-sindical","8":"tag-accion-sindical-es","9":"tag-centros-penitenciarios","10":"tag-centros-penitenciarios-de-la-cav","11":"tag-destacado-1"},"_links":{"self":[{"href":"https:\/\/www.lab.eus\/es\/wp-json\/wp\/v2\/posts\/89138","targetHints":{"allow":["GET"]}}],"collection":[{"href":"https:\/\/www.lab.eus\/es\/wp-json\/wp\/v2\/posts"}],"about":[{"href":"https:\/\/www.lab.eus\/es\/wp-json\/wp\/v2\/types\/post"}],"author":[{"embeddable":true,"href":"https:\/\/www.lab.eus\/es\/wp-json\/wp\/v2\/users\/1191"}],"replies":[{"embeddable":true,"href":"https:\/\/www.lab.eus\/es\/wp-json\/wp\/v2\/comments?post=89138"}],"version-history":[{"count":2,"href":"https:\/\/www.lab.eus\/es\/wp-json\/wp\/v2\/posts\/89138\/revisions"}],"predecessor-version":[{"id":89157,"href":"https:\/\/www.lab.eus\/es\/wp-json\/wp\/v2\/posts\/89138\/revisions\/89157"}],"wp:featuredmedia":[{"embeddable":true,"href":"https:\/\/www.lab.eus\/es\/wp-json\/wp\/v2\/media\/89136"}],"wp:attachment":[{"href":"https:\/\/www.lab.eus\/es\/wp-json\/wp\/v2\/media?parent=89138"}],"wp:term":[{"taxonomy":"category","embeddable":true,"href":"https:\/\/www.lab.eus\/es\/wp-json\/wp\/v2\/categories?post=89138"},{"taxonomy":"post_tag","embeddable":true,"href":"https:\/\/www.lab.eus\/es\/wp-json\/wp\/v2\/tags?post=89138"}],"curies":[{"name":"wp","href":"https:\/\/api.w.org\/{rel}","templated":true}]}}