{"id":89103,"date":"2026-03-12T14:14:52","date_gmt":"2026-03-12T14:14:52","guid":{"rendered":"https:\/\/www.lab.eus\/?p=89103"},"modified":"2026-03-12T14:14:56","modified_gmt":"2026-03-12T14:14:56","slug":"cada-vez-mas-centros-de-trabajo-dan-el-si-a-la-huelga-general","status":"publish","type":"post","link":"https:\/\/www.lab.eus\/es\/cada-vez-mas-centros-de-trabajo-dan-el-si-a-la-huelga-general\/","title":{"rendered":"Cada vez m\u00e1s centros de trabajo dan el \u00abs\u00ed\u00bb a la huelga general"},"content":{"rendered":"\n<p>A cinco d\u00edas de la huelga general, el ambiente se est\u00e1 calentando tanto en los centros de trabajo como en la calle; y ya hemos empezado a recibir previsiones de seguimiento desde los centros de trabajo y, por el apoyo que est\u00e1 teniendo la convocatoria, estamos a las puertas de una huelga exitosa.<\/p>\n\n\n\n<p>Entre los centros de trabajo que saldr\u00e1n a la huelga, tanto en el \u00e1mbito p\u00fablico como en el privado, se encuentran los siguientes: CAF Beasain y CAF Irun, Biele (Azpeitia), Torraspapel (Leitza), Indar (Beasain), Arcelor-Bergara, Fagor Electr\u00f3nica (Arrasate), Irizar Koop. (Ormaiztegi), Salbatore Mitxelena Ikastola (Zarautz), Arizmendi Ikastola (Arrasate), Laskorain Ikastola (Tolosa), GKN-Legazpi, Ayuntamiento de O\u00f1ati, Ayuntamiento de Hernani, Ayuntamiento de Tolosa, ABC (Eibar), Munksj\u00f6 Papel (Elduain), JMA (Arrasate) y Aralar Papelera (Amezketa).<\/p>\n\n\n\n<p>A medida que se celebren las asambleas de trabajadores y trabajadoras, en las pr\u00f3ximas horas esperamos la adhesi\u00f3n de m\u00e1s empresas.<\/p>\n\n\n\n<p>A medida que se celebren asambleas de trabajadores, prevemos recibir la adhesi\u00f3n de m\u00e1s empresas en las pr\u00f3ximas horas.<\/p>\n\n\n\n<p>\u00a1El 17 de marzo vaciaremos las f\u00e1bricas y llenaremos las calles!<\/p>\n","protected":false},"excerpt":{"rendered":"<p>A cinco d\u00edas de la huelga general, el ambiente se est\u00e1 calentando tanto en los centros de trabajo como en la calle; y ya hemos empezado a recibir previsiones de seguimiento desde los centros de trabajo y, por el apoyo que est\u00e1 teniendo la convocatoria, estamos a las puertas de una huelga exitosa. Entre los [&hellip;]<\/p>\n","protected":false},"author":1191,"featured_media":89101,"comment_status":"closed","ping_status":"closed","sticky":false,"template":"","format":"standard","meta":{"_monsterinsights_skip_tracking":false,"_monsterinsights_sitenote_active":false,"_monsterinsights_sitenote_note":"","_monsterinsights_sitenote_category":0,"footnotes":"","_links_to":"","_links_to_target":""},"categories":[18],"tags":[3033,3481,5431,3279,5362],"class_list":{"0":"post-89103","1":"post","2":"type-post","3":"status-publish","4":"format-standard","5":"has-post-thumbnail","7":"category-es-accion-sindical","8":"tag-accion-sindical-es","9":"tag-huelga-general","10":"tag-m17-huelga-general","11":"tag-portada-es","12":"tag-smi-es-3"},"_links":{"self":[{"href":"https:\/\/www.lab.eus\/es\/wp-json\/wp\/v2\/posts\/89103","targetHints":{"allow":["GET"]}}],"collection":[{"href":"https:\/\/www.lab.eus\/es\/wp-json\/wp\/v2\/posts"}],"about":[{"href":"https:\/\/www.lab.eus\/es\/wp-json\/wp\/v2\/types\/post"}],"author":[{"embeddable":true,"href":"https:\/\/www.lab.eus\/es\/wp-json\/wp\/v2\/users\/1191"}],"replies":[{"embeddable":true,"href":"https:\/\/www.lab.eus\/es\/wp-json\/wp\/v2\/comments?post=89103"}],"version-history":[{"count":1,"href":"https:\/\/www.lab.eus\/es\/wp-json\/wp\/v2\/posts\/89103\/revisions"}],"predecessor-version":[{"id":89104,"href":"https:\/\/www.lab.eus\/es\/wp-json\/wp\/v2\/posts\/89103\/revisions\/89104"}],"wp:featuredmedia":[{"embeddable":true,"href":"https:\/\/www.lab.eus\/es\/wp-json\/wp\/v2\/media\/89101"}],"wp:attachment":[{"href":"https:\/\/www.lab.eus\/es\/wp-json\/wp\/v2\/media?parent=89103"}],"wp:term":[{"taxonomy":"category","embeddable":true,"href":"https:\/\/www.lab.eus\/es\/wp-json\/wp\/v2\/categories?post=89103"},{"taxonomy":"post_tag","embeddable":true,"href":"https:\/\/www.lab.eus\/es\/wp-json\/wp\/v2\/tags?post=89103"}],"curies":[{"name":"wp","href":"https:\/\/api.w.org\/{rel}","templated":true}]}}