{"id":89088,"date":"2026-03-12T08:24:34","date_gmt":"2026-03-12T08:24:34","guid":{"rendered":"https:\/\/www.lab.eus\/?p=89088"},"modified":"2026-03-13T09:48:08","modified_gmt":"2026-03-13T09:48:08","slug":"lab-aboga-por-la-disolucion-de-la-otan-en-reconocimiento-a-la-voluntad-expresada-por-euskal-herria-hace-40-anos","status":"publish","type":"post","link":"https:\/\/www.lab.eus\/es\/lab-aboga-por-la-disolucion-de-la-otan-en-reconocimiento-a-la-voluntad-expresada-por-euskal-herria-hace-40-anos\/","title":{"rendered":"LAB reivindica la disoluci\u00f3n de la OTAN atendiendo a la voluntad expresada por Euskal Herria hace 40 a\u00f1os"},"content":{"rendered":"\n<p>Se cumplen 40 a\u00f1os de la consulta popular sobre la OTAN en el Estado espa\u00f1ol. La operaci\u00f3n estatal para que ganara el &#8216;s\u00ed&#8217; fracas\u00f3 en Hego Euskal Herria; en las cuatro provincias gan\u00f3 contundentemente el &#8216;no&#8217;. Sin embargo, el Gobierno espa\u00f1ol no acept\u00f3 la voluntad de la ciudadan\u00eda vasca, entre otras cosas, convirtiendo a las Bardenas en un centro de entrenamiento de la OTAN.<\/p>\n\n\n\n<p>Desde entonces hasta ahora, la mayor\u00eda de Euskal Herria ha manifestado con claridad su rechazo a la maquinaria b\u00e9lica impulsada por la \u00e9lite econ\u00f3mica de Occidente en defensa de sus intereses, como muestran las movilizaciones contra las guerras, como la guerra del Golfo de 1991 o la invasi\u00f3n de Irak en 2003; el movimiento de insumisi\u00f3n al servicio militar; o la lucha contra el genocidio palestino, que culmin\u00f3 en el Paro General del pasado octubre.<\/p>\n\n\n\n<p>40 a\u00f1os despu\u00e9s de ganar la consulta popular, LAB se reafirma en su postura favorable a la expulsi\u00f3n de la OTAN de Euskal Herria y, en general, a su disoluci\u00f3n. Asimismo, hace un llamamiento a los gobiernos y a la patronal para que dejen de alimentar la maquinaria de guerra. No es l\u00edcito hacer negocios o dedicar inversi\u00f3n p\u00fablica a la industria armament\u00edstica en un contexto de genocidio y guerra. Ante la ofensiva de Estados Unidos e Israel contra numerosos pueblos del planeta, la clase trabajadora vasca dice &#8216;no&#8217; a la guerra y &#8216;no&#8217; a pagar la factura de la guerra.<\/p>\n\n\n\n<p>Por \u00faltimo, LAB aboga por un nuevo orden internacional basado en la soberan\u00eda, la justicia y el bienestar de todos los pueblos.<\/p>\n","protected":false},"excerpt":{"rendered":"<p>Se cumplen 40 a\u00f1os de la consulta popular sobre la OTAN en el Estado espa\u00f1ol. La operaci\u00f3n estatal para que ganara el &#8216;s\u00ed&#8217; fracas\u00f3 en Hego Euskal Herria; en las cuatro provincias gan\u00f3 contundentemente el &#8216;no&#8217;. Sin embargo, el Gobierno espa\u00f1ol no acept\u00f3 la voluntad de la ciudadan\u00eda vasca, entre otras cosas, convirtiendo a las [&hellip;]<\/p>\n","protected":false},"author":1191,"featured_media":89092,"comment_status":"closed","ping_status":"closed","sticky":false,"template":"","format":"standard","meta":{"_monsterinsights_skip_tracking":false,"_monsterinsights_sitenote_active":false,"_monsterinsights_sitenote_note":"","_monsterinsights_sitenote_category":0,"footnotes":"","_links_to":"","_links_to_target":""},"categories":[4,2973],"tags":[3178,3173,5196,5441],"class_list":{"0":"post-89088","1":"post","2":"type-post","3":"status-publish","4":"format-standard","5":"has-post-thumbnail","7":"category-es-internacional","8":"category-secretarias","9":"tag-destacado-1","10":"tag-internacional-es","11":"tag-otan","12":"tag-referendum-de-la-otan"},"_links":{"self":[{"href":"https:\/\/www.lab.eus\/es\/wp-json\/wp\/v2\/posts\/89088","targetHints":{"allow":["GET"]}}],"collection":[{"href":"https:\/\/www.lab.eus\/es\/wp-json\/wp\/v2\/posts"}],"about":[{"href":"https:\/\/www.lab.eus\/es\/wp-json\/wp\/v2\/types\/post"}],"author":[{"embeddable":true,"href":"https:\/\/www.lab.eus\/es\/wp-json\/wp\/v2\/users\/1191"}],"replies":[{"embeddable":true,"href":"https:\/\/www.lab.eus\/es\/wp-json\/wp\/v2\/comments?post=89088"}],"version-history":[{"count":3,"href":"https:\/\/www.lab.eus\/es\/wp-json\/wp\/v2\/posts\/89088\/revisions"}],"predecessor-version":[{"id":89165,"href":"https:\/\/www.lab.eus\/es\/wp-json\/wp\/v2\/posts\/89088\/revisions\/89165"}],"wp:featuredmedia":[{"embeddable":true,"href":"https:\/\/www.lab.eus\/es\/wp-json\/wp\/v2\/media\/89092"}],"wp:attachment":[{"href":"https:\/\/www.lab.eus\/es\/wp-json\/wp\/v2\/media?parent=89088"}],"wp:term":[{"taxonomy":"category","embeddable":true,"href":"https:\/\/www.lab.eus\/es\/wp-json\/wp\/v2\/categories?post=89088"},{"taxonomy":"post_tag","embeddable":true,"href":"https:\/\/www.lab.eus\/es\/wp-json\/wp\/v2\/tags?post=89088"}],"curies":[{"name":"wp","href":"https:\/\/api.w.org\/{rel}","templated":true}]}}