{"id":88984,"date":"2026-03-09T17:19:28","date_gmt":"2026-03-09T17:19:28","guid":{"rendered":"https:\/\/www.lab.eus\/?p=88984"},"modified":"2026-03-11T10:44:09","modified_gmt":"2026-03-11T10:44:09","slug":"seguiremos-luchando-por-la-defensa-de-los-puestos-de-trabajo-y-por-la-negociacion-del-convenio-en-sidenor","status":"publish","type":"post","link":"https:\/\/www.lab.eus\/es\/seguiremos-luchando-por-la-defensa-de-los-puestos-de-trabajo-y-por-la-negociacion-del-convenio-en-sidenor\/","title":{"rendered":"La plantilla seguir\u00e1 luchando por la defensa de los puestos de trabajo y por la negociaci\u00f3n del convenio en SIDENOR"},"content":{"rendered":"\n<p>La direcci\u00f3n de SIDENOR est\u00e1 dejando morir a la planta de Azkoitia. En los \u00faltimos a\u00f1os se han destruido cerca de 200 puestos de trabajo en el centro de trabajo de Azkoitia. Para la direcci\u00f3n de SIDENOR, no existe una planificaci\u00f3n que garantice el futuro de Azkoitia. A todo ello hay que a\u00f1adirle el recorte de derechos que han sufrido las y los trabajadores durante los \u00faltimos a\u00f1os. Es en ese contexto donde hay que entender la maniobra de la direcci\u00f3n.<\/p>\n\n\n\n<p>Hace m\u00e1s de dos a\u00f1os que la plantilla inici\u00f3 la negociaci\u00f3n del convenio. Por primera vez en muchas negociaciones, LAB y ELA contaban con mayor\u00eda en el comit\u00e9. Desde el principio, la estrategia de la direcci\u00f3n ha estado centrada en el miedo y la amenaza. Desvi\u00f3 primero la carga de trabajo de Azkoitia y al ver que las y los trabajadores no se asustaban plante\u00f3 un ERTE y estos y estas tuvieron que estar a\u00f1o y medio en esa situaci\u00f3n (hasta octubre pasado). Las y los trabajadores se han mantenido firmes en su posici\u00f3n, y cuando han intensificado las movilizaciones &#8211; hace dos semanas dieron un salto cualitativo-, la direcci\u00f3n ha dado el siguiente golpe. Amenaza con paralizar el Gran Tren de Azkoitia y trasladar a 36 trabajadoras y trabajadores a Reynosa (Cantabria, Espa\u00f1a). La plantilla lo tiene claro: son 36 despidos encubiertos. Adem\u00e1s, la paralizaci\u00f3n del Gran Tren de Azkoitia comprometer\u00eda el futuro de todo el Centro de Trabajo.<\/p>\n\n\n\n<p>Las y los trabajadores entienden este paso dentro de la amenaza de la negociaci\u00f3n y dentro del abandono del centro de trabajo de Azkoitia. Por eso quieren dejar claro su mensaje:\u00a0<\/p>\n\n\n\n<p>\u2022 No van a conseguir que dejen a un lado su voluntad de negociaci\u00f3n.\u00a0<\/p>\n\n\n\n<p>\u2022 Seguir\u00e1n luchando por el mantenimiento de los puestos de trabajo y por el futuro del centro de trabajo de Azkoitia<\/p>\n\n\n\n<p>Desde el comit\u00e9 han solicitado reuniones con instituciones (Ayuntamiento de Azkoitia, Diputaci\u00f3n de Gipuzkoa y Gobierno Vasco). Las instituciones deben implicarse para garantizar el futuro de los puestos de trabajo de Azkoitia, sin mirar hacia otro lado, y las y los trabajadores tienen claro que es imprescindible cambiar pol\u00edticas que hasta ahora no han sido efectivas. A Jainaga (due\u00f1o de SIDENOR) se le ha puesto una alfombra roja desde las instituciones y eso tiene que cambiar. Desde las instituciones, hay que exigirle la defensa de los puestos de trabajo.\u00a0<\/p>\n","protected":false},"excerpt":{"rendered":"<p>La direcci\u00f3n de SIDENOR est\u00e1 dejando morir a la planta de Azkoitia. En los \u00faltimos a\u00f1os se han destruido cerca de 200 puestos de trabajo en el centro de trabajo de Azkoitia. Para la direcci\u00f3n de SIDENOR, no existe una planificaci\u00f3n que garantice el futuro de Azkoitia. A todo ello hay que a\u00f1adirle el recorte [&hellip;]<\/p>\n","protected":false},"author":1191,"featured_media":88982,"comment_status":"closed","ping_status":"closed","sticky":false,"template":"","format":"standard","meta":{"_monsterinsights_skip_tracking":false,"_monsterinsights_sitenote_active":false,"_monsterinsights_sitenote_note":"","_monsterinsights_sitenote_category":0,"footnotes":"","_links_to":"","_links_to_target":""},"categories":[18,2868],"tags":[3033,3178,2996,3351,4006],"class_list":{"0":"post-88984","1":"post","2":"type-post","3":"status-publish","4":"format-standard","5":"has-post-thumbnail","7":"category-es-accion-sindical","8":"category-industria-es","9":"tag-accion-sindical-es","10":"tag-destacado-1","11":"tag-industria-es","12":"tag-sidenor-es","13":"tag-sidenor-azkoitia"},"_links":{"self":[{"href":"https:\/\/www.lab.eus\/es\/wp-json\/wp\/v2\/posts\/88984","targetHints":{"allow":["GET"]}}],"collection":[{"href":"https:\/\/www.lab.eus\/es\/wp-json\/wp\/v2\/posts"}],"about":[{"href":"https:\/\/www.lab.eus\/es\/wp-json\/wp\/v2\/types\/post"}],"author":[{"embeddable":true,"href":"https:\/\/www.lab.eus\/es\/wp-json\/wp\/v2\/users\/1191"}],"replies":[{"embeddable":true,"href":"https:\/\/www.lab.eus\/es\/wp-json\/wp\/v2\/comments?post=88984"}],"version-history":[{"count":2,"href":"https:\/\/www.lab.eus\/es\/wp-json\/wp\/v2\/posts\/88984\/revisions"}],"predecessor-version":[{"id":89051,"href":"https:\/\/www.lab.eus\/es\/wp-json\/wp\/v2\/posts\/88984\/revisions\/89051"}],"wp:featuredmedia":[{"embeddable":true,"href":"https:\/\/www.lab.eus\/es\/wp-json\/wp\/v2\/media\/88982"}],"wp:attachment":[{"href":"https:\/\/www.lab.eus\/es\/wp-json\/wp\/v2\/media?parent=88984"}],"wp:term":[{"taxonomy":"category","embeddable":true,"href":"https:\/\/www.lab.eus\/es\/wp-json\/wp\/v2\/categories?post=88984"},{"taxonomy":"post_tag","embeddable":true,"href":"https:\/\/www.lab.eus\/es\/wp-json\/wp\/v2\/tags?post=88984"}],"curies":[{"name":"wp","href":"https:\/\/api.w.org\/{rel}","templated":true}]}}