{"id":88976,"date":"2026-03-09T16:57:01","date_gmt":"2026-03-09T16:57:01","guid":{"rendered":"https:\/\/www.lab.eus\/?p=88976"},"modified":"2026-03-09T16:57:07","modified_gmt":"2026-03-09T16:57:07","slug":"lab-acusa-a-tubos-reunidos-de-querer-imponer-el-cierre-de-la-aceria-y-despidos-mientras-las-instituciones-siguen-mirando-hacia-otro-lado","status":"publish","type":"post","link":"https:\/\/www.lab.eus\/es\/lab-acusa-a-tubos-reunidos-de-querer-imponer-el-cierre-de-la-aceria-y-despidos-mientras-las-instituciones-siguen-mirando-hacia-otro-lado\/","title":{"rendered":"LAB acusa a Tubos Reunidos de querer imponer el cierre de la acer\u00eda y despidos mientras las instituciones siguen mirando hacia otro lado"},"content":{"rendered":"\n<p><strong>El periodo de consultas del ERE presentado por Tubos Reunidos ha finalizado hoy sin acuerdo entre la direcci\u00f3n de la empresa y la representaci\u00f3n de las personas trabajadoras. Desde LAB queremos dejar claro que no aceptamos ni el cierre de la acer\u00eda de Amurrio ni la destrucci\u00f3n de 301 puestos de trabajo, una decisi\u00f3n de enorme gravedad que pone en riesgo el futuro industrial de Aiaraldea y Ezkerraldea.<\/strong><\/p>\n\n\n\n<p>Durante la reuni\u00f3n, la parte social ha presentado una propuesta clara cuyo eje principal pasa por la retirada del ERE y la retirada de la decisi\u00f3n de cerrar la acer\u00eda de Amurrio, as\u00ed como por abrir un proceso real de negociaci\u00f3n con la representaci\u00f3n de la plantilla para abordar el futuro de la empresa sin chantajes ni presiones.<\/p>\n\n\n\n<p>La acer\u00eda de Amurrio es una pieza estrat\u00e9gica dentro del proceso productivo de Tubos Reunidos y su cierre supondr\u00eda una decisi\u00f3n de enorme gravedad para el futuro industrial de la propia empresa, adem\u00e1s de provocar una importante destrucci\u00f3n de empleo, tanto directo como indirecto, en Aiaraldea y Ezkerraldea.<\/p>\n\n\n\n<p>Frente a esta propuesta, la empresa ha vuelto a poner sobre la mesa planteamientos que siguen manteniendo como punto de partida el cierre de la acer\u00eda y la destrucci\u00f3n de empleo, algo que desde LAB consideramos inaceptable. No se puede hablar de acuerdo mientras la decisi\u00f3n central \u2014cerrar la acer\u00eda y ejecutar despidos\u2014 se mantiene intacta.<\/p>\n\n\n\n<p>A lo largo de este proceso ha quedado claro, adem\u00e1s, que la empresa no ha sido capaz de demostrar que el cierre de la acer\u00eda y este ERE sean la \u00fanica alternativa posible. Lo que s\u00ed ha quedado en evidencia es la nefasta gesti\u00f3n que la direcci\u00f3n ha realizado durante a\u00f1os, cuyas consecuencias ahora pretende hacer pagar exclusivamente a las personas trabajadoras.<\/p>\n\n\n\n<p><strong>Instituciones, portazos y doble discurso<\/strong><\/p>\n\n\n\n<p>A esta situaci\u00f3n se suma la preocupante pasividad de las instituciones, que pese a conocer perfectamente la situaci\u00f3n de Tubos Reunidos y pese a las importantes ayudas p\u00fablicas recibidas por la empresa en los \u00faltimos a\u00f1os, siguen sin asumir un papel activo en la defensa del empleo y de la actividad industrial. El Gobierno Vasco, el Gobierno espa\u00f1ol, la Diputaci\u00f3n de Araba y la Diputaci\u00f3n de Bizkaia y, por extensi\u00f3n, el PNV y el PSE, han dado la espalda a la plantilla de Tubos Reunidos y a las comarcas de Ezkerraldea y Aiaraldea.<\/p>\n\n\n\n<p>Su \u00fanica aportaci\u00f3n han sido declaraciones p\u00fablicas de solidaridad y apoyo al comit\u00e9 de empresa, mientras que la \u00fanica reuni\u00f3n formal con la representaci\u00f3n de las personas trabajadoras se hizo a petici\u00f3n del propio comit\u00e9.<\/p>\n\n\n\n<p>Hoy mismo, el lehendakari Pradales se encontraba en el Palacio Euskalduna, a escasos metros de donde se desarrollaba la negociaci\u00f3n sobre el futuro de Tubos Reunidos, y sin embargo no se ha acercado ni para interesarse por la situaci\u00f3n de la parte social ni para exigir a la empresa un\u00a0compromiso claro con el empleo y con el futuro industrial de Tubos Reunidos. Una oportunidad clara de estar al lado de los trabajadores y de las comarcas afectadas que, nuevamente, ha sido desaprovechada.<\/p>\n\n\n\n<p>La clase trabajadora de Euskal Herria merece otra clase pol\u00edtica y otros dirigentes que est\u00e9n en el lado correcto, defendiendo a las personas trabajadoras y a las comarcas.<\/p>\n\n\n\n<p>Desde LAB queremos ser claros: la plantilla no va a aceptar el cierre de la acer\u00eda ni la destrucci\u00f3n de empleo como \u00fanica salida. La pr\u00f3rroga del periodo de consultas debe servir para explorar alternativas reales, no para intentar imponer decisiones ya tomadas.<\/p>\n\n\n\n<p>LAB va a seguir peleando. Seguiremos defendiendo el mantenimiento de la actividad industrial, todos los puestos de trabajo y el futuro de Aiaraldea y Ezkerraldea frente a una decisi\u00f3n empresarial injustificada y frente a unas instituciones que, hasta ahora, no est\u00e1n a la altura de la situaci\u00f3n.&nbsp;<\/p>\n","protected":false},"excerpt":{"rendered":"<p>El periodo de consultas del ERE presentado por Tubos Reunidos ha finalizado hoy sin acuerdo entre la direcci\u00f3n de la empresa y la representaci\u00f3n de las personas trabajadoras. Desde LAB queremos dejar claro que no aceptamos ni el cierre de la acer\u00eda de Amurrio ni la destrucci\u00f3n de 301 puestos de trabajo, una decisi\u00f3n de [&hellip;]<\/p>\n","protected":false},"author":1191,"featured_media":88974,"comment_status":"closed","ping_status":"closed","sticky":false,"template":"","format":"standard","meta":{"_monsterinsights_skip_tracking":false,"_monsterinsights_sitenote_active":false,"_monsterinsights_sitenote_note":"","_monsterinsights_sitenote_category":0,"footnotes":"","_links_to":"","_links_to_target":""},"categories":[18,2868],"tags":[3033,3178,2996],"class_list":{"0":"post-88976","1":"post","2":"type-post","3":"status-publish","4":"format-standard","5":"has-post-thumbnail","7":"category-es-accion-sindical","8":"category-industria-es","9":"tag-accion-sindical-es","10":"tag-destacado-1","11":"tag-industria-es"},"_links":{"self":[{"href":"https:\/\/www.lab.eus\/es\/wp-json\/wp\/v2\/posts\/88976","targetHints":{"allow":["GET"]}}],"collection":[{"href":"https:\/\/www.lab.eus\/es\/wp-json\/wp\/v2\/posts"}],"about":[{"href":"https:\/\/www.lab.eus\/es\/wp-json\/wp\/v2\/types\/post"}],"author":[{"embeddable":true,"href":"https:\/\/www.lab.eus\/es\/wp-json\/wp\/v2\/users\/1191"}],"replies":[{"embeddable":true,"href":"https:\/\/www.lab.eus\/es\/wp-json\/wp\/v2\/comments?post=88976"}],"version-history":[{"count":1,"href":"https:\/\/www.lab.eus\/es\/wp-json\/wp\/v2\/posts\/88976\/revisions"}],"predecessor-version":[{"id":88978,"href":"https:\/\/www.lab.eus\/es\/wp-json\/wp\/v2\/posts\/88976\/revisions\/88978"}],"wp:featuredmedia":[{"embeddable":true,"href":"https:\/\/www.lab.eus\/es\/wp-json\/wp\/v2\/media\/88974"}],"wp:attachment":[{"href":"https:\/\/www.lab.eus\/es\/wp-json\/wp\/v2\/media?parent=88976"}],"wp:term":[{"taxonomy":"category","embeddable":true,"href":"https:\/\/www.lab.eus\/es\/wp-json\/wp\/v2\/categories?post=88976"},{"taxonomy":"post_tag","embeddable":true,"href":"https:\/\/www.lab.eus\/es\/wp-json\/wp\/v2\/tags?post=88976"}],"curies":[{"name":"wp","href":"https:\/\/api.w.org\/{rel}","templated":true}]}}