{"id":87694,"date":"2026-01-30T10:18:41","date_gmt":"2026-01-30T10:18:41","guid":{"rendered":"https:\/\/www.lab.eus\/?p=87694"},"modified":"2026-01-30T10:18:44","modified_gmt":"2026-01-30T10:18:44","slug":"lab-dice-que-la-mesa-de-negociacion-del-convenio-udalhitz-del-sector-de-las-administraciones-locales-esta-sin-convocar-y-bloqueada-desde-el-7-de-noviembre","status":"publish","type":"post","link":"https:\/\/www.lab.eus\/es\/lab-dice-que-la-mesa-de-negociacion-del-convenio-udalhitz-del-sector-de-las-administraciones-locales-esta-sin-convocar-y-bloqueada-desde-el-7-de-noviembre\/","title":{"rendered":"LAB dice que la mesa de negociaci\u00f3n del convenio Udalhitz del sector de las Administraciones locales est\u00e1 sin convocar y bloqueada desde el 7 de noviembre"},"content":{"rendered":"\n<p><strong>LAB iniciar\u00e1 en febrero una din\u00e1mica de movilizaciones para superar el bloqueo de Udalhitz\u00a0<\/strong><\/p>\n\n\n\n<p>Ha pasado un a\u00f1o desde que la direcci\u00f3n de EUDEL nos convoc\u00f3 a los sindicatos del sector y activ\u00f3 la mesa negociadora para negociar el convenio de Udalhitz, caducado desde 2010. Sin embargo, en este largo a\u00f1o ha habido pocos avances y pocas reuniones, y desde que el 7 de noviembre se celebr\u00f3 la 5\u00aa reuni\u00f3n de la mesa de negociaci\u00f3n la mesa sigue sin convocarse.<\/p>\n\n\n\n<p>El 27 de junio presentamos las l\u00edneas prioritarias de LAB de cara a la negociaci\u00f3n de Udalhitz, y desde entonces, no hemos avanzado en nada.<\/p>\n\n\n\n<p>Echando la vista atr\u00e1s, en este a\u00f1o han sido pocas las l\u00edneas que se han avanzado. Podemos afirmar que estamos en la misma situaci\u00f3n o incluso en una situaci\u00f3n peor y que la negociaci\u00f3n de la mesa de Udalhitz vive un bloqueo.<\/p>\n\n\n\n<ul class=\"wp-block-list\">\n<li>El 16 de octubre de 2024 EUDEL nos convoc\u00f3 a todos los sindicatos con representaci\u00f3n para comunicarnos oficialmente la intenci\u00f3n de abrir la mesa de Udalhitz.<\/li>\n\n\n\n<li>Desde LAB pedimos entonces que no se bloqueara ninguna negociaci\u00f3n en las administraciones locales. EUDEL manifest\u00f3 inicialmente la necesidad de renunciar a la negociaci\u00f3n colectiva de cada Ayuntamiento durante el proceso. Conseguimos que retrocediera.<\/li>\n\n\n\n<li>Aunque el 22 de enero de 2025 se reuni\u00f3 la mesa de negociaci\u00f3n despu\u00e9s de 14 a\u00f1os, no hubo acuerdo para su constituci\u00f3n, entre otras cosas porque ELA se levant\u00f3 de la mesa. Esto no hizo sino alargar y retrasar el inicio de las negociaciones. Finalmente, el 10 de abril de 2025, 15 a\u00f1os despu\u00e9s de la firma de Udalhitz, acordamos constituir la mesa negociadora.<\/li>\n\n\n\n<li>Ha pasado a\u00f1o y medio desde octubre de 2024, s\u00f3lo se han celebrado cinco reuniones y no se ha avanzado en los contenidos. La quinta y \u00faltima reuni\u00f3n tuvo lugar el 7 de noviembre de 2025. En esa reuni\u00f3n, entre otras cosas, se abordaba la normalizaci\u00f3n del euskera y la seguridad jur\u00eddica para ello, pero EUDEL no trajo ninguna posici\u00f3n, ya que el partido que ostenta su presidencia, el PNV, vino sin posici\u00f3n y obstaculiz\u00f3 la negociaci\u00f3n. Queremos recordar que LAB ha reivindicado la necesidad de garant\u00edas legales para el euskera, y se suma a la propuesta presentada por EHBildu en relaci\u00f3n con el tema del euskera, para equiparar el euskera y el castellano en las instituciones municipales.<\/li>\n\n\n\n<li>En esta \u00faltima reuni\u00f3n LAB inst\u00f3 a EUDEL a actuar con responsabilidad y respeto hacia las personas trabajadoras y a enviar y presentar a la mesa un borrador de acuerdo integral para el nuevo Udalhitz. Ya que, se han celebrado reuniones, pero a d\u00eda de hoy los contenidos siguen sin ponerse sobre la mesa y no hemos recibido ning\u00fan borrador.&nbsp;<\/li>\n<\/ul>\n\n\n\n<p>As\u00ed las cosas, despu\u00e9s de un a\u00f1o y medio largo y a falta de avances en las l\u00edneas de prioridad propuestas por LAB y ante la situaci\u00f3n de bloqueo que tenemos desde el 7 de noviembre, LAB se\u00f1ala que es hora de empezar con movilizaciones, valorando incluso ir a la huelga. En ese sentido, preferir\u00edamos que esas movilizaciones se hicieran de forma conjunta entre ELA y LAB y tenemos la disposici\u00f3n de trabajar en esa direcci\u00f3n. Mientras tanto, LAB comenzar\u00e1 a movilizarse a partir de febrero y anima a todas las personas trabajadoras a unirse a la din\u00e1mica de movilizaciones para que EUDEL convoque de una vez por todas la mesa de negociaci\u00f3n y la llene de contenido.&nbsp;<\/p>\n","protected":false},"excerpt":{"rendered":"<p>LAB iniciar\u00e1 en febrero una din\u00e1mica de movilizaciones para superar el bloqueo de Udalhitz\u00a0 Ha pasado un a\u00f1o desde que la direcci\u00f3n de EUDEL nos convoc\u00f3 a los sindicatos del sector y activ\u00f3 la mesa negociadora para negociar el convenio de Udalhitz, caducado desde 2010. Sin embargo, en este largo a\u00f1o ha habido pocos avances [&hellip;]<\/p>\n","protected":false},"author":1191,"featured_media":87692,"comment_status":"closed","ping_status":"closed","sticky":false,"template":"","format":"standard","meta":{"_monsterinsights_skip_tracking":false,"_monsterinsights_sitenote_active":false,"_monsterinsights_sitenote_note":"","_monsterinsights_sitenote_category":0,"footnotes":"","_links_to":"","_links_to_target":""},"categories":[18],"tags":[3033,3178],"class_list":{"0":"post-87694","1":"post","2":"type-post","3":"status-publish","4":"format-standard","5":"has-post-thumbnail","7":"category-es-accion-sindical","8":"tag-accion-sindical-es","9":"tag-destacado-1"},"_links":{"self":[{"href":"https:\/\/www.lab.eus\/es\/wp-json\/wp\/v2\/posts\/87694","targetHints":{"allow":["GET"]}}],"collection":[{"href":"https:\/\/www.lab.eus\/es\/wp-json\/wp\/v2\/posts"}],"about":[{"href":"https:\/\/www.lab.eus\/es\/wp-json\/wp\/v2\/types\/post"}],"author":[{"embeddable":true,"href":"https:\/\/www.lab.eus\/es\/wp-json\/wp\/v2\/users\/1191"}],"replies":[{"embeddable":true,"href":"https:\/\/www.lab.eus\/es\/wp-json\/wp\/v2\/comments?post=87694"}],"version-history":[{"count":1,"href":"https:\/\/www.lab.eus\/es\/wp-json\/wp\/v2\/posts\/87694\/revisions"}],"predecessor-version":[{"id":87695,"href":"https:\/\/www.lab.eus\/es\/wp-json\/wp\/v2\/posts\/87694\/revisions\/87695"}],"wp:featuredmedia":[{"embeddable":true,"href":"https:\/\/www.lab.eus\/es\/wp-json\/wp\/v2\/media\/87692"}],"wp:attachment":[{"href":"https:\/\/www.lab.eus\/es\/wp-json\/wp\/v2\/media?parent=87694"}],"wp:term":[{"taxonomy":"category","embeddable":true,"href":"https:\/\/www.lab.eus\/es\/wp-json\/wp\/v2\/categories?post=87694"},{"taxonomy":"post_tag","embeddable":true,"href":"https:\/\/www.lab.eus\/es\/wp-json\/wp\/v2\/tags?post=87694"}],"curies":[{"name":"wp","href":"https:\/\/api.w.org\/{rel}","templated":true}]}}