{"id":87687,"date":"2026-01-30T09:34:28","date_gmt":"2026-01-30T09:34:28","guid":{"rendered":"https:\/\/www.lab.eus\/?p=87687"},"modified":"2026-01-30T09:34:31","modified_gmt":"2026-01-30T09:34:31","slug":"el-pre-acuerdo-alcanzado-en-el-convenio-de-limpieza-de-edificios-y-locales-de-araba-supone-una-rendicion-y-condena-al-sector-a-la-precariedad","status":"publish","type":"post","link":"https:\/\/www.lab.eus\/es\/el-pre-acuerdo-alcanzado-en-el-convenio-de-limpieza-de-edificios-y-locales-de-araba-supone-una-rendicion-y-condena-al-sector-a-la-precariedad\/","title":{"rendered":"El pre-acuerdo alcanzado en el Convenio de limpieza de edificios y locales de Araba supone una rendici\u00f3n, y condena al sector a la precariedad"},"content":{"rendered":"\n<p><strong>En el d\u00eda de hoy, 30 de enero, las Patronales del sector y los sindicatos UGT, CCOO y USO han alcanzado un pre-acuerdo para el que ser\u00e1 el nuevo Convenio de limpieza de edificios y locales de Araba hasta el a\u00f1o 2029.<\/strong><\/p>\n\n\n\n<p>Desde el sindicato LAB debemos mostrar nuestro rechazo a los principales contenidos del pre-acuerdo. Por un lado, las subidas salariales pactadas no tienen vinculaci\u00f3n con el IPC, lo que supone estar en riesgo de volver a perder poder adquisitivo tal y como ha ocurrido estos \u00faltimos 5 a\u00f1os, donde las trabajadoras del sector nos hemos empobrecido alrededor de un 14%.&nbsp;<\/p>\n\n\n\n<p>Y por otro lado est\u00e1 el recorte en los complementos de IT. Durante toda la negociaci\u00f3n este ha sido uno de los puntos en el que m\u00e1s hincapi\u00e9 han hecho las patronales. Bajo el falso discurso de lo que denominan absentismo, durante el cual han estado criminalizando una y otra vez al conjunto de las trabajadoras, su principal objetivo ha sido recortar un derecho que el sector ten\u00eda consolidado desde hace muchos a\u00f1os. A partir de ahora las trabajadoras se ver\u00e1n penalizadas econ\u00f3micamente durante los primeros 20 d\u00edas de la baja por el simple hecho de enfermar.<\/p>\n\n\n\n<p>Este pre-acuerdo supone un gran error por parte de UGT, CCOO y USO. Estos sindicatos se han rendido d\u00f3cilmente a las pretensiones de las patronales, y han renunciado a pelear porque el sector disponga de unas condiciones dignas. Visto el desarrollo que estaba tomando la negociaci\u00f3n, en el mes de septiembre las representantes de LAB emplazaron al resto de sindicatos, UGT, ELA, CCOO y USO a acordar un calendario de movilizaciones conjunto, sin embargo esas tres centrales sindicales declinaron la oferta.&nbsp;<\/p>\n\n\n\n<p>En definitiva, este pre-acuerdo supone ahondar a\u00fan m\u00e1s en la ya precaria situaci\u00f3n de estas trabajadoras, condenadas a subsistir con unas salarios que justo justo sobrepasan el SMI. Un sector claro ejemplo de la divisi\u00f3n sexual del trabajo, el cual est\u00e1 infravalorado y que con este pre-acuerdo perpetua la brecha salarial.&nbsp;<\/p>\n","protected":false},"excerpt":{"rendered":"<p>En el d\u00eda de hoy, 30 de enero, las Patronales del sector y los sindicatos UGT, CCOO y USO han alcanzado un pre-acuerdo para el que ser\u00e1 el nuevo Convenio de limpieza de edificios y locales de Araba hasta el a\u00f1o 2029. Desde el sindicato LAB debemos mostrar nuestro rechazo a los principales contenidos del [&hellip;]<\/p>\n","protected":false},"author":1191,"featured_media":87685,"comment_status":"closed","ping_status":"closed","sticky":false,"template":"","format":"standard","meta":{"_monsterinsights_skip_tracking":false,"_monsterinsights_sitenote_active":false,"_monsterinsights_sitenote_note":"","_monsterinsights_sitenote_category":0,"footnotes":"","_links_to":"","_links_to_target":""},"categories":[18,2867,2944,8],"tags":[3033,3178,3172],"class_list":{"0":"post-87687","1":"post","2":"type-post","3":"status-publish","4":"format-standard","5":"has-post-thumbnail","7":"category-es-accion-sindical","8":"category-federaciones","9":"category-limpieza","10":"category-es-servicios-privados","11":"tag-accion-sindical-es","12":"tag-destacado-1","13":"tag-servicios-privados-es"},"_links":{"self":[{"href":"https:\/\/www.lab.eus\/es\/wp-json\/wp\/v2\/posts\/87687","targetHints":{"allow":["GET"]}}],"collection":[{"href":"https:\/\/www.lab.eus\/es\/wp-json\/wp\/v2\/posts"}],"about":[{"href":"https:\/\/www.lab.eus\/es\/wp-json\/wp\/v2\/types\/post"}],"author":[{"embeddable":true,"href":"https:\/\/www.lab.eus\/es\/wp-json\/wp\/v2\/users\/1191"}],"replies":[{"embeddable":true,"href":"https:\/\/www.lab.eus\/es\/wp-json\/wp\/v2\/comments?post=87687"}],"version-history":[{"count":1,"href":"https:\/\/www.lab.eus\/es\/wp-json\/wp\/v2\/posts\/87687\/revisions"}],"predecessor-version":[{"id":87688,"href":"https:\/\/www.lab.eus\/es\/wp-json\/wp\/v2\/posts\/87687\/revisions\/87688"}],"wp:featuredmedia":[{"embeddable":true,"href":"https:\/\/www.lab.eus\/es\/wp-json\/wp\/v2\/media\/87685"}],"wp:attachment":[{"href":"https:\/\/www.lab.eus\/es\/wp-json\/wp\/v2\/media?parent=87687"}],"wp:term":[{"taxonomy":"category","embeddable":true,"href":"https:\/\/www.lab.eus\/es\/wp-json\/wp\/v2\/categories?post=87687"},{"taxonomy":"post_tag","embeddable":true,"href":"https:\/\/www.lab.eus\/es\/wp-json\/wp\/v2\/tags?post=87687"}],"curies":[{"name":"wp","href":"https:\/\/api.w.org\/{rel}","templated":true}]}}