{"id":87674,"date":"2026-01-29T17:54:52","date_gmt":"2026-01-29T17:54:52","guid":{"rendered":"https:\/\/www.lab.eus\/?p=87674"},"modified":"2026-01-29T17:54:55","modified_gmt":"2026-01-29T17:54:55","slug":"lab-gana-el-juicio-interpuesto-para-que-se-cumpla-la-reduccion-de-horas-de-atencion-directa-en-los-centros-de-iniciativa-social","status":"publish","type":"post","link":"https:\/\/www.lab.eus\/es\/lab-gana-el-juicio-interpuesto-para-que-se-cumpla-la-reduccion-de-horas-de-atencion-directa-en-los-centros-de-iniciativa-social\/","title":{"rendered":"LAB gana el juicio interpuesto para que se cumpla la reducci\u00f3n de horas de atenci\u00f3n directa en los centros de Iniciativa Social"},"content":{"rendered":"\n<p><strong>Hacemos un llamamiento a las patronales de iniciativa social para que cumplan antes y antes la sentencia<\/strong><\/p>\n\n\n\n<p>El sindicato LAB manifiesta que el Tribunal Superior de Justicia del Pa\u00eds Vasco le ha dado la raz\u00f3n: se debe aplicar la reducci\u00f3n de horas de atenci\u00f3n directa en todas las etapas y convertir esa hora en la 5\u00aa hora de trabajo personal.<\/p>\n\n\n\n<p>La sentencia se\u00f1ala que esta medida era de aplicaci\u00f3n desde principio de curso, por lo que LAB hace un llamamiento a las patronales de Iniciativa Social y a los centros educativos para que cumplan la sentencia de forma inmediata. Compensando todas las horas adicionales que el profesorado haya realizado en todas las etapas desde septiembre de 2025&nbsp;<\/p>\n\n\n\n<p>Est\u00e1n a punto de cumplirse dos a\u00f1os de la firma del Acuerdo de Fin de Huelga tras 14 d\u00edas de huelga. Desde entonces, la patronal se ha mostrado arrogante y afirmaba en las mesas negociadoras que incumplir\u00eda el propio acuerdo y as\u00ed ha actuado desde principios de curso.<\/p>\n\n\n\n<p>El Sindicato LAB, ante esta situaci\u00f3n, no pudo mas que&nbsp;<\/p>\n\n\n\n<p>activar la acci\u00f3n sindical en colaboraci\u00f3n con STEILAS, CCOO y UGT y trabajando la unidad sindical. Se han llevado a cabo diferentes movilizaciones reivindicando el cumplimiento del acuerdo, la \u00faltima el d\u00eda del juicio, el mismo 20 de enero.<\/p>\n\n\n\n<p>En el caso que refiere a la reducci\u00f3n de horas de atenci\u00f3n directa, adem\u00e1s de la acci\u00f3n sindical y gracias al conflicto colectivo promovido por LAB el Juzgado le ha dado la raz\u00f3n en v\u00eda judicial, siendo de obligado cumplimiento la mejora de las condiciones laborales recogidas en el acuerdo. Esto avala la larga lucha y el largo camino recorrido, que luchar merece la pena.<\/p>\n\n\n\n<p>No se puede olvidar que esta es la segunda vez que LAB acude a los tribunales desde que se firm\u00f3 el acuerdo de fin de huelga, y tanto en la anterior ocasi\u00f3n como en \u00e9sta se ha conseguido una sentencia a favor. La sentencia le indica que la patronal, que est\u00e1 actuando de forma arrogante, debe cumplir el acuerdo tal y como lo firm\u00f3 con los sindicatos. Y desde LAB exigimos tanto a las patronales como a los centros que no recurran y que lo cumplan inmediatamente. Ya solo porque de lo contrario afectar\u00eda negativamente al personal personal y a los proyectos educativos de los centros.<\/p>\n\n\n\n<p>Por \u00faltimo, LAB insiste en que se mantendr\u00e1 firme hasta ver que se reduce el horario de atenci\u00f3n directa y este se dedica a trabajo personal. Para ello, dar\u00e1 los pasos necesarios como ha hecho hasta ahora, compaginando tanto la v\u00eda jur\u00eddica como la acci\u00f3n sindical, hasta que se cumplan todo el contenido firmado en el acuerdo y este se recoja en el convenio.&nbsp;<\/p>\n","protected":false},"excerpt":{"rendered":"<p>Hacemos un llamamiento a las patronales de iniciativa social para que cumplan antes y antes la sentencia El sindicato LAB manifiesta que el Tribunal Superior de Justicia del Pa\u00eds Vasco le ha dado la raz\u00f3n: se debe aplicar la reducci\u00f3n de horas de atenci\u00f3n directa en todas las etapas y convertir esa hora en la [&hellip;]<\/p>\n","protected":false},"author":1191,"featured_media":87672,"comment_status":"closed","ping_status":"closed","sticky":false,"template":"","format":"standard","meta":{"_monsterinsights_skip_tracking":false,"_monsterinsights_sitenote_active":false,"_monsterinsights_sitenote_note":"","_monsterinsights_sitenote_category":0,"footnotes":"","_links_to":"","_links_to_target":""},"categories":[18,3053,33,2867,6],"tags":[3033,3178,3194,3171],"class_list":{"0":"post-87674","1":"post","2":"type-post","3":"status-publish","4":"format-standard","5":"has-post-thumbnail","7":"category-es-accion-sindical","8":"category-centros-iniciativa-social","9":"category-es-ensenanza","10":"category-federaciones","11":"category-es-servicios-publicos","12":"tag-accion-sindical-es","13":"tag-destacado-1","14":"tag-ensenanza-es","15":"tag-servicios-publicos-es"},"_links":{"self":[{"href":"https:\/\/www.lab.eus\/es\/wp-json\/wp\/v2\/posts\/87674","targetHints":{"allow":["GET"]}}],"collection":[{"href":"https:\/\/www.lab.eus\/es\/wp-json\/wp\/v2\/posts"}],"about":[{"href":"https:\/\/www.lab.eus\/es\/wp-json\/wp\/v2\/types\/post"}],"author":[{"embeddable":true,"href":"https:\/\/www.lab.eus\/es\/wp-json\/wp\/v2\/users\/1191"}],"replies":[{"embeddable":true,"href":"https:\/\/www.lab.eus\/es\/wp-json\/wp\/v2\/comments?post=87674"}],"version-history":[{"count":1,"href":"https:\/\/www.lab.eus\/es\/wp-json\/wp\/v2\/posts\/87674\/revisions"}],"predecessor-version":[{"id":87675,"href":"https:\/\/www.lab.eus\/es\/wp-json\/wp\/v2\/posts\/87674\/revisions\/87675"}],"wp:featuredmedia":[{"embeddable":true,"href":"https:\/\/www.lab.eus\/es\/wp-json\/wp\/v2\/media\/87672"}],"wp:attachment":[{"href":"https:\/\/www.lab.eus\/es\/wp-json\/wp\/v2\/media?parent=87674"}],"wp:term":[{"taxonomy":"category","embeddable":true,"href":"https:\/\/www.lab.eus\/es\/wp-json\/wp\/v2\/categories?post=87674"},{"taxonomy":"post_tag","embeddable":true,"href":"https:\/\/www.lab.eus\/es\/wp-json\/wp\/v2\/tags?post=87674"}],"curies":[{"name":"wp","href":"https:\/\/api.w.org\/{rel}","templated":true}]}}