{"id":87651,"date":"2026-01-29T13:04:10","date_gmt":"2026-01-29T13:04:10","guid":{"rendered":"https:\/\/www.lab.eus\/?p=87651"},"modified":"2026-01-29T13:04:13","modified_gmt":"2026-01-29T13:04:13","slug":"lab-convoca-huelgas-en-los-comedores-escolares-publicos-de-la-cav-los-dias-24-25-y-26-de-febrero","status":"publish","type":"post","link":"https:\/\/www.lab.eus\/es\/lab-convoca-huelgas-en-los-comedores-escolares-publicos-de-la-cav-los-dias-24-25-y-26-de-febrero\/","title":{"rendered":"LAB convoca huelgas en los comedores escolares p\u00fablicos de la CAV los d\u00edas 24, 25 y 26 de febrero"},"content":{"rendered":"\n<p><strong>Los y las trabajadoras de los comedores escolares de las escuelas p\u00fablicas de la CAV iniciar\u00e1n movilizaciones ante el bloqueo del convenio colectivo, la no aplicaci\u00f3n de las subidas salariales y la falta de avances en la mejora de ratios, funciones y jornadas laborales.<\/strong><\/p>\n\n\n\n<p>Tras varias reuniones mantenidas en el seno de la intersindical del convenio de comedores escolares de gesti\u00f3n directa de la CAV, el sindicato ELA ha decidido romper el espacio de unidad sindical y optar por una v\u00eda en solitario anteponiendo sus siglas ante la unidad de acci\u00f3n. Desde LAB consideramos que esta decisi\u00f3n es una irresponsabilidad sindical que debilita la fuerza colectiva, cuando una de las reivindicaciones hist\u00f3ricas del sector ha sido precisamente la unidad sindical.<\/p>\n\n\n\n<p>Las reivindicaciones que han motivado estas movilizaciones han sido claras y compartidas con todos los sindicatos que formamos parte de la intersindical: exigir a la patronal que se siente a negociar y que las empresas abonen a las trabajadoras las subidas salariales pendientes, as\u00ed como reclamar al Departamento de Educaci\u00f3n del Gobierno Vasco que se siente a negociar para modificar la normativa que regula los ratios, las funciones y las jornadas laborales.<\/p>\n\n\n\n<p>Desde LAB defendemos la necesidad de salir a la calle, tal y como han manifestado las propias trabajadoras tanto en las asambleas como en las visitas realizadas a los centros de trabajo.<\/p>\n\n\n\n<p>Por todo ello, LAB convoca huelga los d\u00edas 24, 25 y 26 de febrero, para exigir a las empresas que retomen la negociaci\u00f3n y abonen las cantidades adeudadas, y al Departamento de Educaci\u00f3n del Gobierno Vasco que asuma su responsabilidad y se siente a negociar sobre ratios, funciones y jornadas.<\/p>\n\n\n\n<p>Por \u00faltimo, LAB, como sindicato mayoritario en este convenio, hace un llamamiento al resto de sindicatos para que se sumen a las movilizaciones y se recupere la unidad sindical en defensa de los derechos de las trabajadoras y trabajadores de los comedores escolares p\u00fablicos de la CAV.&nbsp;<\/p>\n","protected":false},"excerpt":{"rendered":"<p>Los y las trabajadoras de los comedores escolares de las escuelas p\u00fablicas de la CAV iniciar\u00e1n movilizaciones ante el bloqueo del convenio colectivo, la no aplicaci\u00f3n de las subidas salariales y la falta de avances en la mejora de ratios, funciones y jornadas laborales. Tras varias reuniones mantenidas en el seno de la intersindical del [&hellip;]<\/p>\n","protected":false},"author":1191,"featured_media":87649,"comment_status":"closed","ping_status":"closed","sticky":false,"template":"","format":"standard","meta":{"_monsterinsights_skip_tracking":false,"_monsterinsights_sitenote_active":false,"_monsterinsights_sitenote_note":"","_monsterinsights_sitenote_category":0,"footnotes":"","_links_to":"","_links_to_target":""},"categories":[18],"tags":[3033,3178],"class_list":{"0":"post-87651","1":"post","2":"type-post","3":"status-publish","4":"format-standard","5":"has-post-thumbnail","7":"category-es-accion-sindical","8":"tag-accion-sindical-es","9":"tag-destacado-1"},"_links":{"self":[{"href":"https:\/\/www.lab.eus\/es\/wp-json\/wp\/v2\/posts\/87651","targetHints":{"allow":["GET"]}}],"collection":[{"href":"https:\/\/www.lab.eus\/es\/wp-json\/wp\/v2\/posts"}],"about":[{"href":"https:\/\/www.lab.eus\/es\/wp-json\/wp\/v2\/types\/post"}],"author":[{"embeddable":true,"href":"https:\/\/www.lab.eus\/es\/wp-json\/wp\/v2\/users\/1191"}],"replies":[{"embeddable":true,"href":"https:\/\/www.lab.eus\/es\/wp-json\/wp\/v2\/comments?post=87651"}],"version-history":[{"count":1,"href":"https:\/\/www.lab.eus\/es\/wp-json\/wp\/v2\/posts\/87651\/revisions"}],"predecessor-version":[{"id":87652,"href":"https:\/\/www.lab.eus\/es\/wp-json\/wp\/v2\/posts\/87651\/revisions\/87652"}],"wp:featuredmedia":[{"embeddable":true,"href":"https:\/\/www.lab.eus\/es\/wp-json\/wp\/v2\/media\/87649"}],"wp:attachment":[{"href":"https:\/\/www.lab.eus\/es\/wp-json\/wp\/v2\/media?parent=87651"}],"wp:term":[{"taxonomy":"category","embeddable":true,"href":"https:\/\/www.lab.eus\/es\/wp-json\/wp\/v2\/categories?post=87651"},{"taxonomy":"post_tag","embeddable":true,"href":"https:\/\/www.lab.eus\/es\/wp-json\/wp\/v2\/tags?post=87651"}],"curies":[{"name":"wp","href":"https:\/\/api.w.org\/{rel}","templated":true}]}}