{"id":87634,"date":"2026-01-28T14:10:47","date_gmt":"2026-01-28T14:10:47","guid":{"rendered":"https:\/\/www.lab.eus\/?p=87634"},"modified":"2026-01-29T09:13:46","modified_gmt":"2026-01-29T09:13:46","slug":"ccoo-lab-esk-y-ugt-denuncian-la-grave-situacion-sanitaria-en-la-oficina-y-carteria-de-correos-de-lasarte","status":"publish","type":"post","link":"https:\/\/www.lab.eus\/es\/ccoo-lab-esk-y-ugt-denuncian-la-grave-situacion-sanitaria-en-la-oficina-y-carteria-de-correos-de-lasarte\/","title":{"rendered":"CCOO, LAB, ESK y UGT denuncian la grave situaci\u00f3n sanitaria en la oficina y carter\u00eda de Correos de Lasarte"},"content":{"rendered":"\n<p>Los sindicatos CCOO, LAB, ESK y UGT denuncian p\u00fablicamente la situaci\u00f3n insostenible que est\u00e1 sufriendo la plantilla de la oficina y carter\u00eda de Correos de Lasarte, que lleva m\u00e1s de dos meses conviviendo con un grave problema de ratas muertas y fuertes malos olores en las instalaciones.<\/p>\n\n\n\n<p>A pesar de que la empresa desde el inicio es plenamente conocedora de esta situaci\u00f3n, la \u00fanica respuesta ha sido un cruce de responsabilidades entre departamentos. Correos ha trasladado el problema a la empresa subcontratada de limpieza, que a su vez deriva la actuaci\u00f3n al servicio de mantenimiento de Correos, sin que ninguno de ellos haya dado una soluci\u00f3n efectiva. Mientras tanto, la situaci\u00f3n persiste sin cambios.<\/p>\n\n\n\n<p>Como consecuencia directa de este abandono, uno de los servicios se encuentra inutilizado debido al olor intenso e insoportable que hay en su interior, lo que supone un riesgo evidente para la salud y la dignidad de las personas trabajadoras, adem\u00e1s de un incumplimiento claro de la normativa en materia de prevenci\u00f3n de riesgos laborales.<\/p>\n\n\n\n<p>Los sindicatos firmantes exigen a Correos una actuaci\u00f3n inmediata, que ponga fin a esta situaci\u00f3n inaceptable, garantizando unas condiciones de trabajo seguras, higi\u00e9nicas y dignas para toda la plantilla. Asimismo, advierten de que, si no se toman medidas urgentes, no descartan emprender nuevas acciones sindicales y legales.<\/p>\n","protected":false},"excerpt":{"rendered":"<p>Los sindicatos CCOO, LAB, ESK y UGT denuncian p\u00fablicamente la situaci\u00f3n insostenible que est\u00e1 sufriendo la plantilla de la oficina y carter\u00eda de Correos de Lasarte, que lleva m\u00e1s de dos meses conviviendo con un grave problema de ratas muertas y fuertes malos olores en las instalaciones. A pesar de que la empresa desde el [&hellip;]<\/p>\n","protected":false},"author":1191,"featured_media":87632,"comment_status":"closed","ping_status":"closed","sticky":false,"template":"","format":"standard","meta":{"_monsterinsights_skip_tracking":false,"_monsterinsights_sitenote_active":false,"_monsterinsights_sitenote_note":"","_monsterinsights_sitenote_category":0,"footnotes":"","_links_to":"","_links_to_target":""},"categories":[18,8],"tags":[3033,3178,3172],"class_list":{"0":"post-87634","1":"post","2":"type-post","3":"status-publish","4":"format-standard","5":"has-post-thumbnail","7":"category-es-accion-sindical","8":"category-es-servicios-privados","9":"tag-accion-sindical-es","10":"tag-destacado-1","11":"tag-servicios-privados-es"},"_links":{"self":[{"href":"https:\/\/www.lab.eus\/es\/wp-json\/wp\/v2\/posts\/87634","targetHints":{"allow":["GET"]}}],"collection":[{"href":"https:\/\/www.lab.eus\/es\/wp-json\/wp\/v2\/posts"}],"about":[{"href":"https:\/\/www.lab.eus\/es\/wp-json\/wp\/v2\/types\/post"}],"author":[{"embeddable":true,"href":"https:\/\/www.lab.eus\/es\/wp-json\/wp\/v2\/users\/1191"}],"replies":[{"embeddable":true,"href":"https:\/\/www.lab.eus\/es\/wp-json\/wp\/v2\/comments?post=87634"}],"version-history":[{"count":2,"href":"https:\/\/www.lab.eus\/es\/wp-json\/wp\/v2\/posts\/87634\/revisions"}],"predecessor-version":[{"id":87637,"href":"https:\/\/www.lab.eus\/es\/wp-json\/wp\/v2\/posts\/87634\/revisions\/87637"}],"wp:featuredmedia":[{"embeddable":true,"href":"https:\/\/www.lab.eus\/es\/wp-json\/wp\/v2\/media\/87632"}],"wp:attachment":[{"href":"https:\/\/www.lab.eus\/es\/wp-json\/wp\/v2\/media?parent=87634"}],"wp:term":[{"taxonomy":"category","embeddable":true,"href":"https:\/\/www.lab.eus\/es\/wp-json\/wp\/v2\/categories?post=87634"},{"taxonomy":"post_tag","embeddable":true,"href":"https:\/\/www.lab.eus\/es\/wp-json\/wp\/v2\/tags?post=87634"}],"curies":[{"name":"wp","href":"https:\/\/api.w.org\/{rel}","templated":true}]}}