{"id":87584,"date":"2026-01-28T11:41:27","date_gmt":"2026-01-28T11:41:27","guid":{"rendered":"https:\/\/www.lab.eus\/?p=87584"},"modified":"2026-01-28T11:41:31","modified_gmt":"2026-01-28T11:41:31","slug":"la-patronal-en-un-acto-de-irresponsabilidad-suspende-la-reunion-de-la-mesa-negociadora-para-el-convenio-de-residencias-de-adultos-de-gipuzkoa","status":"publish","type":"post","link":"https:\/\/www.lab.eus\/es\/la-patronal-en-un-acto-de-irresponsabilidad-suspende-la-reunion-de-la-mesa-negociadora-para-el-convenio-de-residencias-de-adultos-de-gipuzkoa\/","title":{"rendered":"La patronal, en un acto de irresponsabilidad, suspende la reuni\u00f3n de la mesa negociadora para el convenio de residencias de adultos de Gipuzkoa"},"content":{"rendered":"\n<p><strong>LAB pide a la Diputaci\u00f3n de Gipuzkoa y a la patronal que asuman su responsabilidad y, de una vez por todas, inicien la negociaci\u00f3n del convenio, cambien los ratios e inicien el proceso de publificaci\u00f3n de las residencias de adultos.<\/strong><\/p>\n\n\n\n<p>La patronal ha suspendido la reunion de la mesa negociadora para el convenio del sector de residencias de mayores de Gipuzkoa que estaba convocada para hoy. Una vez mas, la patronal actua irresponsablemente y con total desprecio hacia las trabajadoras del sector.&nbsp;<\/p>\n\n\n\n<p>En 2025, durante todo el a\u00f1o, la mesa negociadora ha estado parada, sin ninguna propuesta. A finales de a\u00f1o las patronales propusieron a las trabajadoras un pacto para garantizar el IPC del 2024, pero todos los sindicatos, por unanimidad, les reprocharon que eso no era suficiente y que no era necesaria la firma sindical para hacerlo y les propusieron que lo hicieran de forma voluntaria, unilateral. Tras varias discusiones, las patronales decidieron dar el IPC del 2024. LAB tiene claro que esto es fruto de la larga lucha de las trabajadoras y del movimiento feminista, pero tambi\u00e9n es un intento m\u00e1s de desactivar la lucha. LAB lucha por la equiparaci\u00f3n y publificaci\u00f3n en la mesa de negociaci\u00f3n, en los centros de trabajo y en la calle, por lo que el IPC no le satisfar\u00e1 ni desactivar\u00e1 estas reivindicaciones.<\/p>\n\n\n\n<p>La propuesta de LAB es publificar todos los trabajos de cuidados, porque tiene claro que los cuidados son imprescindibles y tienen que ser un servicio p\u00fablico. Adem\u00e1s, es evidente que lo que empeora las condiciones laborales es la privatizaci\u00f3n. Algunos hacen negocio con el cuidado y no tienen una propuesta digna para las trabajadoras.&nbsp;<\/p>\n\n\n\n<p>En este sentido, LAB ha propuesto en varias ocasiones a ELA que colabore e iniciativas conjuntas, porque tiene claro que juntas tienen m\u00e1s fuerza y que las trabajadores necesitan unidad y espacios de lucha conjuntos. Hasta ahora, ELA ha rechazado estas propuestas, pero LAB seguir\u00e1 en esa l\u00ednea para ofrecer a las trabajadores la posibilidad de luchar conjuntamente en los centros de trabajo.<\/p>\n\n\n\n<p>LAB seguir\u00e1 llevando a los centros de trabajo y a las calles la necesidad de la publificaci\u00f3n, y seguir\u00e1 en la lucha por el convenio de Gipuzkoa.<\/p>\n\n\n\n<p>LAB hace un llamamiento a la Diputaci\u00f3n y a las patronales para que asuman su responsabilidad, y de una vez por todas inicien la negociaci\u00f3n del convenio, cambien los ratios y asuman el proceso de publificaci\u00f3n de las residencias de adultos.&nbsp;<\/p>\n","protected":false},"excerpt":{"rendered":"<p>LAB pide a la Diputaci\u00f3n de Gipuzkoa y a la patronal que asuman su responsabilidad y, de una vez por todas, inicien la negociaci\u00f3n del convenio, cambien los ratios e inicien el proceso de publificaci\u00f3n de las residencias de adultos. La patronal ha suspendido la reunion de la mesa negociadora para el convenio del sector [&hellip;]<\/p>\n","protected":false},"author":1191,"featured_media":87582,"comment_status":"closed","ping_status":"closed","sticky":false,"template":"","format":"standard","meta":{"_monsterinsights_skip_tracking":false,"_monsterinsights_sitenote_active":false,"_monsterinsights_sitenote_note":"","_monsterinsights_sitenote_category":0,"footnotes":"","_links_to":"","_links_to_target":""},"categories":[18,2961,8],"tags":[3033,3178,3273,3172],"class_list":{"0":"post-87584","1":"post","2":"type-post","3":"status-publish","4":"format-standard","5":"has-post-thumbnail","7":"category-es-accion-sindical","8":"category-residencias-personas-mayores","9":"category-es-servicios-privados","10":"tag-accion-sindical-es","11":"tag-destacado-1","12":"tag-residencia-de-mayores","13":"tag-servicios-privados-es"},"_links":{"self":[{"href":"https:\/\/www.lab.eus\/es\/wp-json\/wp\/v2\/posts\/87584","targetHints":{"allow":["GET"]}}],"collection":[{"href":"https:\/\/www.lab.eus\/es\/wp-json\/wp\/v2\/posts"}],"about":[{"href":"https:\/\/www.lab.eus\/es\/wp-json\/wp\/v2\/types\/post"}],"author":[{"embeddable":true,"href":"https:\/\/www.lab.eus\/es\/wp-json\/wp\/v2\/users\/1191"}],"replies":[{"embeddable":true,"href":"https:\/\/www.lab.eus\/es\/wp-json\/wp\/v2\/comments?post=87584"}],"version-history":[{"count":1,"href":"https:\/\/www.lab.eus\/es\/wp-json\/wp\/v2\/posts\/87584\/revisions"}],"predecessor-version":[{"id":87585,"href":"https:\/\/www.lab.eus\/es\/wp-json\/wp\/v2\/posts\/87584\/revisions\/87585"}],"wp:featuredmedia":[{"embeddable":true,"href":"https:\/\/www.lab.eus\/es\/wp-json\/wp\/v2\/media\/87582"}],"wp:attachment":[{"href":"https:\/\/www.lab.eus\/es\/wp-json\/wp\/v2\/media?parent=87584"}],"wp:term":[{"taxonomy":"category","embeddable":true,"href":"https:\/\/www.lab.eus\/es\/wp-json\/wp\/v2\/categories?post=87584"},{"taxonomy":"post_tag","embeddable":true,"href":"https:\/\/www.lab.eus\/es\/wp-json\/wp\/v2\/tags?post=87584"}],"curies":[{"name":"wp","href":"https:\/\/api.w.org\/{rel}","templated":true}]}}