{"id":87544,"date":"2026-01-28T10:17:51","date_gmt":"2026-01-28T10:17:51","guid":{"rendered":"https:\/\/www.lab.eus\/?p=87544"},"modified":"2026-01-30T13:10:13","modified_gmt":"2026-01-30T13:10:13","slug":"lab-llama-a-movilizarse-frente-a-la-delegacion-del-gobierno-espanol-para-denunciar-la-suspension-del-escudo-social-y-el-peligro-de-desahucio-de-miles-de-personas","status":"publish","type":"post","link":"https:\/\/www.lab.eus\/es\/lab-llama-a-movilizarse-frente-a-la-delegacion-del-gobierno-espanol-para-denunciar-la-suspension-del-escudo-social-y-el-peligro-de-desahucio-de-miles-de-personas\/","title":{"rendered":"LAB se moviliza frente a la Delegaci\u00f3n del Gobierno Espa\u00f1ol para denunciar la suspensi\u00f3n del \u201cescudo social\u201d y el peligro de desahucio de miles de personas\u00a0"},"content":{"rendered":"\n<p><strong>LAB ha reivindicado en Bilbo la necesidad de que se adopten pol\u00edticas favorables a los intereses de la clase trabajadora como medidas para frenar los desahucios, garantizar pensiones justas y dignas y establecer un salario m\u00ednimo propio en Euskal Herria en lugar de supeditarlas a Madrid. Para lograr estas medidas y movilizar tanto a los gobiernos como a la patronal, LAB hace un llamamiento a las y los trabajadores para que se sumen a la Huelga General del 17 de marzo.<\/strong><\/p>\n\n\n\n<p>PP, VOX, Junts, y tambi\u00e9n UPN, han votado en contra del Decreto Ley que conten\u00eda una bater\u00eda medidas conoc\u00edda como \u201cescudo social\u201d. As\u00ed, miles de personas y familias en situaci\u00f3n vulnerable corren el riesgo de ser desahuciadas o ver interrumpidos sus suministros b\u00e1sicos; tambi\u00e9n se ha suspendido la revalorizaci\u00f3n de las pensiones.<\/p>\n\n\n\n<p>LAB ha denunciado que, aunque las medidas de Madrid en vigor eran muy limitadas, eran el \u00faltimo punto de apoyo de miles de personas y que la continuidad de estas decisiones a merced de Madrid supone que las condiciones laborales y de vida de las y los trabajadores vascos contin\u00faen siendo totalmente inciertas. El sindicato califica de muy grave la utilizaci\u00f3n de los derechos sociales como moneda de cambio. Por ello, LAB exige al Gobierno de Gasteiz y al Gobierno de Iru\u00f1ea que adopten medidas concretas en Euskal Herria para que no se produzca ni un solo desahucio y se garanticen unas condiciones de trabajo y vida dignas para todas las personas. Asimismo, ha llamado al conjunto de la clase trabajadora a la Huelga General del 17 de Marzo.<\/p>\n\n\n\n<p>El martes en Madrid se abri\u00f3 la v\u00eda para desahuciar a miles de personas. Primando el negocio de la vivienda, prevalecieron los votos en contra de las medidas contra los y las inquilinas y el conjunto de la clase trabajadora, poniendo en jaque a las personas en situaci\u00f3n de mayor vulnerabilidad. LAB ha denunciado repetidamente que el llamado \u00abescudo social\u00bb que ha estado vigente no ha sido en absoluto suficiente. Como ponen de manifiesto los diferentes estudios, s\u00f3lo se ha conseguido detener una cuarta o una tercera parte del total de desahucios; esta situaci\u00f3n expone a una mayor precariedad a mujeres*, j\u00f3venes y personas migradas, y lo que es peor, convierte en juego parlamentario medidas que deber\u00edan ser estructurales.\u00a0<\/p>\n\n\n\n<p>Las casas son para vivir, no para hacer negocio. Porque el de la vivienda no es un simple problema o preocupaci\u00f3n que va en aumento, sino una terrible injusticia social. Vivimos en plena situaci\u00f3n de emergencia y hay que tomar medidas estructurales. En su lugar, el gobierno espa\u00f1ol ha estado continuamente realizando proposiciones de ley y decretos que no son suficientes, y se reconocen derechos de forma parcial. Desgraciadamente, los gobiernos de Pradales y Chivite han abierto un nuevo ciclo de construcci\u00f3n y han priorizado diferentes medidas en favor de la patronal inmobiliaria. Siguen alineados a favor del rentismo.<\/p>\n\n\n\n<p>Los derechos sociales se han convertido en un juego parlamentario en Madrid, y ejemplo de ello es lo que ocurre con las pensiones. Se ha convertido en moneda de cambio lo que deber\u00eda ser un derecho, entre ellos la revalorizaci\u00f3n de las pensiones. Asegurar el poder adquisitivo de las personas pensionistas no puede depender de las votaciones anuales en el Congreso de los Diputados de Madrid.<\/p>\n\n\n\n<p>Todos las personas que vivimos en Euskal Herria necesitamos condiciones y derechos b\u00e1sicos para vivir de una manera segura, libre y digna aqu\u00ed. Se necesitan medidas pol\u00edticas eficaces para acabar con el negocio de la vivienda y bajar los precios, hay que parar todos los desahucios, tenemos que complementar la pensi\u00f3n m\u00ednima aqu\u00ed as\u00ed como dar pasos para construir un sistema propio, y el salario m\u00ednimo lo tenemos que decidir aqu\u00ed. LAB llama a la clase trabajadora vasca a sumarse a la lucha por estas reivindicaciones alcanzables y a movilizar a sus gobiernos y a la patronal a que se sumen a la Huelga General del 17 de marzo.<\/p>\n","protected":false},"excerpt":{"rendered":"<p>LAB ha reivindicado en Bilbo la necesidad de que se adopten pol\u00edticas favorables a los intereses de la clase trabajadora como medidas para frenar los desahucios, garantizar pensiones justas y dignas y establecer un salario m\u00ednimo propio en Euskal Herria en lugar de supeditarlas a Madrid. Para lograr estas medidas y movilizar tanto a los [&hellip;]<\/p>\n","protected":false},"author":1191,"featured_media":87704,"comment_status":"closed","ping_status":"closed","sticky":false,"template":"","format":"standard","meta":{"_monsterinsights_skip_tracking":false,"_monsterinsights_sitenote_active":false,"_monsterinsights_sitenote_note":"","_monsterinsights_sitenote_category":0,"footnotes":"","_links_to":"","_links_to_target":""},"categories":[18],"tags":[3033,3178],"class_list":{"0":"post-87544","1":"post","2":"type-post","3":"status-publish","4":"format-standard","5":"has-post-thumbnail","7":"category-es-accion-sindical","8":"tag-accion-sindical-es","9":"tag-destacado-1"},"_links":{"self":[{"href":"https:\/\/www.lab.eus\/es\/wp-json\/wp\/v2\/posts\/87544","targetHints":{"allow":["GET"]}}],"collection":[{"href":"https:\/\/www.lab.eus\/es\/wp-json\/wp\/v2\/posts"}],"about":[{"href":"https:\/\/www.lab.eus\/es\/wp-json\/wp\/v2\/types\/post"}],"author":[{"embeddable":true,"href":"https:\/\/www.lab.eus\/es\/wp-json\/wp\/v2\/users\/1191"}],"replies":[{"embeddable":true,"href":"https:\/\/www.lab.eus\/es\/wp-json\/wp\/v2\/comments?post=87544"}],"version-history":[{"count":5,"href":"https:\/\/www.lab.eus\/es\/wp-json\/wp\/v2\/posts\/87544\/revisions"}],"predecessor-version":[{"id":87706,"href":"https:\/\/www.lab.eus\/es\/wp-json\/wp\/v2\/posts\/87544\/revisions\/87706"}],"wp:featuredmedia":[{"embeddable":true,"href":"https:\/\/www.lab.eus\/es\/wp-json\/wp\/v2\/media\/87704"}],"wp:attachment":[{"href":"https:\/\/www.lab.eus\/es\/wp-json\/wp\/v2\/media?parent=87544"}],"wp:term":[{"taxonomy":"category","embeddable":true,"href":"https:\/\/www.lab.eus\/es\/wp-json\/wp\/v2\/categories?post=87544"},{"taxonomy":"post_tag","embeddable":true,"href":"https:\/\/www.lab.eus\/es\/wp-json\/wp\/v2\/tags?post=87544"}],"curies":[{"name":"wp","href":"https:\/\/api.w.org\/{rel}","templated":true}]}}