{"id":87530,"date":"2026-01-27T16:10:46","date_gmt":"2026-01-27T16:10:46","guid":{"rendered":"https:\/\/www.lab.eus\/?p=87530"},"modified":"2026-01-28T13:10:02","modified_gmt":"2026-01-28T13:10:02","slug":"regularizacion-masiva-de-personas-migrantes-un-punto-de-partida-para-materializar-derechos-y-avanzar-en-muchos-otros","status":"publish","type":"post","link":"https:\/\/www.lab.eus\/es\/regularizacion-masiva-de-personas-migrantes-un-punto-de-partida-para-materializar-derechos-y-avanzar-en-muchos-otros\/","title":{"rendered":"Regularizaci\u00f3n masiva de personas migrantes, un punto de partida para materializar derechos y avanzar en muchos otros"},"content":{"rendered":"\n<p><strong>Hoy martes 27 de enero el Consejo de Ministros ha aprobado la tramitaci\u00f3n de un Real Decreto para la Regularizaci\u00f3n extraordinaria de personas migrantes que residen ya en el Estado espa\u00f1ol.\u00a0<\/strong><\/p>\n\n\n\n<p>Para Como requisito, las personas migrantes tendr\u00e1n que demostrar estar viviendo al menos 5 meses en en el estado, desde antes del 31 de diciembre de 2025 , y no tener antecedentes penales graves.<\/p>\n\n\n\n<p>Al parecer, su tramitaci\u00f3n ser\u00e1 de car\u00e1cter urgente. La simple admisi\u00f3n de las solicitudes otorgar\u00e1 una autorizaci\u00f3n provisional de un a\u00f1o de residencia que permitir\u00e1 trabajar de forma legal y acceder a otros derechos fundamentales como la asistencia sanitaria. Finalizado este periodo, se podr\u00e1 solicitar otros permisos de residencia ordinarios. Al presentar la solicitud quedar\u00e1n suspendidos los procedimientos de retorno o las \u00f3rdenes de expulsi\u00f3n por motivos administrativos o por trabajar sin permiso que pesaran sobre la persona solicitante.<\/p>\n\n\n\n<p>En el estado Espa\u00f1ol, apr\u00f3ximadamente medio mill\u00f3n de personas que se encuentran en situaci\u00f3n de irregularidad administrativa ser\u00e1n alcanzadas por la medida. Esta es la novena regularizaci\u00f3n masiva que se hace desde el gonierno central de Espa\u00f1a, la \u00faltima se registra hace m\u00e1s de 20 a\u00f1os, en el 2005.&nbsp;<\/p>\n\n\n\n<p>Desde el Sindicato LAB, como primeras cuestiones de esta Regularizaci\u00f3n destacamos:&nbsp;<\/p>\n\n\n\n<p>El paso que se da hoy es una victoria social y popular de la Plataforma Regularizaci\u00f3n YA!. Es un logro de la lucha y la presi\u00f3n sostenida del movimiento migrante organizado que ha realizado un trabajo ingente que ha logrado reunir m\u00e1s de 700.000 firmas a nivel de todo el estado. En Euskal Herria, Regularizazioa Orain!, junto a centenares de agentes, organizaciones y colectivos, entre las que se encuentra nuestro sindicato, se han echo eco de esta iniciativa.<\/p>\n\n\n\n<p>Este Decreto no es un champi\u00f1\u00f3n que surje de la nada. Ha tardado en llegar y llega en un momento que no es casual: auge del fascismo global, avanzada violenta contra las personas migrantes por parte del gobierno m\u00e1s poderoso del mundo, expansi\u00f3n de los discursos y pr\u00e1cticas de odio racistas, machistas, xenofobos y homofobos.&nbsp;<\/p>\n\n\n\n<p>En Euskal Herria no queremos vivir condicionadas a las desiciones, parciales e interesadas, del gobierno en Madrid. Queremos tener soberan\u00eda y condiciones para tomar las desiciones que queremos tomar que, van m\u00e1s mucho m\u00e1s all\u00e1 de la gesti\u00f3n de las solicitudes, y tienen que ver con direcci\u00f3n de los medios, recursos e infraestructuras necesarios para que las vecinas migradas y\/o racializadas que han decidio hacer su vida aqu\u00ed puedan hacerlo en condiciones de dignidad, justicia y reconocimiento pleno de su agencia y de todos los derechos.&nbsp;<\/p>\n\n\n\n<p>La aprobaci\u00f3n a tr\u00e1mite de la Regulaci\u00f3n, representa un paso de justicia social y una deuda que se ten\u00eda pendiente. Estas personas no son beneficiarias de nada. Son sujetas con agencia cuyos derechos han sido pisados de manera sistem\u00e1tica porque asi interesaba.&nbsp;<\/p>\n\n\n\n<p>Algo positivo de esta reforma es que desliga el v\u00ednculo hist\u00f3rico hasta ahora determinante entre la conseci\u00f3n de los permisos de residencia y la disposesi\u00f3n de un contrato de trabajo o de solvencia econ\u00f3mica. Esto es importante, que tomen nota Pradales y Chivite: las personas migrantes son mucho m\u00e1s que mano de obra de usar y tirar.&nbsp;<\/p>\n\n\n\n<p>A\u00fan quedan por definir aspectos clave, como la coordinaci\u00f3n entre las entidades que acreditar\u00e1n el tiempo de estancia y los procedimientos de implementaci\u00f3n desde las Oficinas de Extranjer\u00eda a nivel auton\u00f3mico. Existe preocupaci\u00f3n por que la gesti\u00f3n no sea realmente sencilla y por la posible reproducci\u00f3n de trabas burocr\u00e1ticas, brechas digitales o pr\u00e1cticas excluyentes.<\/p>\n\n\n\n<p>Esta medida debe ir acompa\u00f1ada, por parte de las administraciones vascas y navarras, de los medios necesarios para frenar la persecuci\u00f3n y estigmatizaci\u00f3n de las personas migradas y\/o racializadas \u2014como los controles por perfil \u00e9tnico-racial, los abusos policiales o el racismo inmobiliario\u2014 y transformarlas en un acompa\u00f1amiento institucional real que facilite el acceso a la regularizaci\u00f3n.&nbsp;<\/p>\n\n\n\n<p>Desde LAB reafirmamos nuestro compromiso en la denuncia del racismo laboral y en la defensa de los derechos de las personas migradas y\/o racializadas en los centros de trabajo de Hego Euskal Herria, como primer paso para dignificar las condiciones laborales y de vida de miles de personas trabajadoras.<\/p>\n\n\n\n<p>Se exige una mejora en la regularizaci\u00f3n y el control del empleo: contratos reales y verificados, altas correctas en la Seguridad Social, respeto de jornadas y descansos, una actuaci\u00f3n efectiva de la Inspecci\u00f3n de Trabajo, el cumplimiento de los convenios laborales y el reconocimiento del derecho a la salud laboral, especialmente en sectores precarizados como el trabajo dom\u00e9stico y de cuidados.<\/p>\n\n\n\n<p>Que sea esta regularizaci\u00f3n un suelo m\u00ednimo com\u00fan para todas las personas, que podamos avanzar juntas sin m\u00e1s chantajes ni amenazas hacia una organizaci\u00f3n colectiva y una acci\u00f3n sindical emancipadora; sin racismo laboral , con derechos y oportunidades para todas.&nbsp;<\/p>\n\n\n\n<p>Nuestro compromiso es claro: nos encargaremos de que esta regularizaci\u00f3n permita materializar estos derechos como punto de partida a muchos otros. Para que Euskal Herria sea un pueblo de acogida, d\u00f3nde el efecto llamada sea una llamada a una toerra de justicia, dignidad, reconocimiento, reparaci\u00f3n e igualdad de oportunidades para todas las personas.&nbsp;<\/p>\n","protected":false},"excerpt":{"rendered":"<p>Hoy martes 27 de enero el Consejo de Ministros ha aprobado la tramitaci\u00f3n de un Real Decreto para la Regularizaci\u00f3n extraordinaria de personas migrantes que residen ya en el Estado espa\u00f1ol.\u00a0 Para Como requisito, las personas migrantes tendr\u00e1n que demostrar estar viviendo al menos 5 meses en en el estado, desde antes del 31 de [&hellip;]<\/p>\n","protected":false},"author":1191,"featured_media":68096,"comment_status":"closed","ping_status":"closed","sticky":false,"template":"","format":"standard","meta":{"_monsterinsights_skip_tracking":false,"_monsterinsights_sitenote_active":false,"_monsterinsights_sitenote_note":"","_monsterinsights_sitenote_category":0,"footnotes":"","_links_to":"","_links_to_target":""},"categories":[18],"tags":[3033,3178,4119],"class_list":{"0":"post-87530","1":"post","2":"type-post","3":"status-publish","4":"format-standard","5":"has-post-thumbnail","7":"category-es-accion-sindical","8":"tag-accion-sindical-es","9":"tag-destacado-1","10":"tag-secretaria-antirracista-es"},"_links":{"self":[{"href":"https:\/\/www.lab.eus\/es\/wp-json\/wp\/v2\/posts\/87530","targetHints":{"allow":["GET"]}}],"collection":[{"href":"https:\/\/www.lab.eus\/es\/wp-json\/wp\/v2\/posts"}],"about":[{"href":"https:\/\/www.lab.eus\/es\/wp-json\/wp\/v2\/types\/post"}],"author":[{"embeddable":true,"href":"https:\/\/www.lab.eus\/es\/wp-json\/wp\/v2\/users\/1191"}],"replies":[{"embeddable":true,"href":"https:\/\/www.lab.eus\/es\/wp-json\/wp\/v2\/comments?post=87530"}],"version-history":[{"count":2,"href":"https:\/\/www.lab.eus\/es\/wp-json\/wp\/v2\/posts\/87530\/revisions"}],"predecessor-version":[{"id":87609,"href":"https:\/\/www.lab.eus\/es\/wp-json\/wp\/v2\/posts\/87530\/revisions\/87609"}],"wp:featuredmedia":[{"embeddable":true,"href":"https:\/\/www.lab.eus\/es\/wp-json\/wp\/v2\/media\/68096"}],"wp:attachment":[{"href":"https:\/\/www.lab.eus\/es\/wp-json\/wp\/v2\/media?parent=87530"}],"wp:term":[{"taxonomy":"category","embeddable":true,"href":"https:\/\/www.lab.eus\/es\/wp-json\/wp\/v2\/categories?post=87530"},{"taxonomy":"post_tag","embeddable":true,"href":"https:\/\/www.lab.eus\/es\/wp-json\/wp\/v2\/tags?post=87530"}],"curies":[{"name":"wp","href":"https:\/\/api.w.org\/{rel}","templated":true}]}}