{"id":87525,"date":"2026-01-27T15:47:49","date_gmt":"2026-01-27T15:47:49","guid":{"rendered":"https:\/\/www.lab.eus\/?p=87525"},"modified":"2026-01-27T15:47:51","modified_gmt":"2026-01-27T15:47:51","slug":"hace-tiempo-que-el-gobierno-vasco-ha-dicho-todo-sobre-el-euskera-la-jubilacion-anticipada-el-salario-y-las-condiciones-laborales","status":"publish","type":"post","link":"https:\/\/www.lab.eus\/es\/hace-tiempo-que-el-gobierno-vasco-ha-dicho-todo-sobre-el-euskera-la-jubilacion-anticipada-el-salario-y-las-condiciones-laborales\/","title":{"rendered":"Hace tiempo que el Gobierno Vasco ha dicho todo sobre el euskera, la jubilaci\u00f3n anticipada, el salario y las condiciones laborales"},"content":{"rendered":"\n<p>Hoy se ha celebrado en Lakua la reuni\u00f3n de la Mesa General de la funci\u00f3n p\u00fablica de la CAV, de la que una vez m\u00e1s LAB ha salido con enfado. El Gobierno Vasco no tiene intenci\u00f3n de negociar nada y nos ha respondido que ya hab\u00eda rechazado las propuestas de los sindicatos. Esta vez la propia Administraci\u00f3n reconoce que esta din\u00e1mica de reuniones es est\u00e9ril y que es necesaria otra metodolog\u00eda, sin tener en cuenta que la responsabilidad de ello es suya.<\/p>\n\n\n\n<p><strong>Empleo, salarios y condiciones laborales desde Madrid<\/strong><\/p>\n\n\n\n<p>El Gobierno se siente c\u00f3modo estableciendo los l\u00edmites que impone Madrid y declara con orgullo que da el m\u00e1ximo de esos l\u00edmites. Pero enmudece cuando se le recuerda que esos l\u00edmites se han superado en los sectores, cuando ha habido voluntad, tanto a la hora de acordar los complementos retributivos como a la hora de superar las tasas de reposici\u00f3n. Achaca la imposibilidad de decidir aqu\u00ed el empleo, los salarios y el resto de condiciones laborales a una ley extranjera pero no tiene intenci\u00f3n de desarrollar el autogobierno en estas cuestiones. Es evidente que se trata de una cuesti\u00f3n de voluntad, la cual se ha podido cambiar en los sectores en los que se han dado huelgas y movilizaciones.<\/p>\n\n\n\n<p><strong>Con el euskera, pide confianza e ingenuidad<\/strong><\/p>\n\n\n\n<p>LAB plante\u00f3 en la \u00faltima reuni\u00f3n una pregunta directa al Gobierno Vasco sobre qu\u00e9 iba a hacer ante el acoso al euskera. Ha presentado una respuesta escrita tan larga como vac\u00eda. No ha mencionado el debate de la modificaci\u00f3n legal que existe en el Parlamento, ni siquiera sabe en qu\u00e9 situaci\u00f3n se encuentra, pero hay que recordar que el Gobierno se opuso a la propuesta presentada por EHBILDU con la que equipara los derechos del euskera a los del castellano. En su respuesta escrita se felicita a s\u00ed mismo, expresa su firme compromiso y manifiesta que el sistema funciona y es eficaz. Por otra parte, aunque no mencione a nadie, el Gobierno dice que \u00abla confrontaci\u00f3n no es el camino, sino la cooperaci\u00f3n y el di\u00e1logo\u00bb. LAB tiene claro que hay que tomar decisiones valientes y firmes y hacer pedagog\u00eda con las y los trabajadores y con la sociedad, y as\u00ed lo hemos manifestado. No mirar para otro lado.<\/p>\n\n\n\n<p>Para LAB est\u00e1 claro que el Gobierno no quiere mejorar las condiciones laborales del personal a su cargo y que se siente c\u00f3modo cuando los l\u00edmites los impone Madrid. En algunos sectores se ha podido cambiar la voluntad, por supuesto mediante la lucha. Y si las y los trabajadores p\u00fablicos queremos defender el empleo, las condiciones laborales y el euskera tendr\u00e1 que ser a trav\u00e9s de huelgas y movilizaciones.&nbsp;<\/p>\n","protected":false},"excerpt":{"rendered":"<p>Hoy se ha celebrado en Lakua la reuni\u00f3n de la Mesa General de la funci\u00f3n p\u00fablica de la CAV, de la que una vez m\u00e1s LAB ha salido con enfado. El Gobierno Vasco no tiene intenci\u00f3n de negociar nada y nos ha respondido que ya hab\u00eda rechazado las propuestas de los sindicatos. Esta vez la [&hellip;]<\/p>\n","protected":false},"author":1191,"featured_media":87523,"comment_status":"closed","ping_status":"closed","sticky":false,"template":"","format":"standard","meta":{"_monsterinsights_skip_tracking":false,"_monsterinsights_sitenote_active":false,"_monsterinsights_sitenote_note":"","_monsterinsights_sitenote_category":0,"footnotes":"","_links_to":"","_links_to_target":""},"categories":[18],"tags":[3033,3178],"class_list":{"0":"post-87525","1":"post","2":"type-post","3":"status-publish","4":"format-standard","5":"has-post-thumbnail","7":"category-es-accion-sindical","8":"tag-accion-sindical-es","9":"tag-destacado-1"},"_links":{"self":[{"href":"https:\/\/www.lab.eus\/es\/wp-json\/wp\/v2\/posts\/87525","targetHints":{"allow":["GET"]}}],"collection":[{"href":"https:\/\/www.lab.eus\/es\/wp-json\/wp\/v2\/posts"}],"about":[{"href":"https:\/\/www.lab.eus\/es\/wp-json\/wp\/v2\/types\/post"}],"author":[{"embeddable":true,"href":"https:\/\/www.lab.eus\/es\/wp-json\/wp\/v2\/users\/1191"}],"replies":[{"embeddable":true,"href":"https:\/\/www.lab.eus\/es\/wp-json\/wp\/v2\/comments?post=87525"}],"version-history":[{"count":1,"href":"https:\/\/www.lab.eus\/es\/wp-json\/wp\/v2\/posts\/87525\/revisions"}],"predecessor-version":[{"id":87526,"href":"https:\/\/www.lab.eus\/es\/wp-json\/wp\/v2\/posts\/87525\/revisions\/87526"}],"wp:featuredmedia":[{"embeddable":true,"href":"https:\/\/www.lab.eus\/es\/wp-json\/wp\/v2\/media\/87523"}],"wp:attachment":[{"href":"https:\/\/www.lab.eus\/es\/wp-json\/wp\/v2\/media?parent=87525"}],"wp:term":[{"taxonomy":"category","embeddable":true,"href":"https:\/\/www.lab.eus\/es\/wp-json\/wp\/v2\/categories?post=87525"},{"taxonomy":"post_tag","embeddable":true,"href":"https:\/\/www.lab.eus\/es\/wp-json\/wp\/v2\/tags?post=87525"}],"curies":[{"name":"wp","href":"https:\/\/api.w.org\/{rel}","templated":true}]}}