{"id":87513,"date":"2026-01-27T14:05:38","date_gmt":"2026-01-27T14:05:38","guid":{"rendered":"https:\/\/www.lab.eus\/?p=87513"},"modified":"2026-01-27T14:05:41","modified_gmt":"2026-01-27T14:05:41","slug":"las-y-los-trabajadores-de-los-centros-especiales-de-empleo-se-movilizaran-para-reivindicar-la-mejora-de-condiciones-del-sector","status":"publish","type":"post","link":"https:\/\/www.lab.eus\/es\/las-y-los-trabajadores-de-los-centros-especiales-de-empleo-se-movilizaran-para-reivindicar-la-mejora-de-condiciones-del-sector\/","title":{"rendered":"Las y los trabajadores de los centros especiales de empleo se movilizar\u00e1n para reivindicar la mejora de condiciones del sector"},"content":{"rendered":"\n<p><strong>Los sindicatos ELA, LAB, CCOO y ESK de los centros especiales de empleo se movilizar\u00e1n el 14 de marzo en Bilbo para denunciar el negocio de las empresas y administraciones publicas con la discapacidad y reivindicar la mejora de las condiciones laborales y de vida de las y los trabajadores del sector<\/strong><\/p>\n\n\n\n<p>El curso pasado, los sindicatos convocaron una mesa negociadora para sacar adelante el primer convenio colectivo para los trabajadores y trabajadoras de los centros especiales de empleo de la Comunidad Aut\u00f3noma Vasca. Ante esta convocatoria, las patronales del sector (ELHABE, Berezilan, Connace, Feacem y Confebask) intentaron cerrar la puerta a la negociaci\u00f3n del convenio.<\/p>\n\n\n\n<p>ELA, LAB, CCOO y ESK convocar\u00e1n una movilizaci\u00f3n el 14 de marzo a las 12:00 horas en la Plaza Circular de Bilbo por el reconocimiento institucional y para seguir adelante con lucha por el convenio colectivo. Las empresas del sector no est\u00e1n teniendo en cuenta las reivindicaciones de las y los trabajadores del sector y est\u00e1n condenando al sector a la precariedad, ya que un n\u00famero importante de trabajadores reciben salarios inferiores a los 1500 euros en la CAV.<\/p>\n\n\n\n<p>Ante esta situaci\u00f3n, la administraci\u00f3n p\u00fablica tiene una gran responsabilidad, ya que es impulsora y protectora del modelo que precariza al sector. Adem\u00e1s, la administraci\u00f3n no hace nada para integrar a los y las trabajadoras con discapacidas en las empresas ordinarias, perpetuando el modelo actual. Por ello, ELA, LAB, CCOO y ESK hacen un llamamiento al Gobierno Vasco y a las patronales del sector para reflexionar y transformar el modelo actual de los centros especiales de empleo. Los sindicatos convocantes hacen las siguientes reivindicaciones para mejorar las condiciones laborales de los y las trabajadoras del sector:&nbsp;<\/p>\n\n\n\n<p>1. Salario m\u00ednimo de 21.000 euros. 1.500 x 14.<\/p>\n\n\n\n<p>2. 1.592 horas anuales, suprimiendo la flexibilidad y sin poder interrumpir la actividad m\u00e1s de una vez.<\/p>\n\n\n\n<p>3. Enfermedad complementaria al 100%.<\/p>\n\n\n\n<p>4. Eliminar mutuas.<\/p>\n\n\n\n<p>5. Regulaci\u00f3n de los contratos de fomento y prohibici\u00f3n de los contratos de bajo rendimiento.<\/p>\n\n\n\n<p>6. Derecho a un contrato de relevo.<\/p>\n\n\n\n<p>7. Planes de euskaldunizaci\u00f3n e igualdad en todas las empresas.<\/p>\n\n\n\n<p>8. Derecho de subrogaci\u00f3n.<\/p>\n\n\n\n<p>9. Obligatoriedad de la aplicaci\u00f3n del convenio sectorial en empresas con \u00e1nimo de lucro. Siempre respetando las mejores condiciones.<\/p>\n\n\n\n<p>10. Reivindicaciones pol\u00edticas: La obligatoriedad de acceder al empleo ordinario en todas las empresas: sancionar a las empresas que no lo tienen.<\/p>\n\n\n\n<p>Para luchar a favor de estas reivindicaciones, los sindicatos pondr\u00e1n en marcha una campa\u00f1a de adhesi\u00f3n de los comit\u00e9s de empresa y celebrar\u00e1n asambleas de trabajadores y trabajadoras empresa a empresa.&nbsp;<\/p>\n\n\n\n<p>Para exigir todos estas reivindicaciones, los sindicatos llaman al sector a movilizarse el 14 de marzo. Por ello, todos los trabajadores de los centros especiales de empleo de la CAV llevar\u00e1n a cabo una movilizaci\u00f3n masiva en Bilbo, a las 12:00 de la ma\u00f1ana en la Plaza Circular.&nbsp;<\/p>\n","protected":false},"excerpt":{"rendered":"<p>Los sindicatos ELA, LAB, CCOO y ESK de los centros especiales de empleo se movilizar\u00e1n el 14 de marzo en Bilbo para denunciar el negocio de las empresas y administraciones publicas con la discapacidad y reivindicar la mejora de las condiciones laborales y de vida de las y los trabajadores del sector El curso pasado, [&hellip;]<\/p>\n","protected":false},"author":1191,"featured_media":80888,"comment_status":"closed","ping_status":"closed","sticky":false,"template":"","format":"standard","meta":{"_monsterinsights_skip_tracking":false,"_monsterinsights_sitenote_active":false,"_monsterinsights_sitenote_note":"","_monsterinsights_sitenote_category":0,"footnotes":"","_links_to":"","_links_to_target":""},"categories":[18],"tags":[3033,3178],"class_list":{"0":"post-87513","1":"post","2":"type-post","3":"status-publish","4":"format-standard","5":"has-post-thumbnail","7":"category-es-accion-sindical","8":"tag-accion-sindical-es","9":"tag-destacado-1"},"_links":{"self":[{"href":"https:\/\/www.lab.eus\/es\/wp-json\/wp\/v2\/posts\/87513","targetHints":{"allow":["GET"]}}],"collection":[{"href":"https:\/\/www.lab.eus\/es\/wp-json\/wp\/v2\/posts"}],"about":[{"href":"https:\/\/www.lab.eus\/es\/wp-json\/wp\/v2\/types\/post"}],"author":[{"embeddable":true,"href":"https:\/\/www.lab.eus\/es\/wp-json\/wp\/v2\/users\/1191"}],"replies":[{"embeddable":true,"href":"https:\/\/www.lab.eus\/es\/wp-json\/wp\/v2\/comments?post=87513"}],"version-history":[{"count":1,"href":"https:\/\/www.lab.eus\/es\/wp-json\/wp\/v2\/posts\/87513\/revisions"}],"predecessor-version":[{"id":87514,"href":"https:\/\/www.lab.eus\/es\/wp-json\/wp\/v2\/posts\/87513\/revisions\/87514"}],"wp:featuredmedia":[{"embeddable":true,"href":"https:\/\/www.lab.eus\/es\/wp-json\/wp\/v2\/media\/80888"}],"wp:attachment":[{"href":"https:\/\/www.lab.eus\/es\/wp-json\/wp\/v2\/media?parent=87513"}],"wp:term":[{"taxonomy":"category","embeddable":true,"href":"https:\/\/www.lab.eus\/es\/wp-json\/wp\/v2\/categories?post=87513"},{"taxonomy":"post_tag","embeddable":true,"href":"https:\/\/www.lab.eus\/es\/wp-json\/wp\/v2\/tags?post=87513"}],"curies":[{"name":"wp","href":"https:\/\/api.w.org\/{rel}","templated":true}]}}