{"id":87416,"date":"2026-01-26T08:13:11","date_gmt":"2026-01-26T08:13:11","guid":{"rendered":"https:\/\/www.lab.eus\/?p=87416"},"modified":"2026-01-26T08:15:36","modified_gmt":"2026-01-26T08:15:36","slug":"lab-denuncia-el-riesgo-de-privatizacion-de-la-unidad-sociosanitaria-de-gernika","status":"publish","type":"post","link":"https:\/\/www.lab.eus\/es\/lab-denuncia-el-riesgo-de-privatizacion-de-la-unidad-sociosanitaria-de-gernika\/","title":{"rendered":"LAB denuncia el riesgo de privatizaci\u00f3n de la Unidad Sociosanitaria de Gernika."},"content":{"rendered":"\n<p><strong>LAB quiere denunciar p\u00fablicamente la situaci\u00f3n creada en torno a la Unidad Sociosanitaria de Gernika, un proyecto anunciado durante a\u00f1os como servicio p\u00fablico de gesti\u00f3n p\u00fablica, y que ahora se pretende poner en marcha a trav\u00e9s de una empresa privada.<\/strong><\/p>\n\n\n\n<p><strong>Un proyecto p\u00fablico que se convierte en negocio privado<\/strong><\/p>\n\n\n\n<p>En 2022, en la Mesa de Negociaci\u00f3n del IFAS, se nos traslad\u00f3 que en el Hospital de Gernika se iba a crear una Unidad Sociosanitaria de gesti\u00f3n p\u00fablica, con:<\/p>\n\n\n\n<ul class=\"wp-block-list\">\n<li><strong>25 camas<\/strong><\/li>\n\n\n\n<li><strong>Personal del IFAS<\/strong><\/li>\n\n\n\n<li>Una <strong>memoria de actuaci\u00f3n<\/strong> en la que ya se detallaba el n\u00famero de personas trabajadoras necesarias<\/li>\n<\/ul>\n\n\n\n<p>Durante a\u00f1os, la <strong>Diputaci\u00f3n Foral de Bizkaia<\/strong> ha publicitado esta unidad como un <strong>recurso p\u00fablico<\/strong>, sin que en ning\u00fan momento se informara de un posible cambio de modelo.<\/p>\n\n\n\n<p><strong>Ocultaci\u00f3n de informaci\u00f3n<\/strong><\/p>\n\n\n\n<p>LAB y el resto de sindicatos con representaci\u00f3n en el IFAS hemos preguntado por esta unidad en casi todas las mesas de negociaci\u00f3n celebradas desde 2022.<br>En la \u00faltima mesa, \u00fanicamente se nos indic\u00f3 que la unidad no se pondr\u00eda en marcha hasta finales de 2026.<\/p>\n\n\n\n<p>Sin embargo, LAB ha tenido conocimiento de que, en la Comisi\u00f3n de Acci\u00f3n Social del 24 de noviembre de 2025, la Diputada de Acci\u00f3n Social afirm\u00f3 que:<\/p>\n\n\n\n<p><em><strong>La Unidad Sociosanitaria de Gernika se pondr\u00e1 en marcha a finales de 2026 mediante un convenio con una entidad especializada, con experiencia en la gesti\u00f3n de este tipo de unidades, que ya gestiona otros recursos sociosanitarios en Bizkaia.<\/strong><\/em><\/p>\n\n\n\n<p>Esta informaci\u00f3n no fue trasladada a la Mesa de Negociaci\u00f3n del IFAS, a pesar de las reiteradas preguntas sindicales.<\/p>\n\n\n\n<p>Esto no es un despiste: es una ocultaci\u00f3n de informaci\u00f3n deliberada.<\/p>\n\n\n\n<p><strong>Privatizaci\u00f3n de los cuidados<\/strong><\/p>\n\n\n\n<p>Lo que se plantea es claro: Un recurso p\u00fablico que est\u00e1 financiado con dinero p\u00fablico y que has sido anunciado como de gesti\u00f3n p\u00fablica <strong>ACABAR\u00c1 EN MANOS DE UNA EMPRESA PRIVADA<\/strong><strong>,<\/strong> cuyo objetivo es obtener beneficios econ\u00f3micos, no garantizar cuidados de calidad.<\/p>\n\n\n\n<p>Las empresas privadas se llenan los bolsillos a costa de:<\/p>\n\n\n\n<ul class=\"wp-block-list\">\n<li>recortar personal<\/li>\n\n\n\n<li>empeorar condiciones laborales<\/li>\n\n\n\n<li>y degradar la atenci\u00f3n a las personas usuarias<\/li>\n<\/ul>\n\n\n\n<p>Ante la gravedad de la situaci\u00f3n, LAB ha llevado este tema a Juntas Generales de Bizkaia.<\/p>\n\n\n\n<p>Como consecuencia directa de esta iniciativa, EH Bildu ha registrado una pregunta oral para que la Diputada de Acci\u00f3n Social aclare p\u00fablicamente si la Unidad Sociosanitaria de Gernika va a ser o no de gesti\u00f3n p\u00fablica.<\/p>\n\n\n\n<p><strong>La privatizaci\u00f3n no se negocia<\/strong><\/p>\n\n\n\n<p>Puede que esta sea una <strong>decisi\u00f3n pol\u00edtica<\/strong>, pero eso no justifica:<\/p>\n\n\n\n<ul class=\"wp-block-list\">\n<li>la falta de transparencia<\/li>\n\n\n\n<li>el ocultamiento de informaci\u00f3n<\/li>\n\n\n\n<li>ni la conversi\u00f3n de los cuidados en un negocio<\/li>\n<\/ul>\n\n\n\n<p>LAB <strong>rechaza frontalmente<\/strong> la privatizaci\u00f3n de los servicios p\u00fablicos de cuidados.<\/p>\n\n\n\n<p><strong>Exigimos explicaciones<\/strong><\/p>\n\n\n\n<p>LAB ha llevado tambi\u00e9n este asunto a la Mesa de Negociaci\u00f3n de la Diputaci\u00f3n Foral de Bizkaia, desde donde se nos ha remitido a la Mesa de Negociaci\u00f3n del IFAS del pr\u00f3ximo 28 de enero.<\/p>\n\n\n\n<p><strong>LAB no va a mirar hacia otro lado<\/strong><\/p>\n\n\n\n<ul class=\"wp-block-list\">\n<li>No a la privatizaci\u00f3n<\/li>\n\n\n\n<li>No al negocio con los cuidados<\/li>\n\n\n\n<li>No a que el dinero p\u00fablico acabe en manos privadas<\/li>\n<\/ul>\n\n\n\n<p><strong>Los cuidados no son un negocio. Son un derecho.<\/strong><br>LAB seguir\u00e1 denunciando y actuando.<\/p>\n","protected":false},"excerpt":{"rendered":"<p>LAB quiere denunciar p\u00fablicamente la situaci\u00f3n creada en torno a la Unidad Sociosanitaria de Gernika, un proyecto anunciado durante a\u00f1os como servicio p\u00fablico de gesti\u00f3n p\u00fablica, y que ahora se pretende poner en marcha a trav\u00e9s de una empresa privada. Un proyecto p\u00fablico que se convierte en negocio privado En 2022, en la Mesa de [&hellip;]<\/p>\n","protected":false},"author":1191,"featured_media":87418,"comment_status":"closed","ping_status":"closed","sticky":false,"template":"","format":"standard","meta":{"_monsterinsights_skip_tracking":false,"_monsterinsights_sitenote_active":false,"_monsterinsights_sitenote_note":"","_monsterinsights_sitenote_category":0,"footnotes":"","_links_to":"","_links_to_target":""},"categories":[18],"tags":[3033,3178],"class_list":{"0":"post-87416","1":"post","2":"type-post","3":"status-publish","4":"format-standard","5":"has-post-thumbnail","7":"category-es-accion-sindical","8":"tag-accion-sindical-es","9":"tag-destacado-1"},"_links":{"self":[{"href":"https:\/\/www.lab.eus\/es\/wp-json\/wp\/v2\/posts\/87416","targetHints":{"allow":["GET"]}}],"collection":[{"href":"https:\/\/www.lab.eus\/es\/wp-json\/wp\/v2\/posts"}],"about":[{"href":"https:\/\/www.lab.eus\/es\/wp-json\/wp\/v2\/types\/post"}],"author":[{"embeddable":true,"href":"https:\/\/www.lab.eus\/es\/wp-json\/wp\/v2\/users\/1191"}],"replies":[{"embeddable":true,"href":"https:\/\/www.lab.eus\/es\/wp-json\/wp\/v2\/comments?post=87416"}],"version-history":[{"count":1,"href":"https:\/\/www.lab.eus\/es\/wp-json\/wp\/v2\/posts\/87416\/revisions"}],"predecessor-version":[{"id":87417,"href":"https:\/\/www.lab.eus\/es\/wp-json\/wp\/v2\/posts\/87416\/revisions\/87417"}],"wp:featuredmedia":[{"embeddable":true,"href":"https:\/\/www.lab.eus\/es\/wp-json\/wp\/v2\/media\/87418"}],"wp:attachment":[{"href":"https:\/\/www.lab.eus\/es\/wp-json\/wp\/v2\/media?parent=87416"}],"wp:term":[{"taxonomy":"category","embeddable":true,"href":"https:\/\/www.lab.eus\/es\/wp-json\/wp\/v2\/categories?post=87416"},{"taxonomy":"post_tag","embeddable":true,"href":"https:\/\/www.lab.eus\/es\/wp-json\/wp\/v2\/tags?post=87416"}],"curies":[{"name":"wp","href":"https:\/\/api.w.org\/{rel}","templated":true}]}}