{"id":87330,"date":"2026-01-23T12:18:10","date_gmt":"2026-01-23T12:18:10","guid":{"rendered":"https:\/\/www.lab.eus\/?p=87330"},"modified":"2026-01-23T12:19:09","modified_gmt":"2026-01-23T12:19:09","slug":"lab-ha-reunido-estos-dias-a-mas-de-1-500-delegadas-y-delegados-para-tratar-la-huelga-general-del-17-de-marzo","status":"publish","type":"post","link":"https:\/\/www.lab.eus\/es\/lab-ha-reunido-estos-dias-a-mas-de-1-500-delegadas-y-delegados-para-tratar-la-huelga-general-del-17-de-marzo\/","title":{"rendered":"LAB ha reunido estos d\u00edas a m\u00e1s de 1.500 delegadas y delegados para tratar la huelga general del 17 de marzo"},"content":{"rendered":"\n<p><strong>Estos \u00fa<\/strong><strong>ltimos <\/strong><strong>d\u00edas, <\/strong><strong>LAB<\/strong><strong> ha celebrado asambleas comarcales que han reunido a cientos de delegad<\/strong><strong>a<\/strong><strong>s <\/strong><strong>y delegadas para preparar la huelga general del 17 de marzo. Estos encuentros han servido para transmitir la importancia de la huelga y para debatir sobre la preparaci\u00f3n de la huelga y la caracterizaci\u00f3n del d\u00eda. LAB llama <\/strong><strong>a <\/strong><strong>vaciar<\/strong><strong> los centros de trabajo y llenar las calles con la reivindicaci\u00f3n de conseguir un salario m\u00ednimo propio para l<\/strong><strong>as y lo<\/strong><strong>s trabajadores vascos y, en general, mejorar los salarios.<\/strong><\/p>\n\n\n\n<p>LAB est\u00e1 trabajando intensamente para difundir la convocatoria y compartir con las trabajadoras y trabajadores los motivos de la huelga. Motivos para la huelga no faltan: la vida se ha encarecido, pero los salarios no han subido en la misma medida. En consecuencia, las y los trabajadores hemos perdido poder adquisitivo. Si los salarios recuperaran el peso de 2008, recibir\u00edamos 1.523 millones de euros m\u00e1s. Un tercio de esa cantidad ser\u00eda suficiente para garantizar el salario m\u00ednimo.<\/p>\n\n\n\n<p>Urge un salario m\u00ednimo adecuado a la realidad de Euskal Herria. Los salarios actuales no permiten hacer frente a los gastos b\u00e1sicos. Por eso, vamos a la huelga general.<\/p>\n\n\n\n<p>La patronal se niega a negociar el salario m\u00ednimo. CEN y Confebask rechazan constituir una mesa para alcanzar un acuerdo interprofesional. Asimismo, el Gobierno de PNV-PSE ha dado la espalda a la v\u00eda de la Iniciativa Legislativa Popular, con PP y VOX como compa\u00f1eros de viaje, y ha rechazado la ILP apoyada por 138.495 personas. Anteriormente hab\u00edan hecho lo mismo con la ILP del movimiento de pensionistas.<\/p>\n\n\n\n<p>Tanto en el \u00e1mbito privado como en el p\u00fablico, los salarios de las y los trabajadores son constantemente atacados. Ahora vienen con el mantra del absentismo a imponer nuevos recortes. Por lo tanto, con la huelga general mostraremos la fuerza de la clase trabajadora para conseguir lo siguiente:<\/p>\n\n\n\n<ul class=\"wp-block-list\">\n<li>Alcanzar un salario m\u00ednimo de 1.500 euros.<\/li>\n\n\n\n<li>Reducir las brechas machistas y racistas.<\/li>\n\n\n\n<li>Impulsar al alza todos los salarios.<\/li>\n\n\n\n<li>Mejorar los salarios empresa a empresa y sector a sector.<\/li>\n\n\n\n<li>Incremento de la pensi\u00f3n y prestaciones m\u00ednimas.<\/li>\n\n\n\n<li>Repartir m\u00e1s justamente la riqueza que generamos.<\/li>\n\n\n\n<li>Decidir los salarios aqu\u00ed, tanto en el \u00e1mbito privado como en el p\u00fablico.<\/li>\n\n\n\n<li>Que el Gobierno Vasco adquiera las competencias del salario m\u00ednimo. Necesitamos una mayor soberan\u00eda para mejorar las condiciones de trabajo y de vida.<\/li>\n<\/ul>\n\n\n\n<p>Tenemos, pues, un sinf\u00edn de motivos para movilizarnos. LAB hace un llamamiento a todas y todos los trabajadores para que se sumen a la huelga general convocada por la mayor\u00eda sindical vasca para el 17 de marzo. Seguimos trabajando por una exitosa jornada de huelga y movilizaciones.<\/p>\n\n\n\n<figure class=\"wp-block-gallery has-nested-images columns-default is-cropped wp-block-gallery-1 is-layout-flex wp-block-gallery-is-layout-flex\">\n<figure class=\"wp-block-image size-large\"><img loading=\"lazy\" decoding=\"async\" width=\"1024\" height=\"683\" data-id=\"87358\" src=\"https:\/\/www.lab.eus\/wp-content\/uploads\/2026\/01\/2-1-1024x683.jpg\" alt=\"\" class=\"wp-image-87358\" srcset=\"https:\/\/www.lab.eus\/wp-content\/uploads\/2026\/01\/2-1-1024x683.jpg 1024w, https:\/\/www.lab.eus\/wp-content\/uploads\/2026\/01\/2-1-300x200.jpg 300w, https:\/\/www.lab.eus\/wp-content\/uploads\/2026\/01\/2-1-768x512.jpg 768w, https:\/\/www.lab.eus\/wp-content\/uploads\/2026\/01\/2-1-1536x1024.jpg 1536w, https:\/\/www.lab.eus\/wp-content\/uploads\/2026\/01\/2-1-2048x1365.jpg 2048w, https:\/\/www.lab.eus\/wp-content\/uploads\/2026\/01\/2-1-630x420.jpg 630w, https:\/\/www.lab.eus\/wp-content\/uploads\/2026\/01\/2-1-150x100.jpg 150w, https:\/\/www.lab.eus\/wp-content\/uploads\/2026\/01\/2-1-696x464.jpg 696w, https:\/\/www.lab.eus\/wp-content\/uploads\/2026\/01\/2-1-1068x712.jpg 1068w, https:\/\/www.lab.eus\/wp-content\/uploads\/2026\/01\/2-1-1920x1280.jpg 1920w\" sizes=\"auto, (max-width: 1024px) 100vw, 1024px\" \/><figcaption class=\"wp-element-caption\">Gasteiz-Lautada-Errioxa<\/figcaption><\/figure>\n\n\n\n<figure class=\"wp-block-image size-large\"><img loading=\"lazy\" decoding=\"async\" width=\"1024\" height=\"683\" data-id=\"87362\" src=\"https:\/\/www.lab.eus\/wp-content\/uploads\/2026\/01\/3-1-1024x683.jpg\" alt=\"\" class=\"wp-image-87362\" srcset=\"https:\/\/www.lab.eus\/wp-content\/uploads\/2026\/01\/3-1-1024x683.jpg 1024w, https:\/\/www.lab.eus\/wp-content\/uploads\/2026\/01\/3-1-300x200.jpg 300w, https:\/\/www.lab.eus\/wp-content\/uploads\/2026\/01\/3-1-768x512.jpg 768w, https:\/\/www.lab.eus\/wp-content\/uploads\/2026\/01\/3-1-1536x1024.jpg 1536w, https:\/\/www.lab.eus\/wp-content\/uploads\/2026\/01\/3-1-2048x1365.jpg 2048w, https:\/\/www.lab.eus\/wp-content\/uploads\/2026\/01\/3-1-630x420.jpg 630w, https:\/\/www.lab.eus\/wp-content\/uploads\/2026\/01\/3-1-150x100.jpg 150w, https:\/\/www.lab.eus\/wp-content\/uploads\/2026\/01\/3-1-696x464.jpg 696w, https:\/\/www.lab.eus\/wp-content\/uploads\/2026\/01\/3-1-1068x712.jpg 1068w, https:\/\/www.lab.eus\/wp-content\/uploads\/2026\/01\/3-1-1920x1280.jpg 1920w\" sizes=\"auto, (max-width: 1024px) 100vw, 1024px\" \/><figcaption class=\"wp-element-caption\">Iru\u00f1erria<\/figcaption><\/figure>\n\n\n\n<figure class=\"wp-block-image size-large\"><img loading=\"lazy\" decoding=\"async\" width=\"1024\" height=\"682\" data-id=\"87347\" src=\"https:\/\/www.lab.eus\/wp-content\/uploads\/2026\/01\/4-1-1024x682.jpg\" alt=\"\" class=\"wp-image-87347\" srcset=\"https:\/\/www.lab.eus\/wp-content\/uploads\/2026\/01\/4-1-1024x682.jpg 1024w, https:\/\/www.lab.eus\/wp-content\/uploads\/2026\/01\/4-1-300x200.jpg 300w, https:\/\/www.lab.eus\/wp-content\/uploads\/2026\/01\/4-1-768x512.jpg 768w, https:\/\/www.lab.eus\/wp-content\/uploads\/2026\/01\/4-1-1536x1023.jpg 1536w, https:\/\/www.lab.eus\/wp-content\/uploads\/2026\/01\/4-1-630x420.jpg 630w, https:\/\/www.lab.eus\/wp-content\/uploads\/2026\/01\/4-1-150x100.jpg 150w, https:\/\/www.lab.eus\/wp-content\/uploads\/2026\/01\/4-1-696x464.jpg 696w, https:\/\/www.lab.eus\/wp-content\/uploads\/2026\/01\/4-1-1068x712.jpg 1068w, https:\/\/www.lab.eus\/wp-content\/uploads\/2026\/01\/4-1.jpg 1600w\" sizes=\"auto, (max-width: 1024px) 100vw, 1024px\" \/><figcaption class=\"wp-element-caption\">Bilbo<\/figcaption><\/figure>\n\n\n\n<figure class=\"wp-block-image size-large\"><img loading=\"lazy\" decoding=\"async\" width=\"1024\" height=\"768\" data-id=\"87368\" src=\"https:\/\/www.lab.eus\/wp-content\/uploads\/2026\/01\/5-1-1024x768.jpg\" alt=\"\" class=\"wp-image-87368\" srcset=\"https:\/\/www.lab.eus\/wp-content\/uploads\/2026\/01\/5-1-1024x768.jpg 1024w, https:\/\/www.lab.eus\/wp-content\/uploads\/2026\/01\/5-1-300x225.jpg 300w, https:\/\/www.lab.eus\/wp-content\/uploads\/2026\/01\/5-1-768x576.jpg 768w, https:\/\/www.lab.eus\/wp-content\/uploads\/2026\/01\/5-1-560x420.jpg 560w, https:\/\/www.lab.eus\/wp-content\/uploads\/2026\/01\/5-1-80x60.jpg 80w, https:\/\/www.lab.eus\/wp-content\/uploads\/2026\/01\/5-1-150x113.jpg 150w, https:\/\/www.lab.eus\/wp-content\/uploads\/2026\/01\/5-1-696x522.jpg 696w, https:\/\/www.lab.eus\/wp-content\/uploads\/2026\/01\/5-1-1068x801.jpg 1068w, https:\/\/www.lab.eus\/wp-content\/uploads\/2026\/01\/5-1.jpg 1280w\" sizes=\"auto, (max-width: 1024px) 100vw, 1024px\" \/><figcaption class=\"wp-element-caption\">Goierri-Buruntza<\/figcaption><\/figure>\n\n\n\n<figure class=\"wp-block-image size-large\"><img loading=\"lazy\" decoding=\"async\" width=\"1024\" height=\"768\" data-id=\"87337\" src=\"https:\/\/www.lab.eus\/wp-content\/uploads\/2026\/01\/6-1-1024x768.jpg\" alt=\"\" class=\"wp-image-87337\" srcset=\"https:\/\/www.lab.eus\/wp-content\/uploads\/2026\/01\/6-1-1024x768.jpg 1024w, https:\/\/www.lab.eus\/wp-content\/uploads\/2026\/01\/6-1-300x225.jpg 300w, https:\/\/www.lab.eus\/wp-content\/uploads\/2026\/01\/6-1-768x576.jpg 768w, https:\/\/www.lab.eus\/wp-content\/uploads\/2026\/01\/6-1-1536x1152.jpg 1536w, https:\/\/www.lab.eus\/wp-content\/uploads\/2026\/01\/6-1-560x420.jpg 560w, https:\/\/www.lab.eus\/wp-content\/uploads\/2026\/01\/6-1-80x60.jpg 80w, https:\/\/www.lab.eus\/wp-content\/uploads\/2026\/01\/6-1-150x113.jpg 150w, https:\/\/www.lab.eus\/wp-content\/uploads\/2026\/01\/6-1-696x522.jpg 696w, https:\/\/www.lab.eus\/wp-content\/uploads\/2026\/01\/6-1-1068x801.jpg 1068w, https:\/\/www.lab.eus\/wp-content\/uploads\/2026\/01\/6-1-1920x1440.jpg 1920w, https:\/\/www.lab.eus\/wp-content\/uploads\/2026\/01\/6-1.jpg 2048w\" sizes=\"auto, (max-width: 1024px) 100vw, 1024px\" \/><figcaption class=\"wp-element-caption\">Durangaldea<\/figcaption><\/figure>\n\n\n\n<figure class=\"wp-block-image size-large\"><img loading=\"lazy\" decoding=\"async\" width=\"1024\" height=\"768\" data-id=\"87340\" src=\"https:\/\/www.lab.eus\/wp-content\/uploads\/2026\/01\/7-1-1024x768.jpg\" alt=\"\" class=\"wp-image-87340\" srcset=\"https:\/\/www.lab.eus\/wp-content\/uploads\/2026\/01\/7-1-1024x768.jpg 1024w, https:\/\/www.lab.eus\/wp-content\/uploads\/2026\/01\/7-1-300x225.jpg 300w, https:\/\/www.lab.eus\/wp-content\/uploads\/2026\/01\/7-1-768x576.jpg 768w, https:\/\/www.lab.eus\/wp-content\/uploads\/2026\/01\/7-1-1536x1152.jpg 1536w, https:\/\/www.lab.eus\/wp-content\/uploads\/2026\/01\/7-1-560x420.jpg 560w, https:\/\/www.lab.eus\/wp-content\/uploads\/2026\/01\/7-1-80x60.jpg 80w, https:\/\/www.lab.eus\/wp-content\/uploads\/2026\/01\/7-1-150x113.jpg 150w, https:\/\/www.lab.eus\/wp-content\/uploads\/2026\/01\/7-1-696x522.jpg 696w, https:\/\/www.lab.eus\/wp-content\/uploads\/2026\/01\/7-1-1068x801.jpg 1068w, https:\/\/www.lab.eus\/wp-content\/uploads\/2026\/01\/7-1.jpg 1600w\" sizes=\"auto, (max-width: 1024px) 100vw, 1024px\" \/><figcaption class=\"wp-element-caption\">Oarsobidasoa<\/figcaption><\/figure>\n\n\n\n<figure class=\"wp-block-image size-large\"><img loading=\"lazy\" decoding=\"async\" width=\"1024\" height=\"768\" data-id=\"87332\" src=\"https:\/\/www.lab.eus\/wp-content\/uploads\/2026\/01\/8-2-1024x768.jpg\" alt=\"\" class=\"wp-image-87332\" srcset=\"https:\/\/www.lab.eus\/wp-content\/uploads\/2026\/01\/8-2-1024x768.jpg 1024w, https:\/\/www.lab.eus\/wp-content\/uploads\/2026\/01\/8-2-300x225.jpg 300w, https:\/\/www.lab.eus\/wp-content\/uploads\/2026\/01\/8-2-768x576.jpg 768w, https:\/\/www.lab.eus\/wp-content\/uploads\/2026\/01\/8-2-560x420.jpg 560w, https:\/\/www.lab.eus\/wp-content\/uploads\/2026\/01\/8-2-80x60.jpg 80w, https:\/\/www.lab.eus\/wp-content\/uploads\/2026\/01\/8-2-150x113.jpg 150w, https:\/\/www.lab.eus\/wp-content\/uploads\/2026\/01\/8-2-696x522.jpg 696w, https:\/\/www.lab.eus\/wp-content\/uploads\/2026\/01\/8-2-1068x801.jpg 1068w, https:\/\/www.lab.eus\/wp-content\/uploads\/2026\/01\/8-2.jpg 1280w\" sizes=\"auto, (max-width: 1024px) 100vw, 1024px\" \/><figcaption class=\"wp-element-caption\">Baztan-Bidasoa<\/figcaption><\/figure>\n\n\n\n<figure class=\"wp-block-image size-large\"><img loading=\"lazy\" decoding=\"async\" width=\"1024\" height=\"768\" data-id=\"87353\" src=\"https:\/\/www.lab.eus\/wp-content\/uploads\/2026\/01\/9-1-1024x768.jpg\" alt=\"\" class=\"wp-image-87353\" srcset=\"https:\/\/www.lab.eus\/wp-content\/uploads\/2026\/01\/9-1-1024x768.jpg 1024w, https:\/\/www.lab.eus\/wp-content\/uploads\/2026\/01\/9-1-300x225.jpg 300w, https:\/\/www.lab.eus\/wp-content\/uploads\/2026\/01\/9-1-768x576.jpg 768w, https:\/\/www.lab.eus\/wp-content\/uploads\/2026\/01\/9-1-1536x1152.jpg 1536w, https:\/\/www.lab.eus\/wp-content\/uploads\/2026\/01\/9-1-560x420.jpg 560w, https:\/\/www.lab.eus\/wp-content\/uploads\/2026\/01\/9-1-80x60.jpg 80w, https:\/\/www.lab.eus\/wp-content\/uploads\/2026\/01\/9-1-150x113.jpg 150w, https:\/\/www.lab.eus\/wp-content\/uploads\/2026\/01\/9-1-696x522.jpg 696w, https:\/\/www.lab.eus\/wp-content\/uploads\/2026\/01\/9-1-1068x801.jpg 1068w, https:\/\/www.lab.eus\/wp-content\/uploads\/2026\/01\/9-1-1920x1440.jpg 1920w, https:\/\/www.lab.eus\/wp-content\/uploads\/2026\/01\/9-1.jpg 2048w\" sizes=\"auto, (max-width: 1024px) 100vw, 1024px\" \/><figcaption class=\"wp-element-caption\">Eskumaldea<\/figcaption><\/figure>\n\n\n\n<figure class=\"wp-block-image size-large\"><img loading=\"lazy\" decoding=\"async\" width=\"1024\" height=\"771\" data-id=\"87343\" src=\"https:\/\/www.lab.eus\/wp-content\/uploads\/2026\/01\/10-1-1024x771.jpg\" alt=\"\" class=\"wp-image-87343\" srcset=\"https:\/\/www.lab.eus\/wp-content\/uploads\/2026\/01\/10-1-1024x771.jpg 1024w, https:\/\/www.lab.eus\/wp-content\/uploads\/2026\/01\/10-1-300x226.jpg 300w, https:\/\/www.lab.eus\/wp-content\/uploads\/2026\/01\/10-1-768x578.jpg 768w, https:\/\/www.lab.eus\/wp-content\/uploads\/2026\/01\/10-1-558x420.jpg 558w, https:\/\/www.lab.eus\/wp-content\/uploads\/2026\/01\/10-1-80x60.jpg 80w, https:\/\/www.lab.eus\/wp-content\/uploads\/2026\/01\/10-1-150x113.jpg 150w, https:\/\/www.lab.eus\/wp-content\/uploads\/2026\/01\/10-1-696x524.jpg 696w, https:\/\/www.lab.eus\/wp-content\/uploads\/2026\/01\/10-1-1068x804.jpg 1068w, https:\/\/www.lab.eus\/wp-content\/uploads\/2026\/01\/10-1.jpg 1280w\" sizes=\"auto, (max-width: 1024px) 100vw, 1024px\" \/><figcaption class=\"wp-element-caption\">Urola-Kosta<\/figcaption><\/figure>\n\n\n\n<figure class=\"wp-block-image size-large\"><img loading=\"lazy\" decoding=\"async\" width=\"1024\" height=\"594\" data-id=\"87346\" src=\"https:\/\/www.lab.eus\/wp-content\/uploads\/2026\/01\/11-1-1024x594.jpg\" alt=\"\" class=\"wp-image-87346\" srcset=\"https:\/\/www.lab.eus\/wp-content\/uploads\/2026\/01\/11-1-1024x594.jpg 1024w, https:\/\/www.lab.eus\/wp-content\/uploads\/2026\/01\/11-1-300x174.jpg 300w, https:\/\/www.lab.eus\/wp-content\/uploads\/2026\/01\/11-1-768x445.jpg 768w, https:\/\/www.lab.eus\/wp-content\/uploads\/2026\/01\/11-1-725x420.jpg 725w, https:\/\/www.lab.eus\/wp-content\/uploads\/2026\/01\/11-1-150x87.jpg 150w, https:\/\/www.lab.eus\/wp-content\/uploads\/2026\/01\/11-1-696x403.jpg 696w, https:\/\/www.lab.eus\/wp-content\/uploads\/2026\/01\/11-1-1068x619.jpg 1068w, https:\/\/www.lab.eus\/wp-content\/uploads\/2026\/01\/11-1.jpg 1280w\" sizes=\"auto, (max-width: 1024px) 100vw, 1024px\" \/><figcaption class=\"wp-element-caption\">Debaldea<\/figcaption><\/figure>\n\n\n\n<figure class=\"wp-block-image size-large\"><img loading=\"lazy\" decoding=\"async\" width=\"1024\" height=\"425\" data-id=\"87331\" src=\"https:\/\/www.lab.eus\/wp-content\/uploads\/2026\/01\/12-1-1024x425.jpg\" alt=\"\" class=\"wp-image-87331\" srcset=\"https:\/\/www.lab.eus\/wp-content\/uploads\/2026\/01\/12-1-1024x425.jpg 1024w, https:\/\/www.lab.eus\/wp-content\/uploads\/2026\/01\/12-1-300x124.jpg 300w, https:\/\/www.lab.eus\/wp-content\/uploads\/2026\/01\/12-1-768x319.jpg 768w, https:\/\/www.lab.eus\/wp-content\/uploads\/2026\/01\/12-1-1012x420.jpg 1012w, https:\/\/www.lab.eus\/wp-content\/uploads\/2026\/01\/12-1-150x62.jpg 150w, https:\/\/www.lab.eus\/wp-content\/uploads\/2026\/01\/12-1-696x289.jpg 696w, https:\/\/www.lab.eus\/wp-content\/uploads\/2026\/01\/12-1-1068x443.jpg 1068w, https:\/\/www.lab.eus\/wp-content\/uploads\/2026\/01\/12-1.jpg 1280w\" sizes=\"auto, (max-width: 1024px) 100vw, 1024px\" \/><figcaption class=\"wp-element-caption\">Aiaraldea<\/figcaption><\/figure>\n\n\n\n<figure class=\"wp-block-image size-large\"><img loading=\"lazy\" decoding=\"async\" width=\"1024\" height=\"768\" data-id=\"87356\" src=\"https:\/\/www.lab.eus\/wp-content\/uploads\/2026\/01\/13-1-1024x768.jpg\" alt=\"\" class=\"wp-image-87356\" srcset=\"https:\/\/www.lab.eus\/wp-content\/uploads\/2026\/01\/13-1-1024x768.jpg 1024w, https:\/\/www.lab.eus\/wp-content\/uploads\/2026\/01\/13-1-300x225.jpg 300w, https:\/\/www.lab.eus\/wp-content\/uploads\/2026\/01\/13-1-768x576.jpg 768w, https:\/\/www.lab.eus\/wp-content\/uploads\/2026\/01\/13-1-560x420.jpg 560w, https:\/\/www.lab.eus\/wp-content\/uploads\/2026\/01\/13-1-80x60.jpg 80w, https:\/\/www.lab.eus\/wp-content\/uploads\/2026\/01\/13-1-150x113.jpg 150w, https:\/\/www.lab.eus\/wp-content\/uploads\/2026\/01\/13-1-696x522.jpg 696w, https:\/\/www.lab.eus\/wp-content\/uploads\/2026\/01\/13-1-1068x801.jpg 1068w, https:\/\/www.lab.eus\/wp-content\/uploads\/2026\/01\/13-1.jpg 1280w\" sizes=\"auto, (max-width: 1024px) 100vw, 1024px\" \/><figcaption class=\"wp-element-caption\">Lizarraldea<\/figcaption><\/figure>\n\n\n\n<figure class=\"wp-block-image size-large\"><img loading=\"lazy\" decoding=\"async\" width=\"1024\" height=\"767\" data-id=\"87351\" src=\"https:\/\/www.lab.eus\/wp-content\/uploads\/2026\/01\/14-1-1024x767.jpg\" alt=\"\" class=\"wp-image-87351\" srcset=\"https:\/\/www.lab.eus\/wp-content\/uploads\/2026\/01\/14-1-1024x767.jpg 1024w, https:\/\/www.lab.eus\/wp-content\/uploads\/2026\/01\/14-1-300x225.jpg 300w, https:\/\/www.lab.eus\/wp-content\/uploads\/2026\/01\/14-1-768x575.jpg 768w, https:\/\/www.lab.eus\/wp-content\/uploads\/2026\/01\/14-1-1536x1150.jpg 1536w, https:\/\/www.lab.eus\/wp-content\/uploads\/2026\/01\/14-1-2048x1534.jpg 2048w, https:\/\/www.lab.eus\/wp-content\/uploads\/2026\/01\/14-1-561x420.jpg 561w, https:\/\/www.lab.eus\/wp-content\/uploads\/2026\/01\/14-1-80x60.jpg 80w, https:\/\/www.lab.eus\/wp-content\/uploads\/2026\/01\/14-1-150x112.jpg 150w, https:\/\/www.lab.eus\/wp-content\/uploads\/2026\/01\/14-1-696x521.jpg 696w, https:\/\/www.lab.eus\/wp-content\/uploads\/2026\/01\/14-1-1068x800.jpg 1068w, https:\/\/www.lab.eus\/wp-content\/uploads\/2026\/01\/14-1-1920x1438.jpg 1920w\" sizes=\"auto, (max-width: 1024px) 100vw, 1024px\" \/><figcaption class=\"wp-element-caption\">Mendialdea<\/figcaption><\/figure>\n\n\n\n<figure class=\"wp-block-image size-large\"><img loading=\"lazy\" decoding=\"async\" width=\"1024\" height=\"768\" data-id=\"87348\" src=\"https:\/\/www.lab.eus\/wp-content\/uploads\/2026\/01\/15-1024x768.jpg\" alt=\"\" class=\"wp-image-87348\" srcset=\"https:\/\/www.lab.eus\/wp-content\/uploads\/2026\/01\/15-1024x768.jpg 1024w, https:\/\/www.lab.eus\/wp-content\/uploads\/2026\/01\/15-300x225.jpg 300w, https:\/\/www.lab.eus\/wp-content\/uploads\/2026\/01\/15-768x576.jpg 768w, https:\/\/www.lab.eus\/wp-content\/uploads\/2026\/01\/15-560x420.jpg 560w, https:\/\/www.lab.eus\/wp-content\/uploads\/2026\/01\/15-80x60.jpg 80w, https:\/\/www.lab.eus\/wp-content\/uploads\/2026\/01\/15-150x113.jpg 150w, https:\/\/www.lab.eus\/wp-content\/uploads\/2026\/01\/15-696x522.jpg 696w, https:\/\/www.lab.eus\/wp-content\/uploads\/2026\/01\/15-1068x801.jpg 1068w, https:\/\/www.lab.eus\/wp-content\/uploads\/2026\/01\/15.jpg 1280w\" sizes=\"auto, (max-width: 1024px) 100vw, 1024px\" \/><figcaption class=\"wp-element-caption\">Ezkerraldea<\/figcaption><\/figure>\n\n\n\n<figure class=\"wp-block-image size-large\"><img loading=\"lazy\" decoding=\"async\" width=\"1024\" height=\"576\" data-id=\"87355\" src=\"https:\/\/www.lab.eus\/wp-content\/uploads\/2026\/01\/16-1024x576.jpg\" alt=\"\" class=\"wp-image-87355\" srcset=\"https:\/\/www.lab.eus\/wp-content\/uploads\/2026\/01\/16-1024x576.jpg 1024w, https:\/\/www.lab.eus\/wp-content\/uploads\/2026\/01\/16-300x169.jpg 300w, https:\/\/www.lab.eus\/wp-content\/uploads\/2026\/01\/16-768x432.jpg 768w, https:\/\/www.lab.eus\/wp-content\/uploads\/2026\/01\/16-1536x864.jpg 1536w, https:\/\/www.lab.eus\/wp-content\/uploads\/2026\/01\/16-2048x1152.jpg 2048w, https:\/\/www.lab.eus\/wp-content\/uploads\/2026\/01\/16-747x420.jpg 747w, https:\/\/www.lab.eus\/wp-content\/uploads\/2026\/01\/16-150x84.jpg 150w, https:\/\/www.lab.eus\/wp-content\/uploads\/2026\/01\/16-696x392.jpg 696w, https:\/\/www.lab.eus\/wp-content\/uploads\/2026\/01\/16-1068x601.jpg 1068w, https:\/\/www.lab.eus\/wp-content\/uploads\/2026\/01\/16-1920x1080.jpg 1920w\" sizes=\"auto, (max-width: 1024px) 100vw, 1024px\" \/><figcaption class=\"wp-element-caption\">Erribera<\/figcaption><\/figure>\n<\/figure>\n","protected":false},"excerpt":{"rendered":"<p>Estos \u00faltimos d\u00edas, LAB ha celebrado asambleas comarcales que han reunido a cientos de delegadas y delegadas para preparar la huelga general del 17 de marzo.<\/p>\n","protected":false},"author":1191,"featured_media":87287,"comment_status":"closed","ping_status":"closed","sticky":false,"template":"","format":"standard","meta":{"_monsterinsights_skip_tracking":false,"_monsterinsights_sitenote_active":false,"_monsterinsights_sitenote_note":"","_monsterinsights_sitenote_category":0,"footnotes":"","_links_to":"","_links_to_target":""},"categories":[18],"tags":[3178,5362],"class_list":{"0":"post-87330","1":"post","2":"type-post","3":"status-publish","4":"format-standard","5":"has-post-thumbnail","7":"category-es-accion-sindical","8":"tag-destacado-1","9":"tag-smi-es-3"},"_links":{"self":[{"href":"https:\/\/www.lab.eus\/es\/wp-json\/wp\/v2\/posts\/87330","targetHints":{"allow":["GET"]}}],"collection":[{"href":"https:\/\/www.lab.eus\/es\/wp-json\/wp\/v2\/posts"}],"about":[{"href":"https:\/\/www.lab.eus\/es\/wp-json\/wp\/v2\/types\/post"}],"author":[{"embeddable":true,"href":"https:\/\/www.lab.eus\/es\/wp-json\/wp\/v2\/users\/1191"}],"replies":[{"embeddable":true,"href":"https:\/\/www.lab.eus\/es\/wp-json\/wp\/v2\/comments?post=87330"}],"version-history":[{"count":2,"href":"https:\/\/www.lab.eus\/es\/wp-json\/wp\/v2\/posts\/87330\/revisions"}],"predecessor-version":[{"id":87376,"href":"https:\/\/www.lab.eus\/es\/wp-json\/wp\/v2\/posts\/87330\/revisions\/87376"}],"wp:featuredmedia":[{"embeddable":true,"href":"https:\/\/www.lab.eus\/es\/wp-json\/wp\/v2\/media\/87287"}],"wp:attachment":[{"href":"https:\/\/www.lab.eus\/es\/wp-json\/wp\/v2\/media?parent=87330"}],"wp:term":[{"taxonomy":"category","embeddable":true,"href":"https:\/\/www.lab.eus\/es\/wp-json\/wp\/v2\/categories?post=87330"},{"taxonomy":"post_tag","embeddable":true,"href":"https:\/\/www.lab.eus\/es\/wp-json\/wp\/v2\/tags?post=87330"}],"curies":[{"name":"wp","href":"https:\/\/api.w.org\/{rel}","templated":true}]}}