{"id":87280,"date":"2026-01-23T09:59:09","date_gmt":"2026-01-23T09:59:09","guid":{"rendered":"https:\/\/www.lab.eus\/?p=87280"},"modified":"2026-01-23T09:59:12","modified_gmt":"2026-01-23T09:59:12","slug":"constituida-la-mesa-para-la-renovacion-del-convenio-vitivinicola-de-araba","status":"publish","type":"post","link":"https:\/\/www.lab.eus\/es\/constituida-la-mesa-para-la-renovacion-del-convenio-vitivinicola-de-araba\/","title":{"rendered":"Constituida la mesa para la renovaci\u00f3n del convenio vitivin\u00edcola de Araba"},"content":{"rendered":"\n<p><strong>Hoy, 23 de enero, se ha puesto en marcha una nueva negociaci\u00f3n en el sector, donde LAB es mayor\u00eda.<\/strong><\/p>\n\n\n\n<p>En esta reuni\u00f3n se ha recogido un incremento del 2% en relaci\u00f3n a la cl\u00e1usula de revisi\u00f3n del IPC que recog\u00eda el anterior convenio. Desde que LAB tiene mayor\u00eda, en el convenio de 2021, los salarios se han incrementado en torno al 20% en los dos \u00faltimos convenios. Al mismo tiempo, la negociaci\u00f3n de mercadeo ha terminado, y no se ha perdido ni un solo derecho. En algunas categor\u00edas, comparadas con el convenio de La Rioja, est\u00e1n muy igualadas o superadas. Hace 10 a\u00f1os, la diferencia entre ambos convenios era del 10% en los salarios en las categor\u00edas m\u00e1s bajas.<\/p>\n\n\n\n<p>El convenio de Vitivin\u00edcola de Araba afecta a unas 1500 personas trabajadoras. El sector en su conjunto est\u00e1 compuesto por peque\u00f1as bodegas, por lo que el convenio sectorial es de vital importancia, ya que se trata de un acuerdo de referencia tanto para grandes como para peque\u00f1as bodegas. Los sindicatos debemos ser capaces de proponer a todas estas personas trabajadoras de estas bodegas una oferta sindical eficaz, y de ofrecer marcos de lucha para mejorar sus derechos y condiciones laborales. La limitaci\u00f3n a las negociaciones empresa a empresa deja al margen a la mayor\u00eda del sector, empujando a la precariedad y perpetuando la situaci\u00f3n.<\/p>\n\n\n\n<p>LAB tiene claro que la fuerza del sector est\u00e1 en la uni\u00f3n de las y los trabajadores. Y as\u00ed, actuaremos con coherencia, responsabilidad en la mesa, con generosidad hacia el resto de sindicatos. Pero para lograr un buen acuerdo ser\u00e1 necesario el impulso y la disposici\u00f3n a la lucha de las personas trabajadoras. Nuestro reto es activar el sector<\/p>\n\n\n\n<p>En la pr\u00f3xima reuni\u00f3n presentaremos en la mesa la plataforma desarrolada por LAB y sus representantes, afiliados y afiliadas, y militantes en los \u00faltimos meses.&nbsp;<\/p>\n","protected":false},"excerpt":{"rendered":"<p>Hoy, 23 de enero, se ha puesto en marcha una nueva negociaci\u00f3n en el sector, donde LAB es mayor\u00eda. En esta reuni\u00f3n se ha recogido un incremento del 2% en relaci\u00f3n a la cl\u00e1usula de revisi\u00f3n del IPC que recog\u00eda el anterior convenio. Desde que LAB tiene mayor\u00eda, en el convenio de 2021, los salarios [&hellip;]<\/p>\n","protected":false},"author":1191,"featured_media":87278,"comment_status":"closed","ping_status":"closed","sticky":false,"template":"","format":"standard","meta":{"_monsterinsights_skip_tracking":false,"_monsterinsights_sitenote_active":false,"_monsterinsights_sitenote_note":"","_monsterinsights_sitenote_category":0,"footnotes":"","_links_to":"","_links_to_target":""},"categories":[18],"tags":[3033,3178],"class_list":{"0":"post-87280","1":"post","2":"type-post","3":"status-publish","4":"format-standard","5":"has-post-thumbnail","7":"category-es-accion-sindical","8":"tag-accion-sindical-es","9":"tag-destacado-1"},"_links":{"self":[{"href":"https:\/\/www.lab.eus\/es\/wp-json\/wp\/v2\/posts\/87280","targetHints":{"allow":["GET"]}}],"collection":[{"href":"https:\/\/www.lab.eus\/es\/wp-json\/wp\/v2\/posts"}],"about":[{"href":"https:\/\/www.lab.eus\/es\/wp-json\/wp\/v2\/types\/post"}],"author":[{"embeddable":true,"href":"https:\/\/www.lab.eus\/es\/wp-json\/wp\/v2\/users\/1191"}],"replies":[{"embeddable":true,"href":"https:\/\/www.lab.eus\/es\/wp-json\/wp\/v2\/comments?post=87280"}],"version-history":[{"count":1,"href":"https:\/\/www.lab.eus\/es\/wp-json\/wp\/v2\/posts\/87280\/revisions"}],"predecessor-version":[{"id":87281,"href":"https:\/\/www.lab.eus\/es\/wp-json\/wp\/v2\/posts\/87280\/revisions\/87281"}],"wp:featuredmedia":[{"embeddable":true,"href":"https:\/\/www.lab.eus\/es\/wp-json\/wp\/v2\/media\/87278"}],"wp:attachment":[{"href":"https:\/\/www.lab.eus\/es\/wp-json\/wp\/v2\/media?parent=87280"}],"wp:term":[{"taxonomy":"category","embeddable":true,"href":"https:\/\/www.lab.eus\/es\/wp-json\/wp\/v2\/categories?post=87280"},{"taxonomy":"post_tag","embeddable":true,"href":"https:\/\/www.lab.eus\/es\/wp-json\/wp\/v2\/tags?post=87280"}],"curies":[{"name":"wp","href":"https:\/\/api.w.org\/{rel}","templated":true}]}}