{"id":87270,"date":"2026-01-22T11:49:47","date_gmt":"2026-01-22T11:49:47","guid":{"rendered":"https:\/\/www.lab.eus\/?p=87270"},"modified":"2026-01-23T12:08:09","modified_gmt":"2026-01-23T12:08:09","slug":"3-de-marzo-lab-llama-a-cuidar-la-memoria-obrera-y-a-sostener-el-sindicalismo-sociopolitico","status":"publish","type":"post","link":"https:\/\/www.lab.eus\/es\/3-de-marzo-lab-llama-a-cuidar-la-memoria-obrera-y-a-sostener-el-sindicalismo-sociopolitico\/","title":{"rendered":"3 de marzo: LAB llama a cuidar la memoria obrera y a sostener el sindicalismo sociopol\u00edtico"},"content":{"rendered":"\n<p><strong>Con motivo del aniversario del 3 de marzo, LAB ha organizado un amplio programa cuyo eje principal ser\u00e1 el acto nacional y la movilizaci\u00f3n del propio 3 de marzo. Al igual que hace 50 a\u00f1os, el coordinador general Igor Arroyo ha subrayado que el sindicalismo sigue teniendo hoy en d\u00eda la capacidad de impulsar cambios sociales y pol\u00edticos en Euskal Herria.<\/strong><\/p>\n\n\n\n<p>Este a\u00f1o se cumple el 50\u00ba aniversario de la masacre de Gasteiz. Con motivo de la efem\u00e9ride, el sindicato LAB ha dise\u00f1ado un programa propio, que ha sido presentado hoy en el barrio de Zaramaga de Gasteiz por el coordinador Igor Arroyo, junto a varias personas que fueron testigos y v\u00edctimas de los hechos de 1976 y a miembros m\u00e1s j\u00f3venes de LAB descendientes de aquellas, escenificando as\u00ed la transmisi\u00f3n del testimonio de la lucha obrera. Con el objetivo de trabajar la memoria y renovar compromisos de cara al futuro, LAB ha organizado un completo programa en torno al 3 de marzo: adem\u00e1s de una exposici\u00f3n y varias charlas, el hito principal tendr\u00e1 lugar el propio 3 de marzo, cuando celebrar\u00e1 un acto nacional en el Palacio Europa de Gasteiz para reivindicar, como hace 50 a\u00f1os, la necesidad de la lucha sindical. Ese mismo d\u00eda, adem\u00e1s, como cada a\u00f1o, el sindicato participar\u00e1 por la tarde en la manifestaci\u00f3n que se realiza junto a otros sindicatos y la Asociaci\u00f3n M3.<\/p>\n\n\n\n<p>Arroyo ha subrayado la importancia de cuidar la memoria obrera:<\/p>\n\n\n\n<p>\u201cSe dice que la historia la escriben los vencedores. Pues bien, quienes queremos lograr la transformaci\u00f3n social y la liberaci\u00f3n nacional de nuestro pueblo tenemos un doble reto en el \u00e1mbito de la memoria y el relato. Por un lado, deconstruir la historia impuesta a sangre y fuego durante la dictadura posterior a la Guerra Civil y, despu\u00e9s, el discurso difundido a trav\u00e9s de una transici\u00f3n maquillada. Por otro, recuperar, reconstruir y poner en valor las vivencias de quienes lucharon por la dignidad de nuestro pueblo y de la clase trabajadora. Perder nuestra memoria es perder la posibilidad de imaginar por nosotras y nosotros mismos un futuro diferente, y no estamos dispuestos a renunciar a ello\u201d.<\/p>\n\n\n\n<p>En esa l\u00ednea, Arroyo ha dado a conocer un proyecto surgido a partir del 50\u00ba aniversario de LAB celebrado hace dos a\u00f1os: el Centro de Documentaci\u00f3n Zabaltzen. Ser\u00e1 una herramienta para dar a conocer a las nuevas generaciones de sindicalistas y a investigadores las luchas del pasado. Asimismo, en el acto nacional del 3 de marzo, LAB reconocer\u00e1 el trabajo de las personas que han mantenido viva la memoria de la masacre de Gasteiz. Seg\u00fan Arroyo, \u201ccon el esfuerzo constante se ha logrado el reconocimiento institucional del 3 de marzo, pero durante muchos a\u00f1os han sido militantes de LAB quienes han sostenido la reivindicaci\u00f3n de verdad, justicia y reparaci\u00f3n. Estamos orgullosas y orgullosos del trabajo realizado por nuestras y nuestros compa\u00f1eros\u201d.<\/p>\n\n\n\n<p>Por otro lado, Arroyo ha reflexionado sobre la lucha sindical de ayer y de hoy:<\/p>\n\n\n\n<p>\u201cAl igual que la clase trabajadora vasca y Euskal Herria, el sindicalismo vasco tambi\u00e9n ha cambiado notablemente en estos 50 a\u00f1os: de tener la industria como eje central a organizarse en todos los sectores; de desarrollar un sindicalismo combativo feminista y antirracista para hacer frente a las brechas que el sistema genera entre las y los trabajadores; de pasar del conflicto empleo vs. capital al conflicto vida vs. capital. Todas estas innovaciones han sido necesarias y beneficiosas. Al mismo&nbsp;tiempo, el sindicalismo vasco ha mantenido los valores de hace 50 a\u00f1os: conciencia de clase, solidaridad de clase y determinaci\u00f3n para la lucha. Y, especialmente, ha mantenido la ambici\u00f3n de superar la opresi\u00f3n nacional, social y patriarcal que sufre la clase trabajadora vasca\u201d.<\/p>\n\n\n\n<p>As\u00ed, mientras en muchos territorios de Europa el sindicalismo se ha integrado en el sistema, Arroyo ha destacado que en Euskal Herria existe un sindicalismo que quiere, puede y es capaz de impulsar cambios sociales y pol\u00edticos.<\/p>\n\n\n\n<p>\u201cEs m\u00e1s, el modelo sindical sociopol\u00edtico que LAB ha defendido en solitario durante a\u00f1os se ha vuelto hegem\u00f3nico en Hego Euskal Herria y se est\u00e1 fortaleciendo en Ipar Euskal Herria. Vivimos una crisis m\u00faltiple que atraviesa la energ\u00eda, el ecosistema, los cuidados y el modelo econ\u00f3mico. El capital ha optado por el autoritarismo a nivel mundial, pero en Euskal Herria tenemos la oportunidad y la necesidad de actuar en otra direcci\u00f3n, poniendo la vida en el centro y apostando por una transici\u00f3n ecosocial mediante el reparto de la riqueza, el empleo y los cuidados\u201d.<\/p>\n\n\n\n<p>Seg\u00fan ha destacado Arroyo, la reivindicaci\u00f3n del reparto de la riqueza estaba en el n\u00facleo de la Huelga General convocada el 3 de marzo de 1976 en Gasteiz. Y esa misma reivindicaci\u00f3n est\u00e1 tambi\u00e9n en la Huelga General convocada para el 17 de marzo en todo Hego Euskal Herria:<\/p>\n\n\n\n<p>\u201cEl 17 de marzo ser\u00e1 un hito, tanto para lograr un salario m\u00ednimo propio estrat\u00e9gico como para dar un impulso al sindicalismo transformador vasco. Daremos una respuesta a la altura a la patronal y a los partidos sist\u00e9micos que quieren desposeer a la clase trabajadora y desactivar el sindicalismo\u201d.&nbsp;<\/p>\n\n\n\n<figure class=\"wp-block-embed is-type-video is-provider-youtube wp-block-embed-youtube wp-embed-aspect-9-16 wp-has-aspect-ratio\"><div class=\"wp-block-embed__wrapper\">\n<div class=\"youtube-embed\" data-video_id=\"\"><iframe loading=\"lazy\" title=\"MARTXOAK 3: Gasteizen, ekitaldi nazionala eta mobilizazioa\" width=\"563\" height=\"1000\" src=\"https:\/\/www.youtube.com\/embed\/jlth0PPktNk?feature=oembed&#038;enablejsapi=1\" frameborder=\"0\" allow=\"accelerometer; autoplay; clipboard-write; encrypted-media; gyroscope; picture-in-picture; web-share\" referrerpolicy=\"strict-origin-when-cross-origin\" allowfullscreen><\/iframe><\/div>\n<\/div><\/figure>\n","protected":false},"excerpt":{"rendered":"<p>Con motivo del aniversario del 3 de marzo, LAB ha organizado un amplio programa cuyo eje principal ser\u00e1 el acto nacional y la movilizaci\u00f3n del propio 3 de marzo. Al igual que hace 50 a\u00f1os, el coordinador general Igor Arroyo ha subrayado que el sindicalismo sigue teniendo hoy en d\u00eda la capacidad de impulsar cambios [&hellip;]<\/p>\n","protected":false},"author":1191,"featured_media":87272,"comment_status":"closed","ping_status":"closed","sticky":false,"template":"","format":"standard","meta":{"_monsterinsights_skip_tracking":false,"_monsterinsights_sitenote_active":false,"_monsterinsights_sitenote_note":"","_monsterinsights_sitenote_category":0,"footnotes":"","_links_to":"","_links_to_target":""},"categories":[18],"tags":[3033,3279],"class_list":{"0":"post-87270","1":"post","2":"type-post","3":"status-publish","4":"format-standard","5":"has-post-thumbnail","7":"category-es-accion-sindical","8":"tag-accion-sindical-es","9":"tag-portada-es"},"_links":{"self":[{"href":"https:\/\/www.lab.eus\/es\/wp-json\/wp\/v2\/posts\/87270","targetHints":{"allow":["GET"]}}],"collection":[{"href":"https:\/\/www.lab.eus\/es\/wp-json\/wp\/v2\/posts"}],"about":[{"href":"https:\/\/www.lab.eus\/es\/wp-json\/wp\/v2\/types\/post"}],"author":[{"embeddable":true,"href":"https:\/\/www.lab.eus\/es\/wp-json\/wp\/v2\/users\/1191"}],"replies":[{"embeddable":true,"href":"https:\/\/www.lab.eus\/es\/wp-json\/wp\/v2\/comments?post=87270"}],"version-history":[{"count":2,"href":"https:\/\/www.lab.eus\/es\/wp-json\/wp\/v2\/posts\/87270\/revisions"}],"predecessor-version":[{"id":87328,"href":"https:\/\/www.lab.eus\/es\/wp-json\/wp\/v2\/posts\/87270\/revisions\/87328"}],"wp:featuredmedia":[{"embeddable":true,"href":"https:\/\/www.lab.eus\/es\/wp-json\/wp\/v2\/media\/87272"}],"wp:attachment":[{"href":"https:\/\/www.lab.eus\/es\/wp-json\/wp\/v2\/media?parent=87270"}],"wp:term":[{"taxonomy":"category","embeddable":true,"href":"https:\/\/www.lab.eus\/es\/wp-json\/wp\/v2\/categories?post=87270"},{"taxonomy":"post_tag","embeddable":true,"href":"https:\/\/www.lab.eus\/es\/wp-json\/wp\/v2\/tags?post=87270"}],"curies":[{"name":"wp","href":"https:\/\/api.w.org\/{rel}","templated":true}]}}