{"id":87266,"date":"2026-01-21T11:48:51","date_gmt":"2026-01-21T11:48:51","guid":{"rendered":"https:\/\/www.lab.eus\/?p=87266"},"modified":"2026-01-21T11:48:55","modified_gmt":"2026-01-21T11:48:55","slug":"comienzan-los-paros-en-el-sector-de-intervencion-social-de-araba","status":"publish","type":"post","link":"https:\/\/www.lab.eus\/es\/comienzan-los-paros-en-el-sector-de-intervencion-social-de-araba\/","title":{"rendered":"Comienzan los paros en el sector de intervenci\u00f3n social de Araba"},"content":{"rendered":"\n<p><strong>En el d\u00eda de hoy, 21 de enero, los sindicatos ELA, LAB, CCOO y ESK hemos convocado paros de 3 horas por turno, de 10h a 13h y de 16h a 19h, en el sector de intervenci\u00f3n social de Araba.<\/strong><\/p>\n\n\n\n<p>Hace ya 11 meses que se constituy\u00f3 la mesa negociadora del IV convenio del sector y los avances han sido muy escasos. Los 4 sindicatos con presencia en el sector acordamos tras contrastar con las personas trabajadoras reivindicar la equiparaci\u00f3n salarial y de condiciones laborales con las del sector p\u00fablico.<\/p>\n\n\n\n<p>Desde entonces, la patronal AISA no ha respondido a las reivindicaciones, haciendo un planteamiento chantajista durante toda la negociaci\u00f3n, lleno de bandazos y con voluntad de tratar solamente unas pocas cuestiones (salarios y pluses, jornada, seguridad y salud, medidas para favorecer la igualdad y no discriminaci\u00f3n de las personas LGTBI+ que son obligatorias de abordar y una modificaci\u00f3n del complemento de bajas que empeora la cobertura a las bajas largas).<\/p>\n\n\n\n<p>Los cuatro sindicatos, tras recoger las propuestas de las plantillas, hemos planteado mejoras en 28 aspectos del convenio, de los cuales 10 no tienen coste econ\u00f3mico alguno. La patronal ni siquiera ha dado respuesta en 11 meses a esas 10 materias que no tienen coste econ\u00f3mico, lo que es absolutamente inaceptable.<\/p>\n\n\n\n<p>Por ello, tras varias movilizaciones y reuniones con todos los grupos pol\u00edticos, los sindicatos hemos convocado paros y huelgas. Hoy se realiza un paro de 3 horas por turno y, si no hay avances en la reuni\u00f3n de la mesa negociadora del pr\u00f3ximo 29 de enero, el 4 y 5 de febrero se realizar\u00e1n dos jornadas de huelga completa.<\/p>\n\n\n\n<p>La jornada de paros y movilizaciones de hoy se est\u00e1 realizando bajo un acuerdo de servicios m\u00ednimos alcanzado este lunes en Gobierno Vasco, en una reuni\u00f3n promovida por los sindicatos a la que la Diputaci\u00f3n, m\u00e1xima responsable de los servicios y centros afectados por la aplicaci\u00f3n del convenio no tuvo la decencia de acudir, mostrando una irresponsabilidad flagrante y una falta de respeto total tanto a las plantillas del sector como a las personas atendidas en los servicios sociales, a las que afectan directamente las jornadas de paros y huelgas que se van a producir si no hay un acuerdo.<\/p>\n\n\n\n<p>Gorka Urtaran y su equipo, por tanto, ni facilitan el acuerdo, desde la responsabilidad p\u00fablica que tienen, ni se preocupan de las consecuencias de un conflicto cuya soluci\u00f3n pasa por sus decisiones pol\u00edticas. Que tengan claro que no vamos a parar hasta conseguir el convenio que se merecen las trabajadoras del sector.<\/p>\n\n\n\n<p>Por un sistema p\u00fablico de cuidados, \u00a1equiparaci\u00f3n ya!<\/p>\n","protected":false},"excerpt":{"rendered":"<p>En el d\u00eda de hoy, 21 de enero, los sindicatos ELA, LAB, CCOO y ESK hemos convocado paros de 3 horas por turno, de 10h a 13h y de 16h a 19h, en el sector de intervenci\u00f3n social de Araba. Hace ya 11 meses que se constituy\u00f3 la mesa negociadora del IV convenio del sector [&hellip;]<\/p>\n","protected":false},"author":1191,"featured_media":87264,"comment_status":"closed","ping_status":"closed","sticky":false,"template":"","format":"standard","meta":{"_monsterinsights_skip_tracking":false,"_monsterinsights_sitenote_active":false,"_monsterinsights_sitenote_note":"","_monsterinsights_sitenote_category":0,"footnotes":"","_links_to":"","_links_to_target":""},"categories":[18,2867,3119,6],"tags":[3033,3178,3171],"class_list":{"0":"post-87266","1":"post","2":"type-post","3":"status-publish","4":"format-standard","5":"has-post-thumbnail","7":"category-es-accion-sindical","8":"category-federaciones","9":"category-intervencion-y-accion-social","10":"category-es-servicios-publicos","11":"tag-accion-sindical-es","12":"tag-destacado-1","13":"tag-servicios-publicos-es"},"_links":{"self":[{"href":"https:\/\/www.lab.eus\/es\/wp-json\/wp\/v2\/posts\/87266","targetHints":{"allow":["GET"]}}],"collection":[{"href":"https:\/\/www.lab.eus\/es\/wp-json\/wp\/v2\/posts"}],"about":[{"href":"https:\/\/www.lab.eus\/es\/wp-json\/wp\/v2\/types\/post"}],"author":[{"embeddable":true,"href":"https:\/\/www.lab.eus\/es\/wp-json\/wp\/v2\/users\/1191"}],"replies":[{"embeddable":true,"href":"https:\/\/www.lab.eus\/es\/wp-json\/wp\/v2\/comments?post=87266"}],"version-history":[{"count":1,"href":"https:\/\/www.lab.eus\/es\/wp-json\/wp\/v2\/posts\/87266\/revisions"}],"predecessor-version":[{"id":87267,"href":"https:\/\/www.lab.eus\/es\/wp-json\/wp\/v2\/posts\/87266\/revisions\/87267"}],"wp:featuredmedia":[{"embeddable":true,"href":"https:\/\/www.lab.eus\/es\/wp-json\/wp\/v2\/media\/87264"}],"wp:attachment":[{"href":"https:\/\/www.lab.eus\/es\/wp-json\/wp\/v2\/media?parent=87266"}],"wp:term":[{"taxonomy":"category","embeddable":true,"href":"https:\/\/www.lab.eus\/es\/wp-json\/wp\/v2\/categories?post=87266"},{"taxonomy":"post_tag","embeddable":true,"href":"https:\/\/www.lab.eus\/es\/wp-json\/wp\/v2\/tags?post=87266"}],"curies":[{"name":"wp","href":"https:\/\/api.w.org\/{rel}","templated":true}]}}