{"id":87259,"date":"2026-01-21T10:06:43","date_gmt":"2026-01-21T10:06:43","guid":{"rendered":"https:\/\/www.lab.eus\/?p=87259"},"modified":"2026-01-21T10:06:46","modified_gmt":"2026-01-21T10:06:46","slug":"el-comite-de-empresa-de-maderas-de-llodio-denuncia-el-cierre-unilateral-de-la-negociacion-por-parte-de-la-direccion","status":"publish","type":"post","link":"https:\/\/www.lab.eus\/es\/el-comite-de-empresa-de-maderas-de-llodio-denuncia-el-cierre-unilateral-de-la-negociacion-por-parte-de-la-direccion\/","title":{"rendered":"El Comit\u00e9 de Empresa de Maderas de Llodio denuncia el cierre unilateral de la negociaci\u00f3n por parte de la direcci\u00f3n"},"content":{"rendered":"\n<p><strong>El Comit\u00e9 de Empresa de Maderas de Llodio denuncia que la direcci\u00f3n ha cerrado de forma unilateral la posibilidad de negociar y de alcanzar una soluci\u00f3n al conflicto abierto en Maderas de Llodio.<\/strong><\/p>\n\n\n\n<p>Resulta especialmente grave que, ante la situaci\u00f3n que la propia empresa reconoce, la \u00fanica propuesta que se ponga sobre la mesa sea una mayor destrucci\u00f3n de empleo y la negativa expresa a continuar con la negociaci\u00f3n. Este enfoque no solo es inaceptable, sino que agrava un conflicto laboral que ya es serio y complejo.<\/p>\n\n\n\n<p>El Comit\u00e9 considera igualmente inadmisible que la empresa d\u00e9 por cerradas las propuestas planteadas con anterioridad y rechace sin m\u00e1s la \u00faltima propuesta presentada por la parte social en diciembre, una propuesta consensuada y ratificada mayoritariamente por la plantilla, que ofrec\u00eda una salida real al conflicto existente. Esta actitud evidencia una absoluta falta de voluntad negociadora y vac\u00eda de contenido cualquier referencia a una negociaci\u00f3n real y de buena fe.<\/p>\n\n\n\n<p>Tal y como ya se traslad\u00f3 a la empresa, la \u00fanica v\u00eda posible para resolver el conflicto pasa por la negociaci\u00f3n y por la consecuci\u00f3n de un acuerdo. El recurso al juicio no va a solucionar la situaci\u00f3n en Maderas de Llodio, y el cierre unilateral de la negociaci\u00f3n solo provocar\u00e1 un agravamiento del conflicto, algo dif\u00edcilmente comprensible en el contexto actual de la empresa.<\/p>\n\n\n\n<p>Por otro lado, plantear una eventual reactivaci\u00f3n futura de la actividad sin compromisos concretos, plazos ni garant\u00edas supone trasladar toda la incertidumbre a la plantilla y eludir nuevamente las responsabilidades empresariales.<\/p>\n\n\n\n<p>El Comit\u00e9 de Empresa insiste en que la plantilla, de forma conjunta y mayoritaria, ratific\u00f3 una propuesta que permit\u00eda dar salida al conflicto y avanzar hacia un escenario de estabilidad. La empresa conoce desde el inicio cu\u00e1l es la v\u00eda para resolver esta situaci\u00f3n; esa v\u00eda no ha cambiado y sigue estando en sus manos.<\/p>\n\n\n\n<p>Por todo ello, el Comit\u00e9 de Empresa de Maderas de Llodio exige a la direcci\u00f3n que rectifique su postura, retome la negociaci\u00f3n con seriedad y responsabilidad y presente una propuesta en los t\u00e9rminos que se ven\u00edan negociando.<\/p>\n\n\n\n<p><strong>La pelota est\u00e1 en vuestro tejado.<\/strong><\/p>\n\n\n\n<p><strong>GARNICA, SOLUCI\u00d3N YA!<\/strong><\/p>\n\n\n\n<p><strong>Comit\u00e9 de Empresa de Maderas de Llodio<\/strong><\/p>\n","protected":false},"excerpt":{"rendered":"<p>El Comit\u00e9 de Empresa de Maderas de Llodio denuncia que la direcci\u00f3n ha cerrado de forma unilateral la posibilidad de negociar y de alcanzar una soluci\u00f3n al conflicto abierto en Maderas de Llodio. Resulta especialmente grave que, ante la situaci\u00f3n que la propia empresa reconoce, la \u00fanica propuesta que se ponga sobre la mesa sea [&hellip;]<\/p>\n","protected":false},"author":1191,"featured_media":83235,"comment_status":"closed","ping_status":"closed","sticky":false,"template":"","format":"standard","meta":{"_monsterinsights_skip_tracking":false,"_monsterinsights_sitenote_active":false,"_monsterinsights_sitenote_note":"","_monsterinsights_sitenote_category":0,"footnotes":"","_links_to":"","_links_to_target":""},"categories":[18,90,2868],"tags":[3033,3178,2996],"class_list":{"0":"post-87259","1":"post","2":"type-post","3":"status-publish","4":"format-standard","5":"has-post-thumbnail","7":"category-es-accion-sindical","8":"category-es-industia-de-la-madera","9":"category-industria-es","10":"tag-accion-sindical-es","11":"tag-destacado-1","12":"tag-industria-es"},"_links":{"self":[{"href":"https:\/\/www.lab.eus\/es\/wp-json\/wp\/v2\/posts\/87259","targetHints":{"allow":["GET"]}}],"collection":[{"href":"https:\/\/www.lab.eus\/es\/wp-json\/wp\/v2\/posts"}],"about":[{"href":"https:\/\/www.lab.eus\/es\/wp-json\/wp\/v2\/types\/post"}],"author":[{"embeddable":true,"href":"https:\/\/www.lab.eus\/es\/wp-json\/wp\/v2\/users\/1191"}],"replies":[{"embeddable":true,"href":"https:\/\/www.lab.eus\/es\/wp-json\/wp\/v2\/comments?post=87259"}],"version-history":[{"count":1,"href":"https:\/\/www.lab.eus\/es\/wp-json\/wp\/v2\/posts\/87259\/revisions"}],"predecessor-version":[{"id":87260,"href":"https:\/\/www.lab.eus\/es\/wp-json\/wp\/v2\/posts\/87259\/revisions\/87260"}],"wp:featuredmedia":[{"embeddable":true,"href":"https:\/\/www.lab.eus\/es\/wp-json\/wp\/v2\/media\/83235"}],"wp:attachment":[{"href":"https:\/\/www.lab.eus\/es\/wp-json\/wp\/v2\/media?parent=87259"}],"wp:term":[{"taxonomy":"category","embeddable":true,"href":"https:\/\/www.lab.eus\/es\/wp-json\/wp\/v2\/categories?post=87259"},{"taxonomy":"post_tag","embeddable":true,"href":"https:\/\/www.lab.eus\/es\/wp-json\/wp\/v2\/tags?post=87259"}],"curies":[{"name":"wp","href":"https:\/\/api.w.org\/{rel}","templated":true}]}}