{"id":86828,"date":"2025-12-17T11:14:07","date_gmt":"2025-12-17T11:14:07","guid":{"rendered":"https:\/\/www.lab.eus\/?p=86828"},"modified":"2025-12-17T11:14:10","modified_gmt":"2025-12-17T11:14:10","slug":"los-sindicatos-denuncian-el-bloqueo-patronal-al-primer-convenio-de-jardineria-del-ayuntamiento-de-pamplona","status":"publish","type":"post","link":"https:\/\/www.lab.eus\/es\/los-sindicatos-denuncian-el-bloqueo-patronal-al-primer-convenio-de-jardineria-del-ayuntamiento-de-pamplona\/","title":{"rendered":"Los sindicatos denuncian el bloqueo patronal al primer convenio de jardiner\u00eda del Ayuntamiento de Pamplona"},"content":{"rendered":"\n<p><strong>Los sindicatos LAB, UGT, CCOO, ELA y Solidari, con el respaldo de la asamblea GORA LOREZAINAK \u2014integrada por trabajadores y trabajadoras de jardiner\u00eda de las empresas OHLA Ingesan, Eulen y Tasubinsa, subcontratadas por el Ayuntamiento de Pamplona\u2014 han comparecido hoy en rueda de prensa para denunciar el bloqueo de la patronal a la creaci\u00f3n del primer convenio colectivo de jardiner\u00eda del \u00e1mbito municipal y anunciar la convocatoria de movilizaciones.<\/strong><\/p>\n\n\n\n<p>Hace m\u00e1s de un a\u00f1o, las plantillas de estas empresas comenzaron a organizarse con el objetivo de mejorar sus condiciones laborales, actualmente reguladas por el Convenio Estatal de Jardiner\u00eda, un convenio negociado en Madrid y que consideran insuficiente para la realidad econ\u00f3mica y social de Pamplona.<\/p>\n\n\n\n<p>A finales del mes de agosto, la asamblea traslad\u00f3 a los distintos sindicatos la necesidad de impulsar la negociaci\u00f3n de un convenio propio. A partir de ese momento, las organizaciones sindicales solicitaron reuniones tanto con el Ayuntamiento de Pamplona como con las empresas subcontratadas, con el objetivo de trasladar la propuesta de negociar un convenio que permitiera equiparar las condiciones laborales con las del personal contratado directamente por el Ayuntamiento.<\/p>\n\n\n\n<p>El Ayuntamiento de Pamplona, como licitador del pliego de contrataci\u00f3n y parte relevante en el proceso, comunic\u00f3 que no ve\u00eda de forma negativa esta iniciativa, si bien se\u00f1al\u00f3 que la apertura del \u00e1mbito de negociaci\u00f3n deb\u00eda realizarse directamente con las empresas.<\/p>\n\n\n\n<p>Sin embargo, las empresas OHLA Ingesan y Eulen, tras cinco reuniones celebradas, contin\u00faan bloqueando la apertura del \u00e1mbito de negociaci\u00f3n. Seg\u00fan denuncian los sindicatos, las compa\u00f1\u00edas \u201csiguen sin tener en cuenta el problema, nos proponen soluciones insuficientes y adem\u00e1s intentar dividir a la plantilla\u201d. La empresa Tasubinsa no ha acudido a ninguna de las reuniones convocadas.<\/p>\n\n\n\n<p>Ante esta situaci\u00f3n, los sindicatos presentes han denunciado \u201cla actitud de las empresas y su falta de voluntad para mejorar las condiciones laborales con garant\u00edas tanto para las personas trabajadoras actuales como para las futuras contrataciones\u201d.<\/p>\n\n\n\n<p>Las organizaciones sindicales apuestan por la creaci\u00f3n del primer convenio de jardiner\u00eda para las empresas subcontratadas por el Ayuntamiento de Pamplona, con garant\u00edas y condiciones laborales iguales para todas las plantillas. \u201cNo nos vamos a quedar mirando mientras hacen o\u00eddos sordos a nuestras peticiones. Estamos pidiendo lo que nos merecemos: unas condiciones dignas, que se negocien aqu\u00ed y no en Madrid. Porque si aqu\u00ed trabajamos, aqu\u00ed decidimos\u201d, han declarado.<\/p>\n\n\n\n<p><strong>Convocatoria de movilizaciones<\/strong><\/p>\n\n\n\n<p>Ante la urgencia de la situaci\u00f3n y la falta de avances en las negociaciones, los sindicatos han decidido convocar las primeras movilizaciones. La primera concentraci\u00f3n ser\u00e1 el 18 de diciembre a las 15:00 frente a OHLA (Pol\u00edgono Landaben); la segunda, el 22 de diciembre a las 15:30 frente a Eulen (Pol\u00edgono Mutilva); y la tercera, el 23 de diciembre a las 15:15 frente a Tasubinsa (Pol\u00edgono Arazuri-Orkoien). Durante el periodo navide\u00f1o continuar\u00e1n con acciones y no descartan convocar huelga a partir del 8 de enero, una vez finalizado el periodo vacacional.<\/p>\n\n\n\n<p><strong>LAB, UGT, CCOO, ELA y Solidari<\/strong><\/p>\n","protected":false},"excerpt":{"rendered":"<p>Los sindicatos LAB, UGT, CCOO, ELA y Solidari, con el respaldo de la asamblea GORA LOREZAINAK \u2014integrada por trabajadores y trabajadoras de jardiner\u00eda de las empresas OHLA Ingesan, Eulen y Tasubinsa, subcontratadas por el Ayuntamiento de Pamplona\u2014 han comparecido hoy en rueda de prensa para denunciar el bloqueo de la patronal a la creaci\u00f3n del [&hellip;]<\/p>\n","protected":false},"author":1191,"featured_media":86826,"comment_status":"closed","ping_status":"closed","sticky":false,"template":"","format":"standard","meta":{"_monsterinsights_skip_tracking":false,"_monsterinsights_sitenote_active":false,"_monsterinsights_sitenote_note":"","_monsterinsights_sitenote_category":0,"footnotes":"","_links_to":"","_links_to_target":""},"categories":[18],"tags":[3033,3178],"class_list":{"0":"post-86828","1":"post","2":"type-post","3":"status-publish","4":"format-standard","5":"has-post-thumbnail","7":"category-es-accion-sindical","8":"tag-accion-sindical-es","9":"tag-destacado-1"},"_links":{"self":[{"href":"https:\/\/www.lab.eus\/es\/wp-json\/wp\/v2\/posts\/86828","targetHints":{"allow":["GET"]}}],"collection":[{"href":"https:\/\/www.lab.eus\/es\/wp-json\/wp\/v2\/posts"}],"about":[{"href":"https:\/\/www.lab.eus\/es\/wp-json\/wp\/v2\/types\/post"}],"author":[{"embeddable":true,"href":"https:\/\/www.lab.eus\/es\/wp-json\/wp\/v2\/users\/1191"}],"replies":[{"embeddable":true,"href":"https:\/\/www.lab.eus\/es\/wp-json\/wp\/v2\/comments?post=86828"}],"version-history":[{"count":1,"href":"https:\/\/www.lab.eus\/es\/wp-json\/wp\/v2\/posts\/86828\/revisions"}],"predecessor-version":[{"id":86829,"href":"https:\/\/www.lab.eus\/es\/wp-json\/wp\/v2\/posts\/86828\/revisions\/86829"}],"wp:featuredmedia":[{"embeddable":true,"href":"https:\/\/www.lab.eus\/es\/wp-json\/wp\/v2\/media\/86826"}],"wp:attachment":[{"href":"https:\/\/www.lab.eus\/es\/wp-json\/wp\/v2\/media?parent=86828"}],"wp:term":[{"taxonomy":"category","embeddable":true,"href":"https:\/\/www.lab.eus\/es\/wp-json\/wp\/v2\/categories?post=86828"},{"taxonomy":"post_tag","embeddable":true,"href":"https:\/\/www.lab.eus\/es\/wp-json\/wp\/v2\/tags?post=86828"}],"curies":[{"name":"wp","href":"https:\/\/api.w.org\/{rel}","templated":true}]}}