{"id":86819,"date":"2025-12-17T11:30:15","date_gmt":"2025-12-17T11:30:15","guid":{"rendered":"https:\/\/www.lab.eus\/?p=86819"},"modified":"2025-12-18T08:10:04","modified_gmt":"2025-12-18T08:10:04","slug":"lab-exige-en-gasteiz-garantias-legales-para-poder-trabajar-y-vivir-en-euskera-en-los-servicios-publicos","status":"publish","type":"post","link":"https:\/\/www.lab.eus\/es\/lab-exige-en-gasteiz-garantias-legales-para-poder-trabajar-y-vivir-en-euskera-en-los-servicios-publicos\/","title":{"rendered":"LAB exige en Gasteiz garant\u00edas legales para poder trabajar y vivir en euskera en los servicios p\u00fablicos"},"content":{"rendered":"\n<p><strong>Ante los partidos y sindicatos euskar\u00e1fobos, es hora de defender con firmeza el derecho a trabajar y recibir atenci\u00f3n en euskera. Por ello, LAB reivindica que el euskera tenga en la administraci\u00f3n p\u00fablica los mismos derechos que el castellano. Asimismo, ha pedido al PNV que tenga valent\u00eda y apoye la propuesta de EH Bildu de modificar la Ley de Empleo P\u00fablico.<\/strong><\/p>\n\n\n\n<p>LAB se ha movilizado hoy en Gasteiz para denunciar la ofensiva judicial contra el euskera que se est\u00e1 dando en los \u00faltimos a\u00f1os en Araba, Bizkaia y Gipuzkoa, donde el euskera es oficial, y exigir las garant\u00edas legales que el euskera necesita como lengua de atenci\u00f3n y de trabajo en los servicios p\u00fablicos. La manifestaci\u00f3n, celebrada junto a ELA y Steilas bajo el lema \u201cEuskaraz lan egiteko eta bizitzeko eskubidea bermatu. Euskararik gabe, kalitatezko zerbitzu publikorik ez\u201d, ha finalizado en el Parlamento Vasco.&nbsp;<\/p>\n\n\n\n<p>En los servicios p\u00fablicos (sanidad, educaci\u00f3n, cuidados, justicia, transporte, relaciones con la administraci\u00f3n\u2026) no est\u00e1 garantizado el derecho a recibir atenci\u00f3n en euskera. Adem\u00e1s, la estrategia de mantener al euskera en segundo plano y excluirlo del \u00e1mbito p\u00fablico es evidente entre las fuerzas reaccionarias, estrategia a la que se han sumado el PNV y el PSE, que gobiernan varias administraciones. Estas fuerzas reaccionarias tienen como instrumento imprescindible el \u00e1mbito jur\u00eddico, ya que obstaculizan la euskaldunizaci\u00f3n a trav\u00e9s de sentencias euskar\u00f3fobas e incomprensibles.<\/p>\n\n\n\n<p>Hace dos semanas, LAB denunci\u00f3 que el TSJPV ha llevado al Tribunal Constitucional la obligaci\u00f3n de que todos los puestos de trabajo p\u00fablicos tengan perfil ling\u00fc\u00edstico. La sentencia que la semana pasada rechazaba el uso del euskera en las subcontratas de los servicios p\u00fablicos es un salto, porque el ataque se ha extendido desde el \u00e1mbito de la administraci\u00f3n a las empresas privadas. El sindicato CCOO, que ha impulsado esta sentencia, est\u00e1 alimentando una falsa dicotom\u00eda entre los derechos ling\u00fc\u00edsticos y los laborales. El camino es impulsar m\u00e1s el euskera; el euskera debe ser un puente para la cohesi\u00f3n social; hay que ofrecer oportunidades para aprender euskera a todas y todos los trabajadores, y no al rev\u00e9s.<\/p>\n\n\n\n<p>CCOO, junto con UGT, est\u00e1 alimentando a los jueces euskarafobos. \u00bfC\u00f3mo se podr\u00eda entender que ese mismo sindicato, que se sit\u00faa a s\u00ed mismo en las ant\u00edpodas del PP-Vox, se sume a la estrategia que impulsan PP y Vox para eliminar el euskera de la administraci\u00f3n p\u00fablica? Y es que PP-VOX y los jueces euskar\u00f3fobos a su servicio buscan llevar al euskera a sus tiempos m\u00e1s oscuros, quieren llevarlo a los tiempos del franquismo, sac\u00e1ndolo del \u00e1mbito p\u00fablico, paso a paso.<\/p>\n\n\n\n<p>LAB s\u00f3lo quiere para el euskera los mismos derechos que tiene el castellano en las administraciones p\u00fablicas de Hego Euskal Herria. En el camino para conseguirlo en Araba, Bizkaia y Gipuzkoa, propone lo siguiente:<\/p>\n\n\n\n<ul class=\"wp-block-list\">\n<li>Denunciar las sentencias contra el euskera.&nbsp;<\/li>\n\n\n\n<li>Equiparar el requisito de conocimiento de euskera y castellano en la administraci\u00f3n p\u00fablica.&nbsp;<\/li>\n\n\n\n<li>Acordar planes para euskaldunizar en su integridad las administraciones de Hego Euskal Herria, acordando recursos y plazos, garantizando el conocimiento suficiente para cada puesto de trabajo y dise\u00f1ando planes para poder trabajar en euskera.&nbsp;<\/li>\n\n\n\n<li>Garantizar el derecho de las personas usuarias a tener el euskera como lengua de servicio.<\/li>\n\n\n\n<li>Establecer mediante pliegos la obligatoriedad de que las empresas prestadoras del servicio elaboren planes de euskera que garanticen el derecho del personal a trabajar en euskera y el derecho de las personas usuarias a ser atendidas en euskera en los \u00e1mbitos privatizados-concertados. Es decir, mediante cl\u00e1usulas ling\u00fc\u00edsticas.&nbsp;<\/li>\n\n\n\n<li>Equiparar el requisito de conocimiento de euskera y castellano en la administraci\u00f3n p\u00fablica a trav\u00e9s de la modificaci\u00f3n legal.&nbsp;<\/li>\n\n\n\n<li>Que todos los puestos de trabajo tengan asignado perfil ling\u00fc\u00edstico y fecha de preceptividad.&nbsp;<\/li>\n\n\n\n<li>Fecha de preceptividad vencida para los nuevos puestos de trabajo en el momento de su incorporaci\u00f3n.&nbsp;<\/li>\n<\/ul>\n\n\n\n<p>LAB va a activar a las trabajadoras y trabajadores y centros de trabajo. Es el momento de hacer cambios legales. Las garant\u00edas legales a favor de la euskaldunizaci\u00f3n de la administraci\u00f3n p\u00fablica exigen una movilizaci\u00f3n social y la activaci\u00f3n de las y los trabajadores vascos. La propuesta que ha presentado el PNV en el parlamento no sacar\u00e1 al euskera de esta asfixia, y se necesitan garant\u00edas jur\u00eddicas: el euskera necesita los mismos derechos y garant\u00edas que el castellano. En esta direcci\u00f3n, LAB pide al PNV que tenga valent\u00eda y se sume a la propuesta de EH Bildu de modificar la Ley de Empleo P\u00fablico.<\/p>\n\n\n\n<p>Ante los partidos y sindicatos euskar\u00f3fobos, es hora de defender con firmeza el derecho a trabajar y recibir atenci\u00f3n en euskera. LAB, que se ha movilizado hoy en Gasteiz y ayer en Iru\u00f1ea, cree que es hora de intensificar las movilizaciones. En ese sentido, LAB tambi\u00e9n anima a acudir al acto nacional que Euskalgintzaren Kontseilua celebrar\u00e1 el pr\u00f3ximo 27 de diciembre en Miribilla, en Bilbo.&nbsp;<\/p>\n\n\n\n<figure class=\"wp-block-embed is-type-video is-provider-youtube wp-block-embed-youtube wp-embed-aspect-16-9 wp-has-aspect-ratio\"><div class=\"wp-block-embed__wrapper\">\n<div class=\"youtube-embed\" data-video_id=\"ltRMgAXzRj4\"><iframe loading=\"lazy\" title=\"Zerbitzu publikoetan euskaraz lan egin eta artatuak izateko berme legalak exijitu ditugu\" width=\"696\" height=\"392\" src=\"https:\/\/www.youtube.com\/embed\/ltRMgAXzRj4?feature=oembed&#038;enablejsapi=1\" frameborder=\"0\" allow=\"accelerometer; autoplay; clipboard-write; encrypted-media; gyroscope; picture-in-picture; web-share\" referrerpolicy=\"strict-origin-when-cross-origin\" allowfullscreen><\/iframe><\/div>\n<\/div><\/figure>\n","protected":false},"excerpt":{"rendered":"<p>Ante los partidos y sindicatos euskar\u00e1fobos, es hora de defender con firmeza el derecho a trabajar y recibir atenci\u00f3n en euskera. Por ello, LAB reivindica que el euskera tenga en la administraci\u00f3n p\u00fablica los mismos derechos que el castellano. Asimismo, ha pedido al PNV que tenga valent\u00eda y apoye la propuesta de EH Bildu de [&hellip;]<\/p>\n","protected":false},"author":1191,"featured_media":86832,"comment_status":"closed","ping_status":"closed","sticky":false,"template":"","format":"standard","meta":{"_monsterinsights_skip_tracking":false,"_monsterinsights_sitenote_active":false,"_monsterinsights_sitenote_note":"","_monsterinsights_sitenote_category":0,"footnotes":"","_links_to":"","_links_to_target":""},"categories":[18,3280,6],"tags":[3033,3178,3171],"class_list":{"0":"post-86819","1":"post","2":"type-post","3":"status-publish","4":"format-standard","5":"has-post-thumbnail","7":"category-es-accion-sindical","8":"category-secretaria-de-euskara","9":"category-es-servicios-publicos","10":"tag-accion-sindical-es","11":"tag-destacado-1","12":"tag-servicios-publicos-es"},"_links":{"self":[{"href":"https:\/\/www.lab.eus\/es\/wp-json\/wp\/v2\/posts\/86819","targetHints":{"allow":["GET"]}}],"collection":[{"href":"https:\/\/www.lab.eus\/es\/wp-json\/wp\/v2\/posts"}],"about":[{"href":"https:\/\/www.lab.eus\/es\/wp-json\/wp\/v2\/types\/post"}],"author":[{"embeddable":true,"href":"https:\/\/www.lab.eus\/es\/wp-json\/wp\/v2\/users\/1191"}],"replies":[{"embeddable":true,"href":"https:\/\/www.lab.eus\/es\/wp-json\/wp\/v2\/comments?post=86819"}],"version-history":[{"count":2,"href":"https:\/\/www.lab.eus\/es\/wp-json\/wp\/v2\/posts\/86819\/revisions"}],"predecessor-version":[{"id":86838,"href":"https:\/\/www.lab.eus\/es\/wp-json\/wp\/v2\/posts\/86819\/revisions\/86838"}],"wp:featuredmedia":[{"embeddable":true,"href":"https:\/\/www.lab.eus\/es\/wp-json\/wp\/v2\/media\/86832"}],"wp:attachment":[{"href":"https:\/\/www.lab.eus\/es\/wp-json\/wp\/v2\/media?parent=86819"}],"wp:term":[{"taxonomy":"category","embeddable":true,"href":"https:\/\/www.lab.eus\/es\/wp-json\/wp\/v2\/categories?post=86819"},{"taxonomy":"post_tag","embeddable":true,"href":"https:\/\/www.lab.eus\/es\/wp-json\/wp\/v2\/tags?post=86819"}],"curies":[{"name":"wp","href":"https:\/\/api.w.org\/{rel}","templated":true}]}}