{"id":86635,"date":"2025-12-16T13:35:09","date_gmt":"2025-12-16T13:35:09","guid":{"rendered":"https:\/\/www.lab.eus\/?p=86635"},"modified":"2025-12-16T13:35:12","modified_gmt":"2025-12-16T13:35:12","slug":"vamos-a-construir-la-donostia-de-las-y-los-trabajadores","status":"publish","type":"post","link":"https:\/\/www.lab.eus\/es\/vamos-a-construir-la-donostia-de-las-y-los-trabajadores\/","title":{"rendered":"\u00a1Vamos a construir la Donostia de las y los trabajadores!"},"content":{"rendered":"\n<p>Las condiciones de trabajo y de vida de la mayor\u00eda de las donostiarras est\u00e1n empeorando constantemente y es la palabra construir la que m\u00e1s escuchamos en nuestra ciudad. La ciudad que est\u00e1n construyendo, precisamente, es aquella ciudad de postal basada en el turismo, anteponiendo los intereses de unos pocos a las necesidades de la ciudadan\u00eda.<\/p>\n\n\n\n<p>La falta de reparto del trabajo de cuidados, la precariedad permanente, la negaci\u00f3n del salario m\u00ednimo propio, la vulneraci\u00f3n del derecho a una vivienda digna, la privatizaci\u00f3n de los servicios p\u00fablicos, el encarecimiento de la vida y, en general, la discriminaci\u00f3n y opresi\u00f3n que sufrimos diferentes sectores de la clase trabajadora se han convertido en el pan nuestro de cada d\u00eda.<\/p>\n\n\n\n<p>Ante el constante ataque del capital, las trabajadoras donostiarras tenemos claro que es el momento de ser due\u00f1as de nosotras mismas, organizarnos por el derecho a una vida que merezca la pena ser vivida y pasar a la ofensiva.<\/p>\n\n\n\n<p><strong>\u00a1ATENTAS A LAS CONVOCATORIAS!<\/strong><\/p>\n\n\n\n<figure class=\"wp-block-embed is-type-video is-provider-youtube wp-block-embed-youtube wp-embed-aspect-16-9 wp-has-aspect-ratio\"><div class=\"wp-block-embed__wrapper\">\n<div class=\"youtube-embed\" data-video_id=\"0zTqpGbT8A0\"><iframe loading=\"lazy\" title=\"LANGILEON DONOSTIA ERAIKITZERA GOAZ!\" width=\"696\" height=\"392\" src=\"https:\/\/www.youtube.com\/embed\/0zTqpGbT8A0?feature=oembed&#038;enablejsapi=1\" frameborder=\"0\" allow=\"accelerometer; autoplay; clipboard-write; encrypted-media; gyroscope; picture-in-picture; web-share\" referrerpolicy=\"strict-origin-when-cross-origin\" allowfullscreen><\/iframe><\/div>\n<\/div><\/figure>\n","protected":false},"excerpt":{"rendered":"<p>Las condiciones de trabajo y de vida de la mayor\u00eda de las donostiarras est\u00e1n empeorando constantemente y es la palabra construir la que m\u00e1s escuchamos en nuestra ciudad. La ciudad que est\u00e1n construyendo, precisamente, es aquella ciudad de postal basada en el turismo, anteponiendo los intereses de unos pocos a las necesidades de la ciudadan\u00eda.<\/p>\n","protected":false},"author":1192,"featured_media":86633,"comment_status":"closed","ping_status":"closed","sticky":false,"template":"","format":"standard","meta":{"_monsterinsights_skip_tracking":false,"_monsterinsights_sitenote_active":false,"_monsterinsights_sitenote_note":"","_monsterinsights_sitenote_category":0,"footnotes":"","_links_to":"","_links_to_target":""},"categories":[2994],"tags":[3182,3364],"class_list":{"0":"post-86635","1":"post","2":"type-post","3":"status-publish","4":"format-standard","5":"has-post-thumbnail","7":"category-accion-social","8":"tag-accion-social-es","9":"tag-donostia-es"},"_links":{"self":[{"href":"https:\/\/www.lab.eus\/es\/wp-json\/wp\/v2\/posts\/86635","targetHints":{"allow":["GET"]}}],"collection":[{"href":"https:\/\/www.lab.eus\/es\/wp-json\/wp\/v2\/posts"}],"about":[{"href":"https:\/\/www.lab.eus\/es\/wp-json\/wp\/v2\/types\/post"}],"author":[{"embeddable":true,"href":"https:\/\/www.lab.eus\/es\/wp-json\/wp\/v2\/users\/1192"}],"replies":[{"embeddable":true,"href":"https:\/\/www.lab.eus\/es\/wp-json\/wp\/v2\/comments?post=86635"}],"version-history":[{"count":1,"href":"https:\/\/www.lab.eus\/es\/wp-json\/wp\/v2\/posts\/86635\/revisions"}],"predecessor-version":[{"id":86659,"href":"https:\/\/www.lab.eus\/es\/wp-json\/wp\/v2\/posts\/86635\/revisions\/86659"}],"wp:featuredmedia":[{"embeddable":true,"href":"https:\/\/www.lab.eus\/es\/wp-json\/wp\/v2\/media\/86633"}],"wp:attachment":[{"href":"https:\/\/www.lab.eus\/es\/wp-json\/wp\/v2\/media?parent=86635"}],"wp:term":[{"taxonomy":"category","embeddable":true,"href":"https:\/\/www.lab.eus\/es\/wp-json\/wp\/v2\/categories?post=86635"},{"taxonomy":"post_tag","embeddable":true,"href":"https:\/\/www.lab.eus\/es\/wp-json\/wp\/v2\/tags?post=86635"}],"curies":[{"name":"wp","href":"https:\/\/api.w.org\/{rel}","templated":true}]}}