{"id":86582,"date":"2025-12-16T09:19:57","date_gmt":"2025-12-16T09:19:57","guid":{"rendered":"https:\/\/www.lab.eus\/?p=86582"},"modified":"2025-12-16T09:20:01","modified_gmt":"2025-12-16T09:20:01","slug":"el-comite-de-empresa-de-la-clinica-asuncion-comparecio-ayer-en-el-parlamento-vasco","status":"publish","type":"post","link":"https:\/\/www.lab.eus\/es\/el-comite-de-empresa-de-la-clinica-asuncion-comparecio-ayer-en-el-parlamento-vasco\/","title":{"rendered":"El comit\u00e9 de empresa de la Cl\u00ednica Asuncion compareci\u00f3 ayer en el Parlamento Vasco"},"content":{"rendered":"\n<p><strong>Despu\u00e9s de que haya pasado un a\u00f1o desde la \u00faltima vez que estuvimos en el Parlamento, nos encontramos aqu\u00ed otra vez, en nombre de los trabajadores de la Cl\u00ednica de la Asunci\u00f3n, porque desde aquel entonces a hoy la situaci\u00f3n no ha cambiado y porque todav\u00eda no tenemos ninguna certeza sobre nuestro futuro. Y por lo tanto, las reivindicaciones que hac\u00edamos como trabajadoras de la Cl\u00ednica Asunci\u00f3n y como ciudadanas de Tolosaldea persisten.<\/strong><\/p>\n\n\n\n<p>Como hemos afirmado, somos miembros del Comit\u00e9 de las trabajadoras de la Cl\u00ednica de la Asunci\u00f3n, representando a 370 trabajadoras, y apoyadas por los sindicatos LAB y ELA.<\/p>\n\n\n\n<p>Entrando en materia, queremos recalcar que Tolosaldea es la \u00fanica comarca de Gipuzkoa que NO tiene un hospital comarcal de referencia de titularidad p\u00fablica. Ese es el punto de partida.<\/p>\n\n\n\n<p>Once a\u00f1os, veintid\u00f3s promesas, otros tantos acontecimientos, pero todav\u00eda a d\u00eda de hoy estamos en las mismas. Llevamos a\u00f1os ligados a la incertidumbre. Y estamos hartos\/as.<\/p>\n\n\n\n<p>El an\u00e1lisis de la situaci\u00f3n actual nos lleva a la conclusi\u00f3n de que NO EST\u00c1 GARANTIZADA NINGUNA REIVINDICACI\u00d3N PUESTA SOBRE LA MESA POR LAS TRABAJADORAS DESDE HACE MUCHO TIEMPO.<br>No tenemos un plan funcional, no sabemos qu\u00e9 va a pasar con las actuales instalaciones de la Cl\u00ednica de la Asunci\u00f3n, tampoco sabemos qu\u00e9 servicios va a tener el nuevo hospital que se va a construir, no tenemos garant\u00edas de que las trabajadoras sigamos trabajando en el nuevo hospital, no tenemos noticias del convenio entre el Departamento de Salud y la empresa, el convenio de empresa que regula nuestras condiciones laborales est\u00e1 totalmente bloqueado porque la empresa no pone contenido encima de la mesa\u2026 No se aprecia luz en toda esta oscuridad.<\/p>\n\n\n\n<p>Tambi\u00e9n quisi\u00e9ramos explicar la situaci\u00f3n de la negociaci\u00f3n del convenio que regula nuestras condiciones laborales. En diciembre de 2024 finaliz\u00f3 su vigencia y en abril de 2025 comenzamos a negociar; tras tres reuniones, la mesa est\u00e1 totalmente bloqueada. En 2024 y 2025 las personas trabajadoras hemos perdido poder adquisitivo, con toda la carga que ello supone sobre nuestras espaldas. Mientras tanto, la empresa, situada en una situaci\u00f3n de monopolio, parece que est\u00e1 cerrando su convenio con el Departamento.<\/p>\n\n\n\n<p>Parece ser que la Cl\u00ednica de la Asunci\u00f3n est\u00e1 a punto de firmar un convenio con el Departamento de Sanidad. Ha llegado a nuestros o\u00eddos que la vigencia de dicho convenio ser\u00e1 de tres a\u00f1os, m\u00e1s dos a\u00f1os de pr\u00f3rroga. Parece que esa es la extensi\u00f3n que se da a la Cl\u00ednica de la Asunci\u00f3n hasta que se construya el nuevo hospital del que tanto hemos o\u00eddo hablar. Lo que pasar\u00e1 despu\u00e9s nadie lo sabe. O no nos lo quieren decir.<\/p>\n\n\n\n<p>Como se ha comentado, seguimos sin contar con el Plan Funcional del hipot\u00e9tico nuevo hospital. Aunque parezca repetitivo, no son m\u00e1s que palabras las que hemos escuchado hasta ahora y tanto la sanidad de Tolosaldea como nuestro futuro est\u00e1n en el aire. Por lo tanto, a falta de detalles y hechos de lo que pretenden hacer para Tolosaldea, no tenemos ninguna garant\u00eda de que sea p\u00fablico al 100%, ni de que sea un hospital comarcal con todos los servicios que reivindicamos, entre otras cosas porque tiene el aspecto de un ambulatorio de alta definici\u00f3n colgado de la OSI Donostialdea, ni tampoco de que los trabajadores sean subrogados.<\/p>\n\n\n\n<p>Tras varias peticiones de reuni\u00f3n al Consejero de Salud, en octubre de 2025, Alberto Mart\u00ednez realiz\u00f3 una gira programada a Tolosa, con el que tuvimos la oportunidad de reunirnos.<\/p>\n\n\n\n<p>La informaci\u00f3n que recibimos en esa reuni\u00f3n no fue mucha. Dicen que quieren llevar el tema con discreci\u00f3n, que as\u00ed se gestionan estos temas. Pero nosotros vemos m\u00e1s opacidad que discreci\u00f3n. Y nos viene a la cabeza una serie de preguntas sobre las que no hemos recibido respuesta y\/o tenemos serias dudas:<\/p>\n\n\n\n<ul class=\"wp-block-list\">\n<li>\u00bfPor qu\u00e9 no se puede trabajar la subrogaci\u00f3n de los trabajadores como ha ocurrido con el Oncol\u00f3gico?<\/li>\n\n\n\n<li>\u00bfPor qu\u00e9 no se puede publificar la actual Cl\u00ednica de la Asunci\u00f3n, como se hizo con el Oncol\u00f3gico?<\/li>\n\n\n\n<li>\u00bfQu\u00e9 pasar\u00e1 con las instalaciones de la actual cl\u00ednica tras haber invertido tanto dinero p\u00fablico?<\/li>\n\n\n\n<li>\u00bfEl posible nuevo hospital estar\u00e1 ubicado dentro de la OSI Donostialdea? \u00bfQu\u00e9 pasar\u00e1 con la OSI Tolosaldea?<\/li>\n\n\n\n<li>\u00bfQu\u00e9 servicios ofrecer\u00e1?<\/li>\n\n\n\n<li>\u00bfCu\u00e1ntas camas tendr\u00e1: 120, 90, 70, 60?<\/li>\n\n\n\n<li>\u00bfCu\u00e1ntos quir\u00f3fanos: 4, 1, 3, 5?<\/li>\n\n\n\n<li>\u00bfTendr\u00e1 servicio de urgencias?<\/li>\n\n\n\n<li>\u00bfCu\u00e1ntos trabajadores se necesitar\u00e1n all\u00ed?<\/li>\n<\/ul>\n\n\n\n<h6 class=\"wp-block-heading\"><strong>\u00bfEN QU\u00c9 QUEDA LA SANIDAD DE TOLOSALDEA DE MA\u00d1ANA QUE PEDIMOS TRABAJADORES Y CIUDADANOS?<\/strong><\/h6>\n\n\n\n<p>Teniendo en cuenta las declaraciones que ha hecho el Consejero de Salud, tanto al Comit\u00e9 de Empresa como en las diversas noticias que ha hecho p\u00fablicas, ha asegurado que los 370 trabajadores que actualmente trabajan en Asunci\u00f3n no tienen garantizada su continuidad. Debemos tener en cuenta que muchos de estos trabajadores se han dedicado durante a\u00f1os a dar un servicio p\u00fablico a los ciudadanos de la comarca, estando privatizados y en situaciones precarias.<\/p>\n\n\n\n<p>La posible propuesta que ellos, verbalmente, han puesto encima de la mesa ofrece una soluci\u00f3n parcial y limitada en el tiempo, y no la damos por buena.<\/p>\n\n\n\n<p>Hace pocos meses las trabajadoras del Oncol\u00f3gico de Donostia han sido subrogadas y hoy en d\u00eda son trabajadoras de Osakidetza. Por tanto, pedimos que se d\u00e9 marcha atr\u00e1s y que se tome el camino que se ha seguido en el Oncol\u00f3gico.<\/p>\n\n\n\n<p>En los \u00faltimos a\u00f1os hemos realizado numerosas movilizaciones a favor de una sanidad p\u00fablica y de calidad en Tolosaldea, as\u00ed como para pedir un hospital p\u00fablico con unas condiciones concretas. La \u00faltima, el 22 de noviembre, cientos de trabajadores y ciudadanos realizamos una manifestaci\u00f3n por las calles de Tolosa, convocada por LAB y ELA, y creemos que es el momento de recordar las siguientes reivindicaciones fundamentales:<\/p>\n\n\n\n<h6 class=\"wp-block-heading\"><strong>SANIDAD DE TOLOSALDEA<\/strong><\/h6>\n\n\n\n<ul class=\"wp-block-list\">\n<li>Que queremos que sea 100% p\u00fablica.<\/li>\n\n\n\n<li>Que necesitamos un hospital comarcal que ofrezca todos los servicios.<\/li>\n\n\n\n<li>Que exigimos garant\u00eda de subrogaci\u00f3n del personal de la Cl\u00ednica de la Asunci\u00f3n.<\/li>\n<\/ul>\n\n\n\n<p>Confiando en que nuestras reivindicaciones sean tenidas en cuenta, muchas gracias.<\/p>\n\n\n\n<p><strong>COMIT\u00c9 DE EMPRESA DE LA CL\u00cdNICA ASUNCI\u00d3N \u2013 LAB \u2013 ELA<\/strong><\/p>\n","protected":false},"excerpt":{"rendered":"<p>Despu\u00e9s de que haya pasado un a\u00f1o desde la \u00faltima vez que estuvimos en el Parlamento, nos encontramos aqu\u00ed otra vez, en nombre de los trabajadores de la Cl\u00ednica de la Asunci\u00f3n, porque desde aquel entonces a hoy la situaci\u00f3n no ha cambiado y porque todav\u00eda no tenemos ninguna certeza sobre nuestro futuro. Y por [&hellip;]<\/p>\n","protected":false},"author":1191,"featured_media":86580,"comment_status":"closed","ping_status":"closed","sticky":false,"template":"","format":"standard","meta":{"_monsterinsights_skip_tracking":false,"_monsterinsights_sitenote_active":false,"_monsterinsights_sitenote_note":"","_monsterinsights_sitenote_category":0,"footnotes":"","_links_to":"","_links_to_target":""},"categories":[18],"tags":[3033,3178],"class_list":{"0":"post-86582","1":"post","2":"type-post","3":"status-publish","4":"format-standard","5":"has-post-thumbnail","7":"category-es-accion-sindical","8":"tag-accion-sindical-es","9":"tag-destacado-1"},"_links":{"self":[{"href":"https:\/\/www.lab.eus\/es\/wp-json\/wp\/v2\/posts\/86582","targetHints":{"allow":["GET"]}}],"collection":[{"href":"https:\/\/www.lab.eus\/es\/wp-json\/wp\/v2\/posts"}],"about":[{"href":"https:\/\/www.lab.eus\/es\/wp-json\/wp\/v2\/types\/post"}],"author":[{"embeddable":true,"href":"https:\/\/www.lab.eus\/es\/wp-json\/wp\/v2\/users\/1191"}],"replies":[{"embeddable":true,"href":"https:\/\/www.lab.eus\/es\/wp-json\/wp\/v2\/comments?post=86582"}],"version-history":[{"count":1,"href":"https:\/\/www.lab.eus\/es\/wp-json\/wp\/v2\/posts\/86582\/revisions"}],"predecessor-version":[{"id":86583,"href":"https:\/\/www.lab.eus\/es\/wp-json\/wp\/v2\/posts\/86582\/revisions\/86583"}],"wp:featuredmedia":[{"embeddable":true,"href":"https:\/\/www.lab.eus\/es\/wp-json\/wp\/v2\/media\/86580"}],"wp:attachment":[{"href":"https:\/\/www.lab.eus\/es\/wp-json\/wp\/v2\/media?parent=86582"}],"wp:term":[{"taxonomy":"category","embeddable":true,"href":"https:\/\/www.lab.eus\/es\/wp-json\/wp\/v2\/categories?post=86582"},{"taxonomy":"post_tag","embeddable":true,"href":"https:\/\/www.lab.eus\/es\/wp-json\/wp\/v2\/tags?post=86582"}],"curies":[{"name":"wp","href":"https:\/\/api.w.org\/{rel}","templated":true}]}}