{"id":86538,"date":"2025-12-12T14:08:01","date_gmt":"2025-12-12T14:08:01","guid":{"rendered":"https:\/\/www.lab.eus\/?p=86538"},"modified":"2025-12-12T14:08:04","modified_gmt":"2025-12-12T14:08:04","slug":"lab-exigira-los-contenidos-que-faltan-de-la-propuesta-del-convenio-de-residencias-de-mayores-de-araba-en-la-mesa-negociadora-del-martes","status":"publish","type":"post","link":"https:\/\/www.lab.eus\/es\/lab-exigira-los-contenidos-que-faltan-de-la-propuesta-del-convenio-de-residencias-de-mayores-de-araba-en-la-mesa-negociadora-del-martes\/","title":{"rendered":"LAB exigir\u00e0 los contenidos que faltan de la propuesta del convenio de residencias de mayores de Araba en la mesa negociadora del martes"},"content":{"rendered":"\n<p>Valoramos positivamente las mejoras obtenidas en la propuesta del primer convenio de residencias y viviendas comunitarias de Araba, ya que recoge las reivindicaciones por las que el sindicato ha luchado los \u00faltimos seis a\u00f1os. Sin embargo, queremos denunciar la falta de unos contenidos concretos que vamos a proponer en la mesa negociadora del martes. <\/p>\n\n\n\n<p>A trav\u00e9s de esta lucha ejemplar, las trabajadoras del sector han conseguido obligar a la patronal a aceptar las mejoras recogidos en la propuesta. Por eso pelearemos en la mesa negociadora del martes, contenidos que nos generan dudas en la propuesta para poder dar el cierre que se merece a esta lucha. De hecho, la propuesta de acuerdo incluye una cl\u00e1usula cuestionable, que no garantiza el mantenimiento de las mejoras obetenidas en las empresas hasta ahora y que deja en entredicho algunas garant\u00edas laborales, por lo que en la mesa negociadora del 16 de diciembre LAB llevar\u00e1 una propuesta de revisi\u00f3n de esta cl\u00e1usula. <\/p>\n\n\n\n<p>Por \u00faltimo, queremos felicitar de nuevo a las trabajadoras del sector, ya que gracias a vuestra lucha hemos conseguido esta propuesta. Nos falta la recta final, la lucha llevada a cabo por el sector y las trabajadoras merece la pena, por eso, hasta el \u00faltimo momento LAB va a pelear esta cl\u00e1usula en la mesa negociadora.<\/p>\n","protected":false},"excerpt":{"rendered":"<p>Valoramos positivamente las mejoras obtenidas en la propuesta del primer convenio de residencias y viviendas comunitarias de Araba, ya que recoge las reivindicaciones por las que el sindicato ha luchado los \u00faltimos seis a\u00f1os. Sin embargo, queremos denunciar la falta de unos contenidos concretos que vamos a proponer en la mesa negociadora del martes. A [&hellip;]<\/p>\n","protected":false},"author":1191,"featured_media":86388,"comment_status":"closed","ping_status":"closed","sticky":false,"template":"","format":"standard","meta":{"_monsterinsights_skip_tracking":false,"_monsterinsights_sitenote_active":false,"_monsterinsights_sitenote_note":"","_monsterinsights_sitenote_category":0,"footnotes":"","_links_to":"","_links_to_target":""},"categories":[18],"tags":[3033,3178],"class_list":{"0":"post-86538","1":"post","2":"type-post","3":"status-publish","4":"format-standard","5":"has-post-thumbnail","7":"category-es-accion-sindical","8":"tag-accion-sindical-es","9":"tag-destacado-1"},"_links":{"self":[{"href":"https:\/\/www.lab.eus\/es\/wp-json\/wp\/v2\/posts\/86538","targetHints":{"allow":["GET"]}}],"collection":[{"href":"https:\/\/www.lab.eus\/es\/wp-json\/wp\/v2\/posts"}],"about":[{"href":"https:\/\/www.lab.eus\/es\/wp-json\/wp\/v2\/types\/post"}],"author":[{"embeddable":true,"href":"https:\/\/www.lab.eus\/es\/wp-json\/wp\/v2\/users\/1191"}],"replies":[{"embeddable":true,"href":"https:\/\/www.lab.eus\/es\/wp-json\/wp\/v2\/comments?post=86538"}],"version-history":[{"count":1,"href":"https:\/\/www.lab.eus\/es\/wp-json\/wp\/v2\/posts\/86538\/revisions"}],"predecessor-version":[{"id":86539,"href":"https:\/\/www.lab.eus\/es\/wp-json\/wp\/v2\/posts\/86538\/revisions\/86539"}],"wp:featuredmedia":[{"embeddable":true,"href":"https:\/\/www.lab.eus\/es\/wp-json\/wp\/v2\/media\/86388"}],"wp:attachment":[{"href":"https:\/\/www.lab.eus\/es\/wp-json\/wp\/v2\/media?parent=86538"}],"wp:term":[{"taxonomy":"category","embeddable":true,"href":"https:\/\/www.lab.eus\/es\/wp-json\/wp\/v2\/categories?post=86538"},{"taxonomy":"post_tag","embeddable":true,"href":"https:\/\/www.lab.eus\/es\/wp-json\/wp\/v2\/tags?post=86538"}],"curies":[{"name":"wp","href":"https:\/\/api.w.org\/{rel}","templated":true}]}}