{"id":86532,"date":"2025-12-12T09:06:30","date_gmt":"2025-12-12T09:06:30","guid":{"rendered":"https:\/\/www.lab.eus\/?p=86532"},"modified":"2025-12-12T09:08:09","modified_gmt":"2025-12-12T09:08:09","slug":"el-sindicato-lab-ante-la-propuesta-recibida-para-el-convenio-de-residencias-de-mayores-de-alava-ha-convocado-una-asamblea-de-delegadas-para-tomar-conjuntamente-una-posicion","status":"publish","type":"post","link":"https:\/\/www.lab.eus\/es\/el-sindicato-lab-ante-la-propuesta-recibida-para-el-convenio-de-residencias-de-mayores-de-alava-ha-convocado-una-asamblea-de-delegadas-para-tomar-conjuntamente-una-posicion\/","title":{"rendered":"Ante la propuesta recibida para el convenio de residencias de mayores de \u00c1lava, LAB ha convocado una asamblea de delegadas para tomar una posici\u00f3n"},"content":{"rendered":"\n<p><strong>Tras 6 a\u00f1os de lucha y 60 d\u00edas de huelga, el sindicato debe hacer una valoraci\u00f3n adecuada de la propuesta que ha remitido la patronal.<\/strong><\/p>\n\n\n\n<p>El sindicato LAB ha estado en los \u00faltimos 6 a\u00f1os peleando en la calle y en los centros de trabajo con las trabajadoras del sector, ha sido una lucha larga y dura, y por eso ante esta nueva propuesta que hemos recibido, vamos a celebrar una asamblea con nuestras base militante. De hecho, LAB ha defendido reivindicaciones tanto en la mesa negociadora como en la calle, y ha sido un agente fundamental para llevar adelante esta lucha. Por eso, el sindicato debe garantizar un cierre a la altura de la lucha que las trabajadoras han llevado adelante, y valorar si esta propuesta es suficiente.<\/p>\n\n\n\n<p>LAB quiere recordar que esta propuesta es fruto de una lucha ejemplar de las trabajadoras del sector, por lo que esta victoria es suya. Nos ha sorprendido que un sindicato anuncie ya el acuerdo sin respetar la unidad con trabajadoras y con LAB, base fundamental con la que se ha desarrollado esta lucha.<\/p>\n\n\n\n<p>Tras analizar la propuesta con nuestra militancia y trabajadoras, LAB anunciar\u00e1 a lo largo de la ma\u00f1ana su posici\u00f3n al respecto.&nbsp;<\/p>\n","protected":false},"excerpt":{"rendered":"<p>Tras 6 a\u00f1os de lucha y 60 d\u00edas de huelga, el sindicato debe hacer una valoraci\u00f3n adecuada de la propuesta que ha remitido la patronal. El sindicato LAB ha estado en los \u00faltimos 6 a\u00f1os peleando en la calle y en los centros de trabajo con las trabajadoras del sector, ha sido una lucha larga [&hellip;]<\/p>\n","protected":false},"author":1191,"featured_media":86292,"comment_status":"closed","ping_status":"closed","sticky":false,"template":"","format":"standard","meta":{"_monsterinsights_skip_tracking":false,"_monsterinsights_sitenote_active":false,"_monsterinsights_sitenote_note":"","_monsterinsights_sitenote_category":0,"footnotes":"","_links_to":"","_links_to_target":""},"categories":[18],"tags":[3033,3178],"class_list":{"0":"post-86532","1":"post","2":"type-post","3":"status-publish","4":"format-standard","5":"has-post-thumbnail","7":"category-es-accion-sindical","8":"tag-accion-sindical-es","9":"tag-destacado-1"},"_links":{"self":[{"href":"https:\/\/www.lab.eus\/es\/wp-json\/wp\/v2\/posts\/86532","targetHints":{"allow":["GET"]}}],"collection":[{"href":"https:\/\/www.lab.eus\/es\/wp-json\/wp\/v2\/posts"}],"about":[{"href":"https:\/\/www.lab.eus\/es\/wp-json\/wp\/v2\/types\/post"}],"author":[{"embeddable":true,"href":"https:\/\/www.lab.eus\/es\/wp-json\/wp\/v2\/users\/1191"}],"replies":[{"embeddable":true,"href":"https:\/\/www.lab.eus\/es\/wp-json\/wp\/v2\/comments?post=86532"}],"version-history":[{"count":3,"href":"https:\/\/www.lab.eus\/es\/wp-json\/wp\/v2\/posts\/86532\/revisions"}],"predecessor-version":[{"id":86535,"href":"https:\/\/www.lab.eus\/es\/wp-json\/wp\/v2\/posts\/86532\/revisions\/86535"}],"wp:featuredmedia":[{"embeddable":true,"href":"https:\/\/www.lab.eus\/es\/wp-json\/wp\/v2\/media\/86292"}],"wp:attachment":[{"href":"https:\/\/www.lab.eus\/es\/wp-json\/wp\/v2\/media?parent=86532"}],"wp:term":[{"taxonomy":"category","embeddable":true,"href":"https:\/\/www.lab.eus\/es\/wp-json\/wp\/v2\/categories?post=86532"},{"taxonomy":"post_tag","embeddable":true,"href":"https:\/\/www.lab.eus\/es\/wp-json\/wp\/v2\/tags?post=86532"}],"curies":[{"name":"wp","href":"https:\/\/api.w.org\/{rel}","templated":true}]}}