{"id":86520,"date":"2025-12-11T14:36:08","date_gmt":"2025-12-11T14:36:08","guid":{"rendered":"https:\/\/www.lab.eus\/?p=86520"},"modified":"2025-12-11T14:36:11","modified_gmt":"2025-12-11T14:36:11","slug":"ya-es-hora-de-que-el-euskera-sea-lengua-oficial-en-toda-navarra","status":"publish","type":"post","link":"https:\/\/www.lab.eus\/es\/ya-es-hora-de-que-el-euskera-sea-lengua-oficial-en-toda-navarra\/","title":{"rendered":"Ya es hora de que el euskera sea lengua oficial en toda Navarra"},"content":{"rendered":"\n<p><strong>Despu\u00e9s de 39 a\u00f1os es el momento de superar la zonificaci\u00f3n y reconocer la oficialidad del euskera en toda Navarra. LAB se suma a la concentraci\u00f3n que con esta reivindicaci\u00f3n ha convocado Euskalgintzaren Kontseilua para el 15 de diciembre frente al Parlamento de Navarra.<\/strong><\/p>\n\n\n\n<p>Han pasado casi cuatro d\u00e9cadas desde que en 1986 se estableciera la zonificaci\u00f3n del euskera y de los derechos ling\u00fc\u00edsticos de los y las euskaldunes a trav\u00e9s de la Ley del Vascuence. Cuatro d\u00e9cadas en las que por ley se ha establecido e institucionalizado la vulneraci\u00f3n de los derechos de los ciudadanos. As\u00ed, las principales instituciones navarras, empezando por el Gobierno de Navarra, han fragmentado los derechos ling\u00fc\u00edsticos de los navarros y las navarras en \u00e1mbitos geogr\u00e1ficos arbitrarios y han obstaculizado al m\u00e1ximo la recuperaci\u00f3n del euskera en Navarra. Esto ha supuesto la divisi\u00f3n, la desigualdad y la vulneraci\u00f3n de la cohesi\u00f3n social de la ciudadan\u00eda Navarra. Asimismo, ha dificultado dar nuevos pasos para la normalizaci\u00f3n del euskera en la administraci\u00f3n, la educaci\u00f3n o el mundo laboral.<\/p>\n\n\n\n<p>LAB considera que es el momento de elaborar una nueva Ley del Euskera, reconocer el euskera como lengua oficial en toda Navarra y dar un impulso institucional y pol\u00edtico a la normalizaci\u00f3n del euskera. Por ello se suma a la concentraci\u00f3n que Euskalgintzaren Kontseilua ha convocado para el pr\u00f3ximo 15 de diciembre frente al Parlamento de Navarra.<\/p>\n","protected":false},"excerpt":{"rendered":"<p>Despu\u00e9s de 39 a\u00f1os es el momento de superar la zonificaci\u00f3n y reconocer la oficialidad del euskera en toda Navarra. LAB se suma a la concentraci\u00f3n que con esta reivindicaci\u00f3n ha convocado Euskalgintzaren Kontseilua para el 15 de diciembre frente al Parlamento de Navarra.<\/p>\n","protected":false},"author":1191,"featured_media":86516,"comment_status":"closed","ping_status":"closed","sticky":false,"template":"","format":"standard","meta":{"_monsterinsights_skip_tracking":false,"_monsterinsights_sitenote_active":false,"_monsterinsights_sitenote_note":"","_monsterinsights_sitenote_category":0,"footnotes":"","_links_to":"","_links_to_target":""},"categories":[3280,2973,3283],"tags":[3178],"class_list":{"0":"post-86520","1":"post","2":"type-post","3":"status-publish","4":"format-standard","5":"has-post-thumbnail","7":"category-secretaria-de-euskara","8":"category-secretarias","9":"category-sin-categorizar","10":"tag-destacado-1"},"_links":{"self":[{"href":"https:\/\/www.lab.eus\/es\/wp-json\/wp\/v2\/posts\/86520","targetHints":{"allow":["GET"]}}],"collection":[{"href":"https:\/\/www.lab.eus\/es\/wp-json\/wp\/v2\/posts"}],"about":[{"href":"https:\/\/www.lab.eus\/es\/wp-json\/wp\/v2\/types\/post"}],"author":[{"embeddable":true,"href":"https:\/\/www.lab.eus\/es\/wp-json\/wp\/v2\/users\/1191"}],"replies":[{"embeddable":true,"href":"https:\/\/www.lab.eus\/es\/wp-json\/wp\/v2\/comments?post=86520"}],"version-history":[{"count":1,"href":"https:\/\/www.lab.eus\/es\/wp-json\/wp\/v2\/posts\/86520\/revisions"}],"predecessor-version":[{"id":86521,"href":"https:\/\/www.lab.eus\/es\/wp-json\/wp\/v2\/posts\/86520\/revisions\/86521"}],"wp:featuredmedia":[{"embeddable":true,"href":"https:\/\/www.lab.eus\/es\/wp-json\/wp\/v2\/media\/86516"}],"wp:attachment":[{"href":"https:\/\/www.lab.eus\/es\/wp-json\/wp\/v2\/media?parent=86520"}],"wp:term":[{"taxonomy":"category","embeddable":true,"href":"https:\/\/www.lab.eus\/es\/wp-json\/wp\/v2\/categories?post=86520"},{"taxonomy":"post_tag","embeddable":true,"href":"https:\/\/www.lab.eus\/es\/wp-json\/wp\/v2\/tags?post=86520"}],"curies":[{"name":"wp","href":"https:\/\/api.w.org\/{rel}","templated":true}]}}